{"id":593978,"date":"2025-12-12T01:30:19","date_gmt":"2025-12-12T01:30:19","guid":{"rendered":"https:\/\/www.europesays.com\/fr\/593978\/"},"modified":"2025-12-12T01:30:19","modified_gmt":"2025-12-12T01:30:19","slug":"previsions-du-vendredi-12-decembre-2025-3","status":"publish","type":"post","link":"https:\/\/www.europesays.com\/fr\/593978\/","title":{"rendered":"pr\u00e9visions du vendredi 12 d\u00e9cembre 2025"},"content":{"rendered":"<p>\u00c0 Marseille, les valeurs afficheront entre 11\u00b0C et 15\u00b0C dans la journ\u00e9e. Le soleil sera au rendez-vous : une magnifique matin\u00e9e se pr\u00e9sente ! Les temp\u00e9ratures seront de 11\u00b0C au minimum et de 14\u00b0C au maximum. Une brise d&rsquo;est soufflera l\u00e9g\u00e8rement. Malheureusement, il va y avoir encore des nuages l&rsquo;apr\u00e8s-midi. Des pluies \u00e9parses vont tomber. Les valeurs s&rsquo;\u00e9chelonneront de 13 \u00e0 15\u00b0C. Le soir, le vent va progressivement chasser la grisaille. Un ciel d\u00e9pourvu de nuages est pr\u00e9vu dans la nuit reliant vendredi et samedi.<\/p>\n<p>Demain, les Marseillais vont pouvoir b\u00e9n\u00e9ficier d&rsquo;un soleil radieux. Les temp\u00e9ratures s&rsquo;\u00e9chelonneront entre 11 et 15\u00b0C. Un petit vent de nord-est sera ressenti par les habitants. Il fera environ 12\u00b0C, le matin. Les maximales iront jusqu&rsquo;\u00e0 15\u00b0C dans l&rsquo;apr\u00e8s-midi alors que les minimales seront de 13\u00b0C. Le ciel va quelque peu se d\u00e9gager dans la soir\u00e9e avec des \u00e9claircies. Les valeurs seront comprises entre 12 et 13\u00b0C.<\/p>\n<p>Les jours qui suivent s&rsquo;annoncent identiques. Des temp\u00e9ratures dans les 13\u00b0C accompagneront un ciel ensoleill\u00e9.<\/p>\n<p><\/p>\n","protected":false},"excerpt":{"rendered":"\u00c0 Marseille, les valeurs afficheront entre 11\u00b0C et 15\u00b0C dans la journ\u00e9e. Le soleil sera au rendez-vous :&hellip;\n","protected":false},"author":2,"featured_media":593979,"comment_status":"","ping_status":"","sticky":false,"template":"","format":"standard","meta":{"footnotes":""},"categories":[2814],"tags":[1111,11,1777,674,1011,27,884,12,2119,882,25],"class_list":{"0":"post-593978","1":"post","2":"type-post","3":"status-publish","4":"format-standard","5":"has-post-thumbnail","7":"category-marseille","8":"tag-actu","9":"tag-actualites","10":"tag-eu","11":"tag-europe","12":"tag-fr","13":"tag-france","14":"tag-marseille","15":"tag-news","16":"tag-previsions-meteo","17":"tag-provence-alpes-cote-dazur","18":"tag-republique-francaise"},"share_on_mastodon":{"url":"https:\/\/pubeurope.com\/@fr\/115704012639073972","error":""},"_links":{"self":[{"href":"https:\/\/www.europesays.com\/fr\/wp-json\/wp\/v2\/posts\/593978","targetHints":{"allow":["GET"]}}],"collection":[{"href":"https:\/\/www.europesays.com\/fr\/wp-json\/wp\/v2\/posts"}],"about":[{"href":"https:\/\/www.europesays.com\/fr\/wp-json\/wp\/v2\/types\/post"}],"author":[{"embeddable":true,"href":"https:\/\/www.europesays.com\/fr\/wp-json\/wp\/v2\/users\/2"}],"replies":[{"embeddable":true,"href":"https:\/\/www.europesays.com\/fr\/wp-json\/wp\/v2\/comments?post=593978"}],"version-history":[{"count":0,"href":"https:\/\/www.europesays.com\/fr\/wp-json\/wp\/v2\/posts\/593978\/revisions"}],"wp:featuredmedia":[{"embeddable":true,"href":"https:\/\/www.europesays.com\/fr\/wp-json\/wp\/v2\/media\/593979"}],"wp:attachment":[{"href":"https:\/\/www.europesays.com\/fr\/wp-json\/wp\/v2\/media?parent=593978"}],"wp:term":[{"taxonomy":"category","embeddable":true,"href":"https:\/\/www.europesays.com\/fr\/wp-json\/wp\/v2\/categories?post=593978"},{"taxonomy":"post_tag","embeddable":true,"href":"https:\/\/www.europesays.com\/fr\/wp-json\/wp\/v2\/tags?post=593978"}],"curies":[{"name":"wp","href":"https:\/\/api.w.org\/{rel}","templated":true}]}}