{"id":593980,"date":"2025-12-12T01:32:21","date_gmt":"2025-12-12T01:32:21","guid":{"rendered":"https:\/\/www.europesays.com\/fr\/593980\/"},"modified":"2025-12-12T01:32:21","modified_gmt":"2025-12-12T01:32:21","slug":"fcn-silkbiotic-quand-la-soie-tisse-sa-toile-grace-a-linnovation","status":"publish","type":"post","link":"https:\/\/www.europesays.com\/fr\/593980\/","title":{"rendered":"FCN \/ Silkbiotic : quand la soie tisse sa toile gr\u00e2ce \u00e0 l&rsquo;innovation"},"content":{"rendered":"<p>Dans la capitale embl\u00e9matique de la soie, l\u2019histoire se m\u00eale \u00e0 l\u2019innovation. Nous avons eu la chance d\u2019interroger des professionnels qui perp\u00e9tuent l\u2019h\u00e9ritage de la soie lyonnaise et assurent son avenir en innovant. L\u2019occasion pour nous d\u2019en apprendre plus sur les nouveaux usages de cette mati\u00e8re d\u2019origine animale, qui a rythm\u00e9 la vie de nombreux Lyonnais \u00e0 l\u2019\u00e9poque des canuts. Et qui constitue encore, une grande part de notre identit\u00e9\u2026. Un reportage de Louis Demeurs<\/p>\n<p>Dans le cadre du festival <strong><a href=\"https:\/\/www.silkinlyon.com\/\" target=\"_blank\" rel=\"noreferrer noopener\">Silk in Lyon<\/a><\/strong>, les h\u00e9ritiers des <strong>canuts<\/strong> et le public lyonnais se sont rencontr\u00e9s autour de la <strong>soie<\/strong>. La part belle \u00e9tait \u00e9videmment faite aux <strong>entreprises du textile<\/strong>. Parmi elles, <strong><a href=\"https:\/\/www.fcn-textiles.com\/\" target=\"_blank\" rel=\"noreferrer noopener\">FCN Textiles Fabricant Cr\u00e9ateur de Nouveaut\u00e9s<\/a><\/strong>, entreprise fond\u00e9e en 2010 alliant un <strong>savoir-faire ancestral<\/strong> avec des archives datant de 1835 et une <strong>modernit\u00e9<\/strong> \u00e9patante par leurs logiciels de cr\u00e9ation.<\/p>\n<p>Ecoutez aussi <\/p>\n<p><a href=\"https:\/\/www.lyondemain.fr\/musee-soieries-brochier-lyon-histoire-soie\/\" target=\"_blank\" rel=\"noreferrer noopener\">Brochier Soieries : \u00e0 Lyon, l\u2019histoire de la soie a son mus\u00e9e<\/a><\/p>\n<p><img fetchpriority=\"high\" decoding=\"async\" width=\"1200\" height=\"675\" src=\"https:\/\/www.europesays.com\/fr\/wp-content\/uploads\/2025\/12\/soie-lyonnaise.jpg\" alt=\"textile\" class=\"wp-image-252749\"  \/><\/p>\n<p>FCN : des m\u00e9tiers \u00e0 tisser centenaires associ\u00e9s \u00e0 des technologies modernes<\/p>\n<p>Nous avons pu nous entretenir avec <strong>Olivier Pelleray<\/strong>, directeur et propri\u00e9taire, qui nous a expliqu\u00e9 son lien fort avec l\u2019<strong>histoire de la soie lyonnaise<\/strong> : \u00ab Nous avons au sein de notre usine une <strong>ligne de production de m\u00e9tiers \u00e0 tisser centenaires<\/strong>. Probablement la plus belle ligne de <strong>m\u00e9tiers \u00e0 navettes<\/strong> qui existe encore en fabrication r\u00e9elle. Avec des m\u00e9tiers tr\u00e8s rares comme les <strong>m\u00e9tiers broch\u00e9s<\/strong> notamment qui sont totalement end\u00e9miques \u00e0 notre entreprise \u00bb<\/p>\n<p>Ecoutez le podcast<\/p>\n<p>Nouvelles applications pour la soie<\/p>\n<p>Une <strong>soie<\/strong> qui repr\u00e9sente un produit haut de gamme, pas seulement utilis\u00e9e dans le domaine <strong>textile<\/strong>. Cela peut surprendre mais la soie est aussi utilis\u00e9e \u00e0 des fins\u2026 cosm\u00e9tiques. Une innovation de la part de l\u2019entreprise <strong>Silkbiotic<\/strong>, en lien avec plusieurs <strong>laboratoires de recherche<\/strong> notamment le CNRS. Les <strong>prot\u00e9ines<\/strong> contenues dans la <strong>soie<\/strong> sont bonnes pour notre peau, nos cheveux. Puisqu\u2019elles poss\u00e8dent plusieurs bienfaits du fait de leur origine naturelle. Elles r\u00e9pondent aussi \u00e0 une exigence de <strong>biomim\u00e9tisme<\/strong>. Comprenez par l\u00e0 : utiliser des produits qui recopient les m\u00e9canismes de la peau ou des cheveux, pour les aider \u00e0 fonctionner comme ils le font d\u00e9j\u00e0, naturellement.<\/p>\n<p>Ecoutez aussi <\/p>\n<p><a href=\"https:\/\/www.lyondemain.fr\/rayonne-soie-artificielle-usine-tase-villeurbanne\/\" target=\"_blank\" rel=\"noreferrer noopener\">La Tase : l\u2019\u00e9pop\u00e9e de la soie artificielle (rayonne)<\/a><\/p>\n<p><img loading=\"lazy\" decoding=\"async\" width=\"1200\" height=\"675\" src=\"https:\/\/www.europesays.com\/fr\/wp-content\/uploads\/2025\/12\/vers-a-soie.jpg\" alt=\"vers \u00e0 soie\" class=\"wp-image-252751\"  \/><\/p>\n<p>Silkbiotic : la soie au service de la cosm\u00e9tique et de la sant\u00e9<\/p>\n<p>Nous avons rencontr\u00e9 <strong>Val\u00e9rie Sabatier<\/strong>, docteure en sciences et co-fondatrice des <strong><a href=\"https:\/\/silkbiotic.com\/\" target=\"_blank\" rel=\"noreferrer noopener\">laboratoires<\/a> Silkbiotic<\/strong>, pour nous parler de ces <strong>nouveaux usages de la soie<\/strong> : \u00ab La soie est utilis\u00e9e depuis tr\u00e8s longtemps dans les <strong>soins de beaut\u00e9<\/strong>, pour <strong>la peau<\/strong>, pour <strong>les cheveux. <\/strong>Mais aujourd\u2019hui on apporte une innovation parce qu\u2019on travaille au niveau de la recherche et du d\u00e9veloppement sur l\u2019utilisation des <strong>prot\u00e9ines de soie<\/strong>. \u00bb<\/p>\n<p>En clair, l\u2019histoire est toujours une partie importante du secteur de la soie. Li\u00e9e aux <strong>canuts lyonnais<\/strong> travaillant sur les pentes de la Croix-Rousse. Aujourd\u2019hui, la mati\u00e8re issue des vers \u00e0 soie int\u00e9resse aussi de nouveaux secteurs comme la <strong>cosm\u00e9tique<\/strong>. Mais son fief se situe toujours dans notre r\u00e9gion lyonnaise, cela va de soi.<\/p>\n<p>Ecoutez aussi <\/p>\n<p><a href=\"https:\/\/www.lyondemain.fr\/le-jacquard-francais-linge-de-maison\/\" target=\"_blank\" rel=\"noreferrer noopener\">Le Jacquard Fran\u00e7ais : excellence et \u00e9coresponsabilit\u00e9\u2026<\/a><\/p>\n<p><img loading=\"lazy\" decoding=\"async\" width=\"1200\" height=\"675\" src=\"https:\/\/www.europesays.com\/fr\/wp-content\/uploads\/2025\/12\/soie-Silkbiotic.jpg\" alt=\"soie\" class=\"wp-image-252752\"  \/><br \/>\nJ\u2019aime \u00e7a\u00a0:<\/p>\n<p>J\u2019aime chargement\u2026<\/p>\n<p><a class=\"sd-link-color\"\/><\/p>\n<p>\n\tArticles similaires\n<\/p>\n<p>\t\t\t\t<img decoding=\"async\" src=\"https:\/\/www.europesays.com\/fr\/wp-content\/uploads\/2025\/12\/1765503141_853_7866158698e17e8ed633c05e8f8e7fe5d9e057ad78661c4dc34e413abb6b9f19\" alt=\"G\u00e9rald Bouchon\"\/><\/p>\n<p>Pionnier des radios libres, passionn\u00e9 de radio, journaliste et dirigeant de m\u00e9dias \u00e9co-responsables..<\/p>\n","protected":false},"excerpt":{"rendered":"Dans la capitale embl\u00e9matique de la soie, l\u2019histoire se m\u00eale \u00e0 l\u2019innovation. Nous avons eu la chance d\u2019interroger&hellip;\n","protected":false},"author":2,"featured_media":593981,"comment_status":"","ping_status":"","sticky":false,"template":"","format":"standard","meta":{"footnotes":""},"categories":[1889],"tags":[1111,11,2430,65111,1777,674,70672,1011,27,2428,12,25,6939,70673,70674,63513,70675,2422],"class_list":{"0":"post-593980","1":"post","2":"type-post","3":"status-publish","4":"format-standard","5":"has-post-thumbnail","7":"category-lyon","8":"tag-actu","9":"tag-actualites","10":"tag-auvergne-rhone-alpes","11":"tag-entreprises-industrielles","12":"tag-eu","13":"tag-europe","14":"tag-fcn-textiles","15":"tag-fr","16":"tag-france","17":"tag-lyon","18":"tag-news","19":"tag-republique-francaise","20":"tag-savoir-faire","21":"tag-silkbiotic","22":"tag-silkinlyon","23":"tag-soie","24":"tag-soierie-lyonnaise","25":"tag-textile"},"share_on_mastodon":{"url":"https:\/\/pubeurope.com\/@fr\/115704021657674536","error":""},"_links":{"self":[{"href":"https:\/\/www.europesays.com\/fr\/wp-json\/wp\/v2\/posts\/593980","targetHints":{"allow":["GET"]}}],"collection":[{"href":"https:\/\/www.europesays.com\/fr\/wp-json\/wp\/v2\/posts"}],"about":[{"href":"https:\/\/www.europesays.com\/fr\/wp-json\/wp\/v2\/types\/post"}],"author":[{"embeddable":true,"href":"https:\/\/www.europesays.com\/fr\/wp-json\/wp\/v2\/users\/2"}],"replies":[{"embeddable":true,"href":"https:\/\/www.europesays.com\/fr\/wp-json\/wp\/v2\/comments?post=593980"}],"version-history":[{"count":0,"href":"https:\/\/www.europesays.com\/fr\/wp-json\/wp\/v2\/posts\/593980\/revisions"}],"wp:featuredmedia":[{"embeddable":true,"href":"https:\/\/www.europesays.com\/fr\/wp-json\/wp\/v2\/media\/593981"}],"wp:attachment":[{"href":"https:\/\/www.europesays.com\/fr\/wp-json\/wp\/v2\/media?parent=593980"}],"wp:term":[{"taxonomy":"category","embeddable":true,"href":"https:\/\/www.europesays.com\/fr\/wp-json\/wp\/v2\/categories?post=593980"},{"taxonomy":"post_tag","embeddable":true,"href":"https:\/\/www.europesays.com\/fr\/wp-json\/wp\/v2\/tags?post=593980"}],"curies":[{"name":"wp","href":"https:\/\/api.w.org\/{rel}","templated":true}]}}