{"id":593988,"date":"2025-12-12T01:37:19","date_gmt":"2025-12-12T01:37:19","guid":{"rendered":"https:\/\/www.europesays.com\/fr\/593988\/"},"modified":"2025-12-12T01:37:19","modified_gmt":"2025-12-12T01:37:19","slug":"a-luniversite-paris-1-une-mobilisation-detudiants-empeche-le-vote-du-budget","status":"publish","type":"post","link":"https:\/\/www.europesays.com\/fr\/593988\/","title":{"rendered":"\u00c0 l\u2019universit\u00e9 Paris 1, une mobilisation d&rsquo;\u00e9tudiants emp\u00eache le vote du budget"},"content":{"rendered":"<p>\n    Environ 350 personnes se sont mass\u00e9es dans les couloirs du centre Panth\u00e9on et \u00abont emp\u00each\u00e9\u00bb la tenue du conseil d\u2019administration, pour s\u2019opposer \u00e0 l\u2019augmentation des frais d\u2019inscription pour certains \u00e9tudiants \u00e9trangers extra-communautaires.<\/p>\n<p class=\"fig-paragraph\">Des \u00e9tudiants et des membres du personnel de l&rsquo;<a href=\"http:\/\/www.lefigaro.fr\/demain\/education\/l-universite-paris-1-vote-une-hausse-contestee-des-frais-pour-les-etudiants-etrangers-20251201\" target=\"_blank\" data-fig-type=\"NewsFlash\" rel=\"noopener\" data-gtm-custom-categorie=\"navigation\" data-gtm-custom-action=\"crossclick\" data-gtm-custom-label=\"Contextuel\" data-gtm-event=\"customEventSPE\" data-fig-domain=\"LEFIGARO\">universit\u00e9 Paris 1<\/a>\u00a0ont emp\u00each\u00e9 jeudi la tenue d&rsquo;un conseil d&rsquo;administration qui devait voter le\u00a0<a href=\"http:\/\/www.lefigaro.fr\/politique\/budget-2026-le-senat-approuve-une-prime-regalienne-de-500-euros-pour-les-maires-20251211\" target=\"_blank\" data-fig-type=\"NewsFlash\" rel=\"noopener\" data-gtm-custom-categorie=\"navigation\" data-gtm-custom-action=\"crossclick\" data-gtm-custom-label=\"Contextuel\" data-gtm-event=\"customEventSPE\" data-fig-domain=\"LEFIGARO\">budget 2026<\/a>, pour s&rsquo;opposer \u00e0 l&rsquo;augmentation des frais d&rsquo;inscription pour certains \u00e9tudiants \u00e9trangers extra-communautaires, a appris l\u2019AFP aupr\u00e8s des manifestants et de la direction.<\/p>\n<p class=\"fig-paragraph\">Environ 350 personnes se sont mass\u00e9es dans les couloirs du centre Panth\u00e9on, dans le 5e arrondissement, et \u00abont emp\u00each\u00e9\u00bb la tenue du conseil d&rsquo;administration, a rapport\u00e9 Luz Duchowney, \u00e9tudiante \u00e9lue au conseil d&rsquo;administration de Paris 1 pour l&rsquo;association \u00e9tudiante Le Poing Lev\u00e9, jointe par l&rsquo;AFP. Selon la direction de l&rsquo;universit\u00e9, \u00abdes \u00e9tudiants, environ 200 et pour certains cagoul\u00e9s, ainsi que quelques membres du personnel ont d\u00e9pass\u00e9 les limites acceptables et commis des actes violents\u00bb.<\/p>\n<p>                                            <a class=\"fig-a11y-skip\" href=\"#fig-a11y-skip-main-inarticle\" data-module=\"a11y-skip\" data-context=\"was @visible\"><br \/>\n    Passer la publicit\u00e9<br \/>\n<\/a>            <\/p>\n<p class=\"fig-paragraph\">\u00abDans ces conditions, le conseil d&rsquo;administration n&rsquo;a pas pu se tenir\u00bb, a-t-elle expliqu\u00e9 dans un message transmis \u00e0 l&rsquo;AFP. Un nouveau conseil d&rsquo;administration sera convoqu\u00e9 en visioconf\u00e9rence. \u00abL&rsquo;objectif de la mobilisation est de faire reculer compl\u00e8tement\u00bb la hausse des frais d&rsquo;inscription pour certains \u00e9tudiants \u00e9trangers extra-communautaires, vot\u00e9e lors d&rsquo;un conseil d&rsquo;administration le 1er d\u00e9cembre, a rappel\u00e9 Luz Duchowney.<\/p>\n<p>                                            Hausse des tarifs<\/p>\n<p class=\"fig-paragraph\">Certains \u00e9tudiants extra-communautaires devront d\u00e9sormais payer 2895 euros pour une ann\u00e9e en cycle de licence, contre 178 euros, et 3941 euros en master, contre 254 euros, selon les chiffres de l&rsquo;organisme public Campus France. Selon plusieurs personnes pr\u00e9sentes sur place jointes par l&rsquo;AFP, la police est entr\u00e9e dans une cour pour mettre fin \u00e0 une assembl\u00e9e g\u00e9n\u00e9rale.<\/p>\n<p class=\"fig-paragraph\">La pr\u00e9sidence de l&rsquo;universit\u00e9 dit avoir \u00ab\u00e9t\u00e9 dans l&rsquo;obligation de demander l&rsquo;intervention des forces de l&rsquo;ordre\u00bb, et que \u00abseuls quelques policiers sont entr\u00e9s dans l&rsquo;universit\u00e9 pour faire les constatations d&rsquo;usage pour les plaintes qui seront d\u00e9pos\u00e9es\u00bb. Dans un mail envoy\u00e9 aux \u00e9tudiants et aux personnels, dont l&rsquo;AFP a eu connaissance, la pr\u00e9sidente de l&rsquo;universit\u00e9, Christine Neau-Leduc, a mis en garde les \u00aborganisations (CGT, SUD \u00e9ducation, Le Poing Lev\u00e9 et SAP1) qui, sous couvert de mobilisation (&#8230;) ont contribu\u00e9 \u00e0 emp\u00eacher la tenue d&rsquo;une instance d\u00e9mocratique\u00bb.<\/p>\n<p class=\"fig-paragraph\">\u00abUne ligne rouge a \u00e9t\u00e9 franchie. Toutes les cons\u00e9quences en seront tir\u00e9es tant sur le plan disciplinaire que p\u00e9nal\u00bb, \u00e9crit-elle. \u00abL&rsquo;objectif de la direction est de faire peur pour que la mobilisation s&rsquo;arr\u00eate\u00bb, estime Luz Duchowney, citant \u00e9galement le refus de l&rsquo;universit\u00e9 de mettre \u00e0 disposition du Poing Lev\u00e9 une salle pour une r\u00e9union. Selon un jugement du 10 d\u00e9cembre consult\u00e9 par l&rsquo;AFP, le tribunal administratif de Paris a condamn\u00e9 l&rsquo;universit\u00e9 \u00e0 \u00abmettre fin \u00e0 l&rsquo;atteinte \u00e0 la libert\u00e9 de r\u00e9union\u00bb et \u00e0 proposer un local sous trois semaines.<\/p>\n","protected":false},"excerpt":{"rendered":"Environ 350 personnes se sont mass\u00e9es dans les couloirs du centre Panth\u00e9on et \u00abont emp\u00each\u00e9\u00bb la tenue du&hellip;\n","protected":false},"author":2,"featured_media":593989,"comment_status":"","ping_status":"","sticky":false,"template":"","format":"standard","meta":{"footnotes":""},"categories":[1888],"tags":[1111,1928,11,1927,1777,674,1011,27,12,1926,626,1925,25,5768],"class_list":{"0":"post-593988","1":"post","2":"type-post","3":"status-publish","4":"format-standard","5":"has-post-thumbnail","7":"category-paris","8":"tag-actu","9":"tag-actu-paris","10":"tag-actualites","11":"tag-actualites-paris","12":"tag-eu","13":"tag-europe","14":"tag-fr","15":"tag-france","16":"tag-news","17":"tag-news-paris","18":"tag-paris","19":"tag-paris-news","20":"tag-republique-francaise","21":"tag-universite"},"share_on_mastodon":{"url":"https:\/\/pubeurope.com\/@fr\/115704040293464911","error":""},"_links":{"self":[{"href":"https:\/\/www.europesays.com\/fr\/wp-json\/wp\/v2\/posts\/593988","targetHints":{"allow":["GET"]}}],"collection":[{"href":"https:\/\/www.europesays.com\/fr\/wp-json\/wp\/v2\/posts"}],"about":[{"href":"https:\/\/www.europesays.com\/fr\/wp-json\/wp\/v2\/types\/post"}],"author":[{"embeddable":true,"href":"https:\/\/www.europesays.com\/fr\/wp-json\/wp\/v2\/users\/2"}],"replies":[{"embeddable":true,"href":"https:\/\/www.europesays.com\/fr\/wp-json\/wp\/v2\/comments?post=593988"}],"version-history":[{"count":0,"href":"https:\/\/www.europesays.com\/fr\/wp-json\/wp\/v2\/posts\/593988\/revisions"}],"wp:featuredmedia":[{"embeddable":true,"href":"https:\/\/www.europesays.com\/fr\/wp-json\/wp\/v2\/media\/593989"}],"wp:attachment":[{"href":"https:\/\/www.europesays.com\/fr\/wp-json\/wp\/v2\/media?parent=593988"}],"wp:term":[{"taxonomy":"category","embeddable":true,"href":"https:\/\/www.europesays.com\/fr\/wp-json\/wp\/v2\/categories?post=593988"},{"taxonomy":"post_tag","embeddable":true,"href":"https:\/\/www.europesays.com\/fr\/wp-json\/wp\/v2\/tags?post=593988"}],"curies":[{"name":"wp","href":"https:\/\/api.w.org\/{rel}","templated":true}]}}