{"id":593999,"date":"2025-12-12T01:44:14","date_gmt":"2025-12-12T01:44:14","guid":{"rendered":"https:\/\/www.europesays.com\/fr\/593999\/"},"modified":"2025-12-12T01:44:14","modified_gmt":"2025-12-12T01:44:14","slug":"defense-pour-le-secretaire-general-de-lotan-mark-rutte-lallemagne-montre-lexemple","status":"publish","type":"post","link":"https:\/\/www.europesays.com\/fr\/593999\/","title":{"rendered":"D\u00e9fense : pour le secr\u00e9taire g\u00e9n\u00e9ral de l&rsquo;OTAN Mark Rutte, \u00ab\u00a0l&rsquo;Allemagne montre l&rsquo;exemple\u00a0\u00bb"},"content":{"rendered":"<p class=\"mb-4 text-lg md:leading-8 break-words\">Le <strong>Secr\u00e9taire g\u00e9n\u00e9ral de l&rsquo;OTAN Mark Rutte<\/strong> a fait l&rsquo;\u00e9loge de l&rsquo;Allemagne en tant que leader du partenariat transatlantique : \u00ab\u00a0L&rsquo;Allemagne montre l&rsquo;exemple\u00a0\u00bb.<\/p>\n<p class=\"mb-4 text-lg md:leading-8 break-words\">Jeudi, il a \u00e9t\u00e9 re\u00e7u par le chancelier <strong>Friedrich Merz<\/strong> \u00e0 Berlin Merz a soulign\u00e9 que l&rsquo;Europe doit \u00ab\u00a0faire beaucoup plus\u00a0\u00bb en mati\u00e8re de politique de s\u00e9curit\u00e9 et devenir plus ind\u00e9pendante des Etats-Unis afin de pouvoir s&rsquo;affirmer seule contre la Russie en cas de guerre.<\/p>\n<p class=\"mb-4 text-lg md:leading-8 break-words\">Mais la Russie est d\u00e9j\u00e0 en guerre avec l&rsquo;Europe &#8211; d&rsquo;une certaine mani\u00e8re &#8211; pr\u00e9vient John Lough, ancien collaborateur de l&rsquo;OTAN et expert en g\u00e9opolitique au <a href=\"https:\/\/nestcentre.org\/\" rel=\"nofollow noopener\" target=\"_blank\" data-ylk=\"slk:New Eurasian Strategies Centre;elm:context_link;itc:0;sec:content-canvas\" class=\"link \"><strong>New Eurasian Strategies Centre<\/strong><\/a> (NEST) &#8211; une organisation cr\u00e9\u00e9e par l&rsquo;opposant \u00e0 Poutine <strong>Mikha\u00efl Khodorkovski.<\/strong><\/p>\n<p class=\"mb-4 text-lg md:leading-8 break-words\">Selon lui, la Russie teste l&rsquo;Occident : derni\u00e8rement, les services secrets danois ont averti que la Russie se pr\u00e9parait \u00e0 une attaque de l&rsquo;OTAN. Selon le rapport publi\u00e9 mercredi, la Russie pourrait \u00eatre pr\u00eate pour une guerre \u00e0 grande \u00e9chelle d&rsquo;ici 2031.<\/p>\n<p><strong>La Russie m\u00e8ne une guerre psychologique avec l&rsquo;Europe &#8211; avec une strat\u00e9gie bien pr\u00e9cise<\/strong><\/p>\n<p class=\"mb-4 text-lg md:leading-8 break-words\">Pour le moment, on peut parler d&rsquo;une <strong>guerre psychologique<\/strong>, selon l&rsquo;expert en g\u00e9opolitique. \u00ab\u00a0Les Russes veulent que les Europ\u00e9ens pensent qu&rsquo;ils sont vuln\u00e9rables et que la Russie sera finalement en mesure de dicter les conditions d&rsquo;un nouveau syst\u00e8me de s\u00e9curit\u00e9 en Europe\u00a0\u00bb, explique John Lough.<\/p>\n<p class=\"mb-4 text-lg md:leading-8 break-words\"><b class=\"c-widget-related__title__text\">Related<\/b><\/p>\n<p class=\"mb-4 text-lg md:leading-8 break-words\">Ce dernier pense que la Russie poursuit ainsi une strat\u00e9gie bien pr\u00e9cise : \u00ab\u00a0<strong>Une partie des efforts russes consiste \u00e0 d\u00e9tourner l&rsquo;attention de l&rsquo;Ukraine et \u00e0 exposer certaines des faiblesses de la d\u00e9fense europ\u00e9enne<\/strong> afin que l&rsquo;Europe commence \u00e0 investir davantage dans sa propre d\u00e9fense plut\u00f4t que dans la d\u00e9fense de l&rsquo;Ukraine\u00a0\u00bb, explique-t-il.<\/p>\n<p class=\"mb-4 text-lg md:leading-8 break-words\">Les menaces russes ont pour but de jouer sur les peurs en Europe. La Russie tente ainsi de donner l&rsquo;impression qu&rsquo;elle est tr\u00e8s dangereuse et tr\u00e8s impr\u00e9visible &#8211; apparemment avec succ\u00e8s.<\/p>\n<p><strong>L&rsquo;arm\u00e9e russe \u00ab\u00a0aurait pu \u00eatre vaincue en 2022\u00a0\u00bb<\/strong><\/p>\n<p class=\"mb-4 text-lg md:leading-8 break-words\">\u00ab\u00a0Lorsque l&rsquo;arm\u00e9e ukrainienne a avanc\u00e9 fin 2022, elle avait vraiment accul\u00e9 les Russes\u00a0\u00bb, explique John Lough. L&rsquo;expert en Europe de l&rsquo;Est pense que l&rsquo;arm\u00e9e russe aurait effectivement pu \u00eatre vaincue en Ukraine \u00e0 ce moment-l\u00e0 &#8211; avec plus de soutien.<\/p>\n<p class=\"mb-4 text-lg md:leading-8 break-words\">\u00ab\u00a0Ce moment a \u00e9t\u00e9 manqu\u00e9 parce qu&rsquo;un certain nombre de dirigeants occidentaux \u00e9taient tellement inquiets qu&rsquo;une arm\u00e9e russe en retraite puisse effectivement utiliser une arme nucl\u00e9aire tactique\u00a0\u00bb, explique-t-il.<\/p>\n<p class=\"mb-4 text-lg md:leading-8 break-words\">\u00ab\u00a0M\u00eame si cette possibilit\u00e9 ne pouvait pas \u00eatre exclue \u00e0 l&rsquo;\u00e9poque, je pense que la probabilit\u00e9 \u00e9tait extr\u00eamement faible\u00a0\u00bb, poursuit l&rsquo;expert en g\u00e9opolitique.<\/p>\n<p class=\"mb-4 text-lg md:leading-8 break-words\">\u00c0 cela s&rsquo;ajoute le fait que les \u00c9tats-Unis semblent aller dans le m\u00eame sens que la Russie. Derni\u00e8rement, l&rsquo;administration Trump a pr\u00e9sent\u00e9 un projet de paix pour l&rsquo;Ukraine, <a href=\"https:\/\/fr.news.yahoo.com\/plan-am%C3%A9ricano-russe-lukraine-moscou-151338578.html\" data-ylk=\"slk:dont on a dit qu&#039;il d\u00e9fendait principalement les int\u00e9r\u00eats de la Russie;elm:context_link;itc:0;sec:content-canvas;outcm:mb_qualified_link;_E:mb_qualified_link;ct:story;\" class=\"link  yahoo-link\" rel=\"nofollow noopener\" target=\"_blank\"><strong>dont on a dit qu&rsquo;il d\u00e9fendait principalement les int\u00e9r\u00eats de la Russie<\/strong><\/a>.<\/p>\n<p class=\"mb-4 text-lg md:leading-8 break-words\">\u00ab\u00a0En ce moment, les Russes ont du mal \u00e0 croire \u00e0 leur chance d&rsquo;avoir quelqu&rsquo;un \u00e0 Washington qui est r\u00e9aliste, qui semble parler leur langue et qui est d&rsquo;accord avec eux sur de nombreux points &#8211; y compris sur le fait que l&rsquo;Europe est en d\u00e9clin, qu&rsquo;elle est faible et qu&rsquo;elle n&rsquo;est plus capable de projeter ses valeurs comme par le pass\u00e9\u00a0\u00bb, explique Lough.<\/p>\n<p class=\"mb-4 text-lg md:leading-8 break-words\">\u00ab\u00a0Cette congruence d&rsquo;int\u00e9r\u00eats entre Washington et Moscou est absolument extraordinaire\u00a0\u00bb, ajoute l&rsquo;expert en g\u00e9opolitique.<\/p>\n<p><strong>L&rsquo;Allemagne est en passe d&rsquo;avoir \u00ab\u00a0l&rsquo;arm\u00e9e la plus performante d&rsquo;Europe\u00a0\u00bb.<\/strong><\/p>\n<p class=\"mb-4 text-lg md:leading-8 break-words\">Lors de la conf\u00e9rence de presse \u00e0 la chancellerie, Friedrich Merz a soulign\u00e9 : \u00ab\u00a0Une solution n\u00e9goci\u00e9e doit pr\u00e9server les int\u00e9r\u00eats europ\u00e9ens en mati\u00e8re de s\u00e9curit\u00e9\u00a0\u00bb. Un trait\u00e9 de paix ne doit pas se faire au d\u00e9triment de l&rsquo;unit\u00e9 de l&rsquo;Union europ\u00e9enne et de l&rsquo;OTAN, a d\u00e9clar\u00e9 le chancelier. _Il est important que les Europ\u00e9ens fassent \u00e9galement partie de ce processu_s, a-t-il ajout\u00e9. \u00ab\u00a0<strong>Pas de paix au-dessus de nos t\u00eates<\/strong>\u00ab\u00a0, a d\u00e9clar\u00e9 Merz.<\/p>\n<p class=\"mb-4 text-lg md:leading-8 break-words\">Le probl\u00e8me : l&rsquo;Union europ\u00e9enne n&rsquo;est manifestement pas bien class\u00e9e en tant qu&rsquo;institution \u00e0 Washington, explique Merz. Le gouvernement am\u00e9ricain a manifestement beaucoup de mal \u00e0 comprendre l&rsquo;Union europ\u00e9enne en tant qu&rsquo;association d&rsquo;Etats. Le chancelier a donc propos\u00e9 de<strong>parler aux Etats-Unis au nom d&rsquo;autres Etats membres de l&rsquo;UE<\/strong>.<\/p>\n<p class=\"mb-4 text-lg md:leading-8 break-words\">Mark Rutte souligne : l\u00a0\u00bb&lsquo;Allemagne envoie un important \u00ab\u00a0signal montrant que l&rsquo;Europe est pr\u00eate \u00e0 assumer encore plus de responsabilit\u00e9s\u00a0\u00bb.<\/p>\n<p class=\"mb-4 text-lg md:leading-8 break-words\">Ce que confirme \u00e9galement John Lough : \u00ab\u00a0L&rsquo;Allemagne a commenc\u00e9 \u00e0 r\u00e9investir dans la d\u00e9fense et aura &#8211; si ce processus est couronn\u00e9 de succ\u00e8s &#8211; l&rsquo;arm\u00e9e la plus performante d&rsquo;Europe\u00a0\u00bb.<\/p>\n<p class=\"mb-4 text-lg md:leading-8 break-words\">L&rsquo;Allemagne pourrait en outre jouer un r\u00f4le cl\u00e9 dans la stabilisation de l&rsquo;Ukraine apr\u00e8s la guerre.<\/p>\n<p><strong>Lacune s\u00e9curitaire de l&rsquo;OTAN : \u00ab\u00a0projet de beau temps\u00a0\u00bb pour les \u00c9tats baltes<\/strong><\/p>\n<p class=\"mb-4 text-lg md:leading-8 break-words\">Mais l&rsquo;UE et l&rsquo;OTAN ont une lacune cruciale en mati\u00e8re de s\u00e9curit\u00e9 : <strong>les \u00c9tats baltes<\/strong>. \u00ab\u00a0L&rsquo;\u00e9largissement de l&rsquo;OTAN aux \u00c9tats baltes \u00e9tait un projet de beau temps\u00a0\u00bb, explique Lough. Lorsqu&rsquo;il a eu lieu, personne ne croyait s\u00e9rieusement qu&rsquo;il y aurait un jour une situation comme celle d&rsquo;aujourd&rsquo;hui, selon l&rsquo;expert.<\/p>\n<p class=\"mb-4 text-lg md:leading-8 break-words\">Le pr\u00e9sident am\u00e9ricain Donald Trump n&rsquo;a cess\u00e9 de souligner sa volont\u00e9 de se retirer davantage des questions de s\u00e9curit\u00e9 en Europe. L&rsquo;UE doit-elle d\u00e9sormais combler elle-m\u00eame ces lacunes en mati\u00e8re de s\u00e9curit\u00e9, notamment dans la mer Baltique ? \u00ab\u00a0J_e ne pense pas que les \u00c9tats-Unis vont simplement laisser tomber l&rsquo;Europe_\u00a0\u00bb, d\u00e9clare John Lough.<\/p>\n<p class=\"mb-4 text-lg md:leading-8 break-words\"><b class=\"c-widget-related__title__text\">Related<\/b><\/p>\n<p class=\"mb-4 text-lg md:leading-8 break-words\">D&rsquo;autant plus que la Russie, malgr\u00e9 ses propres d\u00e9clarations, n&rsquo;est pas pr\u00e9par\u00e9e, du moins pour le moment, \u00e0 une guerre avec l&rsquo;OTAN. \u00ab\u00a0L&rsquo;arm\u00e9e russe se bat bien mieux maintenant qu&rsquo;en f\u00e9vrier 2022, mais elle ne se bat toujours pas bien\u00a0\u00bb, explique Lough. <strong>Dans le Donbass, l&rsquo;arm\u00e9e russe n&rsquo;avance qu&rsquo;\u00e0 \u00ab\u00a0un rythme d&rsquo;escargot\u00a0\u00bb.<\/strong><\/p>\n<p class=\"mb-4 text-lg md:leading-8 break-words\">Lors de la conf\u00e9rence de presse, le Chancelier Merz a d\u00e9clar\u00e9 qu&rsquo;une nouvelle \u00e8re s&rsquo;\u00e9tait ouverte et qu&rsquo;elle exigeait de nouvelles r\u00e9ponses. \u00ab\u00a0L&rsquo;Europe a le temps de pr\u00e9parer ces nouvelles r\u00e9ponses, d\u00e9clare John Lough. \u00ab\u00a0<strong>La reconstruction de l&rsquo;arm\u00e9e russe prendra plus de cinq ans<\/strong>\u00ab\u00a0.<\/p>\n","protected":false},"excerpt":{"rendered":"Le Secr\u00e9taire g\u00e9n\u00e9ral de l&rsquo;OTAN Mark Rutte a fait l&rsquo;\u00e9loge de l&rsquo;Allemagne en tant que leader du partenariat&hellip;\n","protected":false},"author":2,"featured_media":594000,"comment_status":"","ping_status":"","sticky":false,"template":"","format":"standard","meta":{"footnotes":""},"categories":[1587],"tags":[11,672,1804,1805,1803,73,1777,674,4710,1801,70681,2489,2287,12,1802],"class_list":{"0":"post-593999","1":"post","2":"type-post","3":"status-publish","4":"format-standard","5":"has-post-thumbnail","7":"category-allemagne","8":"tag-actualites","9":"tag-allemagne","10":"tag-bundesrepublik-deutschland","11":"tag-de","12":"tag-deutschland","13":"tag-etats-unis","14":"tag-eu","15":"tag-europe","16":"tag-friedrich-merz","17":"tag-germany","18":"tag-john-lough","19":"tag-la-russie","20":"tag-mark-rutte","21":"tag-news","22":"tag-republique-federale-dallemagne"},"share_on_mastodon":{"url":"https:\/\/pubeurope.com\/@fr\/115704067974098498","error":""},"_links":{"self":[{"href":"https:\/\/www.europesays.com\/fr\/wp-json\/wp\/v2\/posts\/593999","targetHints":{"allow":["GET"]}}],"collection":[{"href":"https:\/\/www.europesays.com\/fr\/wp-json\/wp\/v2\/posts"}],"about":[{"href":"https:\/\/www.europesays.com\/fr\/wp-json\/wp\/v2\/types\/post"}],"author":[{"embeddable":true,"href":"https:\/\/www.europesays.com\/fr\/wp-json\/wp\/v2\/users\/2"}],"replies":[{"embeddable":true,"href":"https:\/\/www.europesays.com\/fr\/wp-json\/wp\/v2\/comments?post=593999"}],"version-history":[{"count":0,"href":"https:\/\/www.europesays.com\/fr\/wp-json\/wp\/v2\/posts\/593999\/revisions"}],"wp:featuredmedia":[{"embeddable":true,"href":"https:\/\/www.europesays.com\/fr\/wp-json\/wp\/v2\/media\/594000"}],"wp:attachment":[{"href":"https:\/\/www.europesays.com\/fr\/wp-json\/wp\/v2\/media?parent=593999"}],"wp:term":[{"taxonomy":"category","embeddable":true,"href":"https:\/\/www.europesays.com\/fr\/wp-json\/wp\/v2\/categories?post=593999"},{"taxonomy":"post_tag","embeddable":true,"href":"https:\/\/www.europesays.com\/fr\/wp-json\/wp\/v2\/tags?post=593999"}],"curies":[{"name":"wp","href":"https:\/\/api.w.org\/{rel}","templated":true}]}}