{"id":59400,"date":"2025-04-28T14:03:11","date_gmt":"2025-04-28T14:03:11","guid":{"rendered":"https:\/\/www.europesays.com\/fr\/59400\/"},"modified":"2025-04-28T14:03:11","modified_gmt":"2025-04-28T14:03:11","slug":"plongez-dans-lunivers-militaire-participez-a-la-journee-portes-ouvertes","status":"publish","type":"post","link":"https:\/\/www.europesays.com\/fr\/59400\/","title":{"rendered":"Plongez dans l\u2019univers militaire : participez \u00e0 la Journ\u00e9e Portes Ouvertes (\u2026)"},"content":{"rendered":"<p>                    <img loading=\"lazy\" decoding=\"async\" src=\"https:\/\/www.europesays.com\/fr\/wp-content\/uploads\/2025\/04\/f5cf0e7afa791bab165385654089f2.png\" class=\"img-responsive post-image\" width=\"680\" height=\"510\" alt=\"Plongez dans l'univers\" title=\"Plongez dans l'univers militaire : participez \u00e0 la Journ\u00e9e Portes Ouvertes du CIRFA Terre de Nice !\"\/><\/p>\n<p class=\"chapo\">Le Centre de Recrutement des Forces Arm\u00e9es (CIRFA) de Nice vous donne rendez-vous pour une exp\u00e9rience unique\u00a0! Le samedi 17 mai 2025, de 10h \u00e0 16h30, la Caserne Filley ouvrira grand ses portes \u00e0 tous ceux qui souhaitent d\u00e9couvrir l\u2019univers fascinant de l\u2019arm\u00e9e de Terre.<\/p>\n<p>Cet \u00e9v\u00e9nement exceptionnel permettra au public de d\u00e9couvrir la diversit\u00e9 des carri\u00e8res propos\u00e9es au sein de l\u2019arm\u00e9e de Terre. De nombreux r\u00e9giments seront pr\u00e9sents, parmi lesquels le 13e Bataillon de Chasseurs Alpins, le 2e R\u00e9giment \u00c9tranger de G\u00e9nie, ainsi que la S\u00e9curit\u00e9 Civile de Corse. Les visiteurs auront ainsi l\u2019opportunit\u00e9 d\u2019\u00e9changer avec des militaires issus d\u2019unit\u00e9s prestigieuses et de mieux appr\u00e9hender les missions qui leur sont confi\u00e9es.<\/p>\n<p>De nombreuses animations<\/p>\n<p>Parmi les animations propos\u00e9es, un <strong>simulateur d\u2019h\u00e9licopt\u00e8re Gazelle de l\u2019Aviation L\u00e9g\u00e8re de l\u2019Arm\u00e9e de Terre<\/strong> offrira une exp\u00e9rience immersive unique. D\u2019autres activit\u00e9s viendront enrichir cette journ\u00e9e, permettant aux participants de s\u2019immerger pleinement dans l\u2019univers militaire.<br class=\"autobr\"\/><br \/>\n<strong>Deux conf\u00e9rences de pr\u00e9sentation de l\u2019arm\u00e9e de Terre<\/strong> sont \u00e9galement programm\u00e9es \u00e0 10h15 et 14h00. Elles seront l\u2019occasion d\u2019obtenir des informations pr\u00e9cises sur les voies d\u2019engagement, les parcours de formation et les perspectives de carri\u00e8re.<\/p>\n<p>La participation \u00e0 cette Journ\u00e9e Portes Ouvertes est gratuite. Il est toutefois <a href=\"https:\/\/my.weezevent.com\/journee-portes-ouvertes-cirfa-terre-de-nice\" class=\"spip_out\" rel=\"external nofollow noopener\" target=\"_blank\">n\u00e9cessaire de s\u2019inscrire pr\u00e9alablement en suivant ce lien\u00a0: Inscription Journ\u00e9e Portes Ouvertes.<\/a><\/p>\n<p>Le CIRFA de Nice vous invite \u00e0 venir nombreux pour d\u00e9couvrir les valeurs, les missions et les opportunit\u00e9s qu\u2019offre l\u2019arm\u00e9e de Terre.<\/p>\n<p><a href=\"https:\/\/my.weezevent.com\/journee-portes-ouvertes-cirfa-terre-de-nice\" class=\"spip_out spip_doc_lien\" rel=\"nofollow noopener\" target=\"_blank\"><\/p>\n<p>\t\t<img loading=\"lazy\" decoding=\"async\" src=\"https:\/\/www.europesays.com\/fr\/wp-content\/uploads\/2025\/04\/affiche_jpo_2025_-_png.png\" width=\"1024\" height=\"1448\" alt=\"\"\/><\/a><\/p>\n<p>Visuel de Une \u00a9CIRFA Nice<\/p>\n","protected":false},"excerpt":{"rendered":"Le Centre de Recrutement des Forces Arm\u00e9es (CIRFA) de Nice vous donne rendez-vous pour une exp\u00e9rience unique\u00a0! Le&hellip;\n","protected":false},"author":2,"featured_media":59401,"comment_status":"","ping_status":"","sticky":false,"template":"","format":"standard","meta":{"footnotes":""},"categories":[2819],"tags":[1111,11,2408,1777,674,1011,27,12,2401,882,25],"class_list":{"0":"post-59400","1":"post","2":"type-post","3":"status-publish","4":"format-standard","5":"has-post-thumbnail","7":"category-nice","8":"tag-actu","9":"tag-actualites","10":"tag-appels-d","11":"tag-eu","12":"tag-europe","13":"tag-fr","14":"tag-france","15":"tag-news","16":"tag-nice","17":"tag-provence-alpes-cote-dazur","18":"tag-republique-francaise"},"share_on_mastodon":{"url":"https:\/\/pubeurope.com\/@fr\/114415966858178637","error":""},"_links":{"self":[{"href":"https:\/\/www.europesays.com\/fr\/wp-json\/wp\/v2\/posts\/59400","targetHints":{"allow":["GET"]}}],"collection":[{"href":"https:\/\/www.europesays.com\/fr\/wp-json\/wp\/v2\/posts"}],"about":[{"href":"https:\/\/www.europesays.com\/fr\/wp-json\/wp\/v2\/types\/post"}],"author":[{"embeddable":true,"href":"https:\/\/www.europesays.com\/fr\/wp-json\/wp\/v2\/users\/2"}],"replies":[{"embeddable":true,"href":"https:\/\/www.europesays.com\/fr\/wp-json\/wp\/v2\/comments?post=59400"}],"version-history":[{"count":0,"href":"https:\/\/www.europesays.com\/fr\/wp-json\/wp\/v2\/posts\/59400\/revisions"}],"wp:featuredmedia":[{"embeddable":true,"href":"https:\/\/www.europesays.com\/fr\/wp-json\/wp\/v2\/media\/59401"}],"wp:attachment":[{"href":"https:\/\/www.europesays.com\/fr\/wp-json\/wp\/v2\/media?parent=59400"}],"wp:term":[{"taxonomy":"category","embeddable":true,"href":"https:\/\/www.europesays.com\/fr\/wp-json\/wp\/v2\/categories?post=59400"},{"taxonomy":"post_tag","embeddable":true,"href":"https:\/\/www.europesays.com\/fr\/wp-json\/wp\/v2\/tags?post=59400"}],"curies":[{"name":"wp","href":"https:\/\/api.w.org\/{rel}","templated":true}]}}