{"id":594013,"date":"2025-12-12T01:53:15","date_gmt":"2025-12-12T01:53:15","guid":{"rendered":"https:\/\/www.europesays.com\/fr\/594013\/"},"modified":"2025-12-12T01:53:15","modified_gmt":"2025-12-12T01:53:15","slug":"les-au-revoir-de-stephane-dauberlieu-et-claude-roget","status":"publish","type":"post","link":"https:\/\/www.europesays.com\/fr\/594013\/","title":{"rendered":"les au revoir de St\u00e9phane Dauberlieu et Claude Roget"},"content":{"rendered":"<p>Les partenaires \u00e9taient quelque peu bouche b\u00e9e apr\u00e8s l\u2019annonce de St\u00e9phane Dauberlieu et de Claude Roget, directeur et \u00e2me des Internationaux de Blois. Rien ne pouvait vraiment les pr\u00e9parer \u00e0 ce mercredi 10\u00a0d\u00e9cembre 2025, date o\u00f9 le duo a annonc\u00e9 prendre du recul dans l\u2019organisation du traditionnel tournoi bl\u00e9sois cr\u00e9\u00e9 en 2002 par Claude Roget et d&rsquo;autres.<\/p>\n<p>\u00ab\u00a0On avait d\u00e9j\u00e0 pens\u00e9 \u00e0 arr\u00eater apr\u00e8s l\u2019\u00e9dition 2024, annonce St\u00e9phane Dauberlieu, ayant souhait\u00e9 se mettre en retrait pour des raisons de sant\u00e9. Mais je ne voulais pas quitter le navire sur un \u00e9chec.\u00a0\u00bb R\u00e9f\u00e9rence \u00e0 une <a target=\"_self\" href=\"https:\/\/www.lanouvellerepublique.fr\/blois\/internationaux-de-blois-avoir-sauve-le-tournoi-est-l-essentiel-assure-le-directeur\" rel=\"noopener\">\u00e9dition g\u00e2ch\u00e9e par la pluie<\/a> et \u00e0 la d\u00e9cision de l\u2019ATP de supprimer le challenger masculin. Un bapt\u00eame du feu dans la peau de directeur qui avait marqu\u00e9 le licenci\u00e9 de l\u2019AAJ Blois.<\/p>\n<p>La Ligue Centre-Val de Loire r\u00e9cup\u00e8re le b\u00e9b\u00e9<\/p>\n<p>Toujours \u00e9paul\u00e9 par Claude Roget, il avait alors su <a target=\"_self\" href=\"https:\/\/www.lanouvellerepublique.fr\/blois\/le-challenger-de-blois-remplace-par-un-tournoi-feminin\" rel=\"noopener\">r\u00e9inventer l\u2019\u00e9preuve en instaurant un tournoi f\u00e9minin<\/a> sur les installations du stade de Ligue. Dont la premi\u00e8re \u00e9dition, <a target=\"_self\" href=\"https:\/\/www.lanouvellerepublique.fr\/blois\/internationaux-feminins-de-blois-finale-c-etait-l-heure-de-la-hongroise-panna-udvardy-1750528425\" rel=\"noopener\">remport\u00e9e par la Hongroise Panna Udvardy<\/a>, a \u00e9t\u00e9 une vraie r\u00e9ussite\u00a0: \u00ab\u00a0Nous n\u2019avons eu que de bons retours de la part des joueuses\u00a0\u00bb. Notamment au niveau du nombre de courts d\u2019entra\u00eenements disponibles&#8230;. <\/p>\n<p>    Cet article a \u00e9t\u00e9 tronqu\u00e9. Abonnez-vous pour lire l&rsquo;article complet sur notre site.<\/p>\n<p style=\"margin: 0 !important; padding: 0 !important; font-size: 12px !important;\">Cet article a \u00e9t\u00e9 tronqu\u00e9. Abonnez-vous pour lire l&rsquo;article complet.<\/p>\n<p>    <a href=\"https:\/\/www.lanouvellerepublique.fr\/abonnements\" style=\"display: inline-block; margin-top: 5px !important; padding: 6px 12px !important; background: #cb1c27; color: white; text-decoration: none; border-radius: 4px; font-size: 12px !important;\" target=\"_blank\" rel=\"noopener\"><br \/>\n      S&rsquo;abonner<br \/>\n    <\/a><\/p>\n","protected":false},"excerpt":{"rendered":"Les partenaires \u00e9taient quelque peu bouche b\u00e9e apr\u00e8s l\u2019annonce de St\u00e9phane Dauberlieu et de Claude Roget, directeur et&hellip;\n","protected":false},"author":2,"featured_media":594014,"comment_status":"","ping_status":"","sticky":false,"template":"","format":"standard","meta":{"footnotes":""},"categories":[1415],"tags":[1392,3469,1011,27,70683,4368,60,1467],"class_list":{"0":"post-594013","1":"post","2":"type-post","3":"status-publish","4":"format-standard","5":"has-post-thumbnail","7":"category-tennis","8":"tag-a-la-une-local","9":"tag-blois","10":"tag-fr","11":"tag-france","12":"tag-internationaux-de-tennis-de-blois","13":"tag-loir-et-cher","14":"tag-sports","15":"tag-tennis"},"share_on_mastodon":{"url":"https:\/\/pubeurope.com\/@fr\/115704103145285436","error":""},"_links":{"self":[{"href":"https:\/\/www.europesays.com\/fr\/wp-json\/wp\/v2\/posts\/594013","targetHints":{"allow":["GET"]}}],"collection":[{"href":"https:\/\/www.europesays.com\/fr\/wp-json\/wp\/v2\/posts"}],"about":[{"href":"https:\/\/www.europesays.com\/fr\/wp-json\/wp\/v2\/types\/post"}],"author":[{"embeddable":true,"href":"https:\/\/www.europesays.com\/fr\/wp-json\/wp\/v2\/users\/2"}],"replies":[{"embeddable":true,"href":"https:\/\/www.europesays.com\/fr\/wp-json\/wp\/v2\/comments?post=594013"}],"version-history":[{"count":0,"href":"https:\/\/www.europesays.com\/fr\/wp-json\/wp\/v2\/posts\/594013\/revisions"}],"wp:featuredmedia":[{"embeddable":true,"href":"https:\/\/www.europesays.com\/fr\/wp-json\/wp\/v2\/media\/594014"}],"wp:attachment":[{"href":"https:\/\/www.europesays.com\/fr\/wp-json\/wp\/v2\/media?parent=594013"}],"wp:term":[{"taxonomy":"category","embeddable":true,"href":"https:\/\/www.europesays.com\/fr\/wp-json\/wp\/v2\/categories?post=594013"},{"taxonomy":"post_tag","embeddable":true,"href":"https:\/\/www.europesays.com\/fr\/wp-json\/wp\/v2\/tags?post=594013"}],"curies":[{"name":"wp","href":"https:\/\/api.w.org\/{rel}","templated":true}]}}