{"id":594015,"date":"2025-12-12T01:57:22","date_gmt":"2025-12-12T01:57:22","guid":{"rendered":"https:\/\/www.europesays.com\/fr\/594015\/"},"modified":"2025-12-12T01:57:22","modified_gmt":"2025-12-12T01:57:22","slug":"david-gaudu-lancera-sa-saison-2026-au-moyen-orient","status":"publish","type":"post","link":"https:\/\/www.europesays.com\/fr\/594015\/","title":{"rendered":"David Gaudu lancera sa saison 2026 au Moyen-Orient"},"content":{"rendered":"<p>L\u2019ann\u00e9e pass\u00e9e, David Gaudu avait pris la d\u00e9cision de lancer sa saison au Moyen-Orient sur la Muscat Classic puis le Tour d\u2019Oman. Bien lui en avait pris, puisque le Finist\u00e9rien avait remport\u00e9 une \u00e9tape <a href=\"https:\/\/www.letelegramme.fr\/sports\/cyclisme\/jai-rarement-ete-aussi-bien-a-cette-periode-david-gaudu-un-coup-de-chaud-frustrant-mais-des-bases-prometteuses-sur-le-tour-doman-6759174.php\" target=\"_blank\" rel=\"noopener\">et termin\u00e9 3e au g\u00e9n\u00e9ral<\/a> de la derni\u00e8re \u00e9preuve cit\u00e9e.<\/p>\n<p>En 2026, apr\u00e8s un exercice mitig\u00e9 marqu\u00e9 par <a href=\"https:\/\/www.letelegramme.fr\/sports\/cyclisme\/on-voit-le-tendon-pris-dans-une-chute-sur-le-giro-david-gaudu-souffre-a-la-main-et-perd-une-minute-au-general-6818993.php\" target=\"_blank\" rel=\"noopener\">des blessures<\/a>, des m\u00e9formes, un forfait sur le Tour de France mais aussi <a href=\"https:\/\/www.letelegramme.fr\/sports\/cyclisme\/lever-les-bras-il-ny-a-rien-de-comparable-les-emotions-de-david-gaudu-apres-sa-victoire-detape-sur-le-tour-despagne-6876279.php\" target=\"_blank\" rel=\"noopener\">une victoire d\u2019\u00e9tape sur le Tour d\u2019Espagne,<\/a> il devrait reproduire l\u2019exp\u00e9rience, mais pas dans le m\u00eame pays. Selon nos informations, Gaudu lancera en effet sa saison sur l\u2019UAE Tour, du 16 au 22 f\u00e9vrier.<\/p>\n<p>Une \u00e9preuve WorldTour domin\u00e9e ces derni\u00e8res ann\u00e9es par Tadej Pogacar o\u00f9 il a d\u00e9j\u00e0 brill\u00e9, avec une 3e place au g\u00e9n\u00e9ral en 2019 et une 4e en 2020, sa derni\u00e8re participation en date.<\/p>\n<p>Stage en Espagne<\/p>\n<p>Avant cela, le grimpeur de 29 ans, actuellement en stage \u00e0 Calpe dans le sud de l\u2019Espagne, se rendra \u00e0 nouveau en stage, cette fois \u00e0 P\u00e9dreguer, d\u00e9but f\u00e9vrier.<\/p>\n<p>Il ne devrait en revanche pas se rendre au Teide, \u00e0 l\u2019inverse de plusieurs de ses co\u00e9quipiers de Groupama-FDJ.<\/p>\n","protected":false},"excerpt":{"rendered":"L\u2019ann\u00e9e pass\u00e9e, David Gaudu avait pris la d\u00e9cision de lancer sa saison au Moyen-Orient sur la Muscat Classic&hellip;\n","protected":false},"author":2,"featured_media":594016,"comment_status":"","ping_status":"","sticky":false,"template":"","format":"standard","meta":{"footnotes":""},"categories":[1411],"tags":[1154,207,34966,3166,1011,27,33242,6821,2427,6608,60],"class_list":{"0":"post-594015","1":"post","2":"type-post","3":"status-publish","4":"format-standard","5":"has-post-thumbnail","7":"category-cyclisme","8":"tag-cycling","9":"tag-cyclisme","10":"tag-david-gaudu","11":"tag-en-continu-sports","12":"tag-fr","13":"tag-france","14":"tag-groupama-fdj","15":"tag-landivisiau","16":"tag-professionnels","17":"tag-quintin","18":"tag-sports"},"share_on_mastodon":{"url":"https:\/\/pubeurope.com\/@fr\/115704118926364705","error":""},"_links":{"self":[{"href":"https:\/\/www.europesays.com\/fr\/wp-json\/wp\/v2\/posts\/594015","targetHints":{"allow":["GET"]}}],"collection":[{"href":"https:\/\/www.europesays.com\/fr\/wp-json\/wp\/v2\/posts"}],"about":[{"href":"https:\/\/www.europesays.com\/fr\/wp-json\/wp\/v2\/types\/post"}],"author":[{"embeddable":true,"href":"https:\/\/www.europesays.com\/fr\/wp-json\/wp\/v2\/users\/2"}],"replies":[{"embeddable":true,"href":"https:\/\/www.europesays.com\/fr\/wp-json\/wp\/v2\/comments?post=594015"}],"version-history":[{"count":0,"href":"https:\/\/www.europesays.com\/fr\/wp-json\/wp\/v2\/posts\/594015\/revisions"}],"wp:featuredmedia":[{"embeddable":true,"href":"https:\/\/www.europesays.com\/fr\/wp-json\/wp\/v2\/media\/594016"}],"wp:attachment":[{"href":"https:\/\/www.europesays.com\/fr\/wp-json\/wp\/v2\/media?parent=594015"}],"wp:term":[{"taxonomy":"category","embeddable":true,"href":"https:\/\/www.europesays.com\/fr\/wp-json\/wp\/v2\/categories?post=594015"},{"taxonomy":"post_tag","embeddable":true,"href":"https:\/\/www.europesays.com\/fr\/wp-json\/wp\/v2\/tags?post=594015"}],"curies":[{"name":"wp","href":"https:\/\/api.w.org\/{rel}","templated":true}]}}