{"id":594017,"date":"2025-12-12T01:58:16","date_gmt":"2025-12-12T01:58:16","guid":{"rendered":"https:\/\/www.europesays.com\/fr\/594017\/"},"modified":"2025-12-12T01:58:16","modified_gmt":"2025-12-12T01:58:16","slug":"karim-benzema-ecarte-un-retour-a-lyon","status":"publish","type":"post","link":"https:\/\/www.europesays.com\/fr\/594017\/","title":{"rendered":"Karim Benzema \u00e9carte un retour \u00e0 Lyon"},"content":{"rendered":"<p><b>Form\u00e9 \u00e0 l\u2019Olympique Lyonnais entre 1997 et son d\u00e9part au Real Madrid en 2009, Karim Benzema ne pr\u00e9voit pas de revenir \u00e0 Lyon. Juste parce qu\u2019il ne veut pas \u00e9corner sa belle image chez les Gones.<\/b><\/p>\n<p>Comme Didier Drogba \u00e0 Marseille, Karim Benzema ne reviendra donc jamais jouer sous le maillot de l\u2019<a href=\"https:\/\/www.foot01.com\/ol\" target=\"_self\" rel=\"noopener\">OL<\/a>. Si certains Gones sont revenus \u00e0 Lyon apr\u00e8s \u00eatre partis \u00e0 l\u2019\u00e9tranger, comme Alexandre Lacazette ou Corentin Tolisso, KB9, lui, n\u2019\u00e9voluera jamais au Groupama Stadium. Il restera \u00e0 tout jamais comme un enfant de Gerland. Pourtant, l\u2019attaquant de 37 ans, en fin de contrat dans son club d\u2019Al-Ittihad en juin prochain, cherche un dernier projet de deux saisons pour finir sa carri\u00e8re en beaut\u00e9. Mais s\u2019il r\u00eave toujours de disputer la Coupe du Monde avec l\u2019\u00e9quipe de France en 2026, Benzema ne se voit pas finir sa carri\u00e8re \u00e0 Lyon \u00e0 40 ans. Tout simplement parce qu\u2019il a peur de salir sa belle image, celle qu\u2019il a laiss\u00e9 jusqu\u2019\u00e0 son d\u00e9part au Real Madrid en 2009. Consid\u00e9r\u00e9 comme une l\u00e9gende \u00e0 Lyon, le Ballon d\u2019Or 2022 veut juste rester le roi en son royaume lyonnais.\u00ab Boucler la boucle en finissant chez vous, ce n&rsquo;est pas une option ? C&rsquo;est d\u00e9licat de dire \u00ab\u00a0j&rsquo;ai envie de retourner l\u00e0-bas\u00a0\u00bb, parce que j&rsquo;ai laiss\u00e9 une si belle image&#8230; On ne sait jamais ce qui peut se passer. Ce n&rsquo;est pas la peur de revenir. C&rsquo;est que parfois, c&rsquo;est mieux de laisser les choses comme \u00e7a. Aider le club, dans un autre domaine peut-\u00eatre&#8230; mais jouer, je ne sais pas. Une l\u00e9gende de l\u2019OL avec une fresque ? \u00c7a montre que j&rsquo;ai laiss\u00e9 une belle empreinte \u00e0 Lyon. Une anecdote : quand j&rsquo;\u00e9tais petit, \u00e0 7 ou 8 ans, je prenais souvent la route avec mon p\u00e8re. J&rsquo;\u00e9tais \u00e0 l&rsquo;arri\u00e8re et je regardais par la fen\u00eatre. Je voyais tout le temps cet immeuble, tu es oblig\u00e9 de passer par l\u00e0. Et aujourd&rsquo;hui, quand je passe, je me vois. \u00c7a me rappelle l&rsquo;enfance. Lyon, c&rsquo;est le d\u00e9part de tout. Sans l&rsquo;OL, je n&rsquo;ai pas tout ce que j&rsquo;ai derri\u00e8re. J&rsquo;ai commenc\u00e9 \u00e0 8 ans, en poussins. J&rsquo;ai fait toute ma formation avant de partir au Real Madrid. L&rsquo;OL m&rsquo;a tout donn\u00e9. C&rsquo;est gr\u00e2ce \u00e0 eux que je suis l\u00e0 aujourd&rsquo;hui \u00bb, a lanc\u00e9, dans les colonnes de <a href=\"https:\/\/www.lequipe.fr\/Football\/Article\/Grand-recit-karim-benzema-qui-peut-refuser-une-coupe-du-monde\/1616285\" target=\"_blank\" rel=\"noopener\">L\u2019Equipe<\/a>, Benzema, qui pr\u00e9voit de revenir \u00e0 l\u2019OL un jour, mais plut\u00f4t en tant que dirigeant.<\/p>\n","protected":false},"excerpt":{"rendered":"Form\u00e9 \u00e0 l\u2019Olympique Lyonnais entre 1997 et son d\u00e9part au Real Madrid en 2009, Karim Benzema ne pr\u00e9voit&hellip;\n","protected":false},"author":2,"featured_media":594018,"comment_status":"","ping_status":"","sticky":false,"template":"","format":"standard","meta":{"footnotes":""},"categories":[1410],"tags":[63,1011,27,66,241,60],"class_list":{"0":"post-594017","1":"post","2":"type-post","3":"status-publish","4":"format-standard","5":"has-post-thumbnail","7":"category-football","8":"tag-football","9":"tag-fr","10":"tag-france","11":"tag-ligue-1","12":"tag-ol","13":"tag-sports"},"share_on_mastodon":{"url":"https:\/\/pubeurope.com\/@fr\/115704123906495315","error":""},"_links":{"self":[{"href":"https:\/\/www.europesays.com\/fr\/wp-json\/wp\/v2\/posts\/594017","targetHints":{"allow":["GET"]}}],"collection":[{"href":"https:\/\/www.europesays.com\/fr\/wp-json\/wp\/v2\/posts"}],"about":[{"href":"https:\/\/www.europesays.com\/fr\/wp-json\/wp\/v2\/types\/post"}],"author":[{"embeddable":true,"href":"https:\/\/www.europesays.com\/fr\/wp-json\/wp\/v2\/users\/2"}],"replies":[{"embeddable":true,"href":"https:\/\/www.europesays.com\/fr\/wp-json\/wp\/v2\/comments?post=594017"}],"version-history":[{"count":0,"href":"https:\/\/www.europesays.com\/fr\/wp-json\/wp\/v2\/posts\/594017\/revisions"}],"wp:featuredmedia":[{"embeddable":true,"href":"https:\/\/www.europesays.com\/fr\/wp-json\/wp\/v2\/media\/594018"}],"wp:attachment":[{"href":"https:\/\/www.europesays.com\/fr\/wp-json\/wp\/v2\/media?parent=594017"}],"wp:term":[{"taxonomy":"category","embeddable":true,"href":"https:\/\/www.europesays.com\/fr\/wp-json\/wp\/v2\/categories?post=594017"},{"taxonomy":"post_tag","embeddable":true,"href":"https:\/\/www.europesays.com\/fr\/wp-json\/wp\/v2\/tags?post=594017"}],"curies":[{"name":"wp","href":"https:\/\/api.w.org\/{rel}","templated":true}]}}