{"id":594019,"date":"2025-12-12T01:59:15","date_gmt":"2025-12-12T01:59:15","guid":{"rendered":"https:\/\/www.europesays.com\/fr\/594019\/"},"modified":"2025-12-12T01:59:15","modified_gmt":"2025-12-12T01:59:15","slug":"ce-parfum-culte-quelle-porte-depuis-toujours-est-aussi-le-prefere-de-laura-smet","status":"publish","type":"post","link":"https:\/\/www.europesays.com\/fr\/594019\/","title":{"rendered":"ce parfum culte, qu\u2019elle porte depuis toujours, est aussi le pr\u00e9f\u00e9r\u00e9 de Laura Smet"},"content":{"rendered":"<p>On dit souvent que <a href=\"https:\/\/www.grazia.fr\/beaute\/meghan-markle-43-ans-parfum-notes-ensoleillees-prefere-parfait-pour-ete-1167123.html\" target=\"_blank\" rel=\"noopener\"><strong>conna\u00eetre le parfum de<br \/>\nquelqu\u00a0\u00bbun<\/strong><\/a>, c\u2019est d\u00e9j\u00e0 mieux le comprendre. C\u2019est<br \/>\nencore plus vrai lorsque la personne en question porte le m\u00eame<br \/>\ndepuis des ann\u00e9es. Eh oui, quand certains se plaisent \u00e0 changer de<br \/>\nfragrance au gr\u00e9 des saisons, d\u2019autres choisissent de rester fid\u00e8le<br \/>\n\u00e0 <strong>une seule et m\u00eame senteur<\/strong>, \u00e9t\u00e9 comme hiver.<br \/>\nJusqu\u2019\u00e0 ce qu\u2019elle devienne <strong>une v\u00e9ritable signature<br \/>\nolfactive<\/strong> !<\/p>\n<p>Et les c\u00e9l\u00e9brit\u00e9s ne font pas exception \u00e0 la r\u00e8gle. <a href=\"https:\/\/www.grazia.fr\/mode\/tendances-mode\/meme-laeticia-hallyday-adoptee-chemise-parfaite-moderniser-look-apres-50-ans-1166682.html\" target=\"_blank\" rel=\"noopener\"><strong>Laeticia<br \/>\nHallyday<\/strong><\/a> fait partie de ces personnalit\u00e9s qui<br \/>\nposs\u00e8dent <strong>un sillage pr\u00e9f\u00e9r\u00e9<\/strong>. Pas question pour<br \/>\nelle d\u2019en changer ! Bien plus qu\u2019un simple flacon parfum\u00e9, sa<br \/>\nsenteur f\u00e9tiche est impr\u00e9gn\u00e9e de souvenirs et d\u2019instants de vie.<br \/>\nC\u2019est en tout cas ce que <a href=\"https:\/\/www.grazia.fr\/mode\/laeticia-hallyday-50-ans-porte-laccessoire-parfait-pour-elever-son-look-au-niveau-superieur-1164797.html\" target=\"_blank\" rel=\"noopener\"><strong>la veuve de<br \/>\nJohnny<\/strong><\/a> expliquait dans les colonnes de <a href=\"https:\/\/www.marieclaire.fr\/,laeticia-hallyday-interview-prix-clarins,846603.asp#:~:text=Le%20parfum,il%20ne%20me%20quittera%20jamais.\" target=\"_blank\" rel=\"nofollow noopener\">Marie Claire<\/a><br \/>\nil y a plusieurs ann\u00e9es. Retour sur ses confidences touchantes.<\/p>\n<p>Ce parfum intemporel est le pr\u00e9f\u00e9r\u00e9 de Laeticia Hallyday qui le<br \/>\nporte depuis toujours<\/p>\n<p>\u00c0 l\u2019\u00e9poque de cet entretien, <strong>Laeticia Hallyday<\/strong><br \/>\nse confiait avec \u00e9motion sur ce jus qui l\u2019accompagne depuis<br \/>\ntoujours (ou presque) : \u201c<a href=\"https:\/\/www.guerlain.com\/fr\/fr-fr\/p\/les-legendaires-lheure-bleue---eau-de-toilette-P014307.html\" target=\"_blank\" rel=\"nofollow noopener sponsored\"><strong>L\u2019heure bleue de<br \/>\nGuerlain<\/strong><\/a>. C\u2019est mon identit\u00e9, il fait partie<br \/>\nde ma vie <strong>depuis mes 12 ans<\/strong>\u201d.<br \/>\nAbsolument mythique, ce parfum envo\u00fbtant \u00e9voque le temps suspendu.<br \/>\nAvec ses notes de bergamote, de n\u00e9roli, d\u2019ambre, d\u2019iris, de<br \/>\nvanille, ou encore de f\u00e8ve de tonka, il incarne <strong>l\u2019\u00e9l\u00e9gance<br \/>\nintemporelle<\/strong>.<\/p>\n<p>Si <strong>Laeticia Hallyday<\/strong> est aussi attach\u00e9e \u00e0 ce<br \/>\nparfum charg\u00e9 de nostalgie, c\u2019est aussi parce qu\u2019il lui rappelle<br \/>\nquelqu\u2019un de tr\u00e8s cher. \u201cC\u2019\u00e9tait <strong>le parfum de<br \/>\nmon arri\u00e8re-grand-m\u00e8re<\/strong>, confie-t-elle. C\u2019est mon<br \/>\nparfum aujourd\u2019hui et il ne me quittera jamais\u201d. Plusieurs<br \/>\nann\u00e9es apr\u00e8s ces r\u00e9v\u00e9lations, on peut ais\u00e9ment imaginer qu\u2019elle le<br \/>\nporte encore. \u201c<strong>Je suis tr\u00e8s sensible aux<br \/>\nodeurs<\/strong>, elles peuvent bouleverser beaucoup de<br \/>\nchoses en moi\u201d, avouait-elle.<\/p>\n<p><img loading=\"lazy\" decoding=\"async\" itemprop=\"thumbnailUrl\" class=\"aligncenter wp-image-1167897 img-responsive pinit-here\" src=\"https:\/\/www.europesays.com\/fr\/wp-content\/uploads\/2025\/12\/240205-media_swatch-1024x1024.jpg\" alt=\"\" width=\"600\" height=\"600\" data-pin-media=\"https:\/\/www.grazia.fr\/wp-content\/uploads\/grazia\/2025\/06\/240205-media_swatch-736x736.jpg\"\/><br \/>\n\u00a9<br \/>\nGuerlain<\/p>\n<p>Laeticia Hallyday et Laura Smet<br \/>\npartagent le m\u00eame parfum f\u00e9tiche, une fragrance l\u00e9gendaire<\/p>\n<p>Mais <strong>Laeticia Hallyday<\/strong> n\u2019est pas la seule \u00e0<br \/>\navoir un lien particulier avec <strong>L\u2019heure bleue de<br \/>\nGuerlain<\/strong> ! Aujourd\u2019hui encore, ce parfum est l\u2019un<br \/>\ndes plus embl\u00e9matiques de la maison de luxe. Et qui dit fragrance<br \/>\nmythique dit nombreux admirateurs fid\u00e8les ! Parmi celles qui l\u2019ont<br \/>\nport\u00e9 figurent <strong>d\u2019immenses ic\u00f4nes<\/strong> telles que la<br \/>\nreine \u00c9lisabeth II, Catherine Deneuve, Carla Bruni, Julia Roberts,<br \/>\nIsabelle Huppert, Myl\u00e8ne Farmer, Kate Moss\u2026<\/p>\n<p>La liste ne s\u2019arr\u00eate pas l\u00e0 ! <strong>Laura Smet<\/strong> est,<br \/>\nelle aussi, tomb\u00e9e sous le charme de <strong>ce jus imagin\u00e9 par<br \/>\nJacques Guerlain<\/strong> en 1912, dont elle est devenue<br \/>\nune grande adepte. C\u2019est \u00e9galement aupr\u00e8s de Marie Claire<br \/>\nque <strong>la fille de Johnny<\/strong> confiait ce coup de c\u0153ur<br \/>\nintemporel. Malgr\u00e9 leurs relations compliqu\u00e9es, <strong>Laeticia<br \/>\nHallyday et Laura Smet<\/strong> partagent ainsi un point commun<br \/>\ndiscret, mais charg\u00e9 de sens.<\/p>\n","protected":false},"excerpt":{"rendered":"On dit souvent que conna\u00eetre le parfum de quelqu\u00a0\u00bbun, c\u2019est d\u00e9j\u00e0 mieux le comprendre. C\u2019est encore plus vrai&hellip;\n","protected":false},"author":2,"featured_media":594020,"comment_status":"","ping_status":"","sticky":false,"template":"","format":"standard","meta":{"footnotes":""},"categories":[1359],"tags":[58,59,1011,27,973,6055],"class_list":{"0":"post-594019","1":"post","2":"type-post","3":"status-publish","4":"format-standard","5":"has-post-thumbnail","7":"category-people","8":"tag-divertissement","9":"tag-entertainment","10":"tag-fr","11":"tag-france","12":"tag-people","13":"tag-republishing"},"share_on_mastodon":{"url":"https:\/\/pubeurope.com\/@fr\/115704128077644118","error":""},"_links":{"self":[{"href":"https:\/\/www.europesays.com\/fr\/wp-json\/wp\/v2\/posts\/594019","targetHints":{"allow":["GET"]}}],"collection":[{"href":"https:\/\/www.europesays.com\/fr\/wp-json\/wp\/v2\/posts"}],"about":[{"href":"https:\/\/www.europesays.com\/fr\/wp-json\/wp\/v2\/types\/post"}],"author":[{"embeddable":true,"href":"https:\/\/www.europesays.com\/fr\/wp-json\/wp\/v2\/users\/2"}],"replies":[{"embeddable":true,"href":"https:\/\/www.europesays.com\/fr\/wp-json\/wp\/v2\/comments?post=594019"}],"version-history":[{"count":0,"href":"https:\/\/www.europesays.com\/fr\/wp-json\/wp\/v2\/posts\/594019\/revisions"}],"wp:featuredmedia":[{"embeddable":true,"href":"https:\/\/www.europesays.com\/fr\/wp-json\/wp\/v2\/media\/594020"}],"wp:attachment":[{"href":"https:\/\/www.europesays.com\/fr\/wp-json\/wp\/v2\/media?parent=594019"}],"wp:term":[{"taxonomy":"category","embeddable":true,"href":"https:\/\/www.europesays.com\/fr\/wp-json\/wp\/v2\/categories?post=594019"},{"taxonomy":"post_tag","embeddable":true,"href":"https:\/\/www.europesays.com\/fr\/wp-json\/wp\/v2\/tags?post=594019"}],"curies":[{"name":"wp","href":"https:\/\/api.w.org\/{rel}","templated":true}]}}