{"id":594027,"date":"2025-12-12T02:05:32","date_gmt":"2025-12-12T02:05:32","guid":{"rendered":"https:\/\/www.europesays.com\/fr\/594027\/"},"modified":"2025-12-12T02:05:32","modified_gmt":"2025-12-12T02:05:32","slug":"les-10-films-de-2025-le-verdict-de-nos-critiques-cine","status":"publish","type":"post","link":"https:\/\/www.europesays.com\/fr\/594027\/","title":{"rendered":"Les 10 films de 2025 : le verdict de nos critiques cin\u00e9"},"content":{"rendered":"<p>De quel\u00b7le critique partagez-vous les go\u00fbts ? Retrouvez les dix films pr\u00e9f\u00e9r\u00e9s des critiques cin\u00e9ma des \u201cInrocks\u201d.<\/p>\n<p>Les 10 films de 2025 par <strong>Ludovic B\u00e9ot<\/strong><\/p>\n<p><a href=\"https:\/\/www.europesays.com\/fr\/wp-content\/uploads\/2025\/12\/WEB_Jackson-YEE-Large-t-1417x900.jpg\" data-barba-prevent=\"\" data-pswp-width=\"1417\" data-pswp-height=\"900\"><\/p>\n<p><img loading=\"lazy\" decoding=\"async\" width=\"1417\" height=\"900\" src=\"data:image\/svg+xml,%3Csvg%20xmlns=\" http:=\"\" class=\"attachment-thumbnail size-thumbnail\" alt=\"&#10;\u201cR\u00e9surrection\u201d de Bi Gan \u00a9 Les Films du Losange&#10;\" data-lazy-src=\"https:\/\/www.europesays.com\/fr\/wp-content\/uploads\/2025\/12\/WEB_Jackson-YEE-Large-t-1417x900.jpg\"\/><\/p>\n<p>\u201cR\u00e9surrection\u201d de Bi Gan \u00a9 Les Films du Losange<\/p>\n<p><\/a><\/p>\n<p>1. <a href=\"https:\/\/www.lesinrocks.com\/cinema\/resurrection-le-prodigieux-attrape-reves-de-bi-gan-684289-06-12-2025\/\" target=\"_blank\" rel=\"noopener\">R\u00e9surrection de Bi Gan<\/a><\/p>\n<p>2. La Chambre d\u2019\u00e0 c\u00f4t\u00e9\u00a0de Pedro Almod\u00f3var<\/p>\n<p>3. Tardes de soledad d\u2019Albert Serra<\/p>\n<p>4. Vermiglio ou La Mari\u00e9e des montagnes de Maura Delpero<\/p>\n<p>5. Sir\u0101t d\u2019\u00d3liver Laxe<\/p>\n<p>6. La Mer au loin de Sa\u00efd Hamich<\/p>\n<p>7. Mektoub My Love \u2013\u00a0Canto\u00a0due d\u2019Abdellatif Kechiche<\/p>\n<p>8. Enzo de Laurent Cantet et Robin Campillo<\/p>\n<p>9. \u00c9vanouis de Zach Cregger<\/p>\n<p>La Petite Derni\u00e8re d\u2019Hafsia Herzi<\/p>\n<p>10. L\u2019Aventura de Sophie Letourneur<\/p>\n<p>Les 10 films de 2025 par <strong>Bruno Deruisseau<\/strong><\/p>\n<p><a href=\"https:\/\/www.europesays.com\/fr\/wp-content\/uploads\/2025\/12\/WEB_O_RISO_E_A_FACA_5-t-1417x900.jpg\" data-barba-prevent=\"\" data-pswp-width=\"1417\" data-pswp-height=\"900\"><\/p>\n<p><img loading=\"lazy\" decoding=\"async\" width=\"1417\" height=\"900\" src=\"data:image\/svg+xml,%3Csvg%20xmlns=\" http:=\"\" class=\"attachment-thumbnail size-thumbnail\" alt=\"&#10;\u201cLe Rire et le Couteau\u201d de Pedro Pinho \u00a9 M\u00e9t\u00e9ore Films&#10;\" data-lazy-src=\"https:\/\/www.europesays.com\/fr\/wp-content\/uploads\/2025\/12\/WEB_O_RISO_E_A_FACA_5-t-1417x900.jpg\"\/><\/p>\n<p>\u201cLe Rire et le Couteau\u201d de Pedro Pinho \u00a9 M\u00e9t\u00e9ore Films<\/p>\n<p><\/a><\/p>\n<p>1.<a href=\"https:\/\/www.lesinrocks.com\/cinema\/le-rire-et-le-couteau-un-film-fleuve-portugais-hybride-sensuel-et-passionnant-667748-06-07-2025\/\" target=\"_blank\" rel=\"noopener\"> Le Rire et le Couteau de Pedro Pinho<\/a><\/p>\n<p>2. Sir\u0101t d\u2019\u00d3liver Laxe<\/p>\n<p>3. Les Feux sauvages de Jia Zhangke<\/p>\n<p>4. Valeur sentimentale de Joachim Trier<\/p>\n<p>5. Tardes de soledad d\u2019Albert Serra<\/p>\n<p>6. Mektoub My Love \u2013\u00a0Canto\u00a0due d\u2019Abdellatif Kechiche<\/p>\n<p>7. Laurent dans le vent d\u2019Anton Balekdjian, L\u00e9o Couture et Matt\u00e9o Eustachon<\/p>\n<p>8. R\u00e9surrection de Bi Gan<\/p>\n<p>9. Le Rendez-Vous de l\u2019\u00e9t\u00e9\u00a0de Valentine Cadic<\/p>\n<p>10. L\u2019Agent secret de Kleber Mendon\u00e7a Filho<\/p>\n<p>Les 10 films de 2025 par <strong>Marilou Duponchel<\/strong><\/p>\n<p><a href=\"https:\/\/www.europesays.com\/fr\/wp-content\/uploads\/2025\/12\/Capture-decran-2025-05-16-a-15.36.50-t-1610x1120.jpg\" data-barba-prevent=\"\" data-pswp-width=\"1610\" data-pswp-height=\"1120\"><\/p>\n<p><img loading=\"lazy\" decoding=\"async\" width=\"1610\" height=\"1120\" src=\"data:image\/svg+xml,%3Csvg%20xmlns=\" http:=\"\" class=\"attachment-thumbnail size-thumbnail\" alt=\"&#10;\u00a9 June &#10;\" data-lazy-src=\"https:\/\/www.europesays.com\/fr\/wp-content\/uploads\/2025\/12\/Capture-decran-2025-05-16-a-15.36.50-t-1610x1120.jpg\"\/><\/p>\n<p>\u00a9 June <\/p>\n<p><\/a><\/p>\n<p>1. <a href=\"https:\/\/www.lesinrocks.com\/cinema\/la-petite-derniere-une-adaptation-cine-tout-en-finesse-pour-le-roman-de-fatima-daas-680622-18-10-2025\/\" target=\"_blank\" rel=\"noopener\">La Petite Derni\u00e8re d\u2019Hafsia Herzi<\/a><\/p>\n<p>2. La Chambre d\u2019\u00e0 c\u00f4t\u00e9\u00a0de Pedro Almod\u00f3var<\/p>\n<p>3. Le Rendez-Vous de l\u2019\u00e9t\u00e9 de Valentine Cadic<\/p>\n<p>4. Vie priv\u00e9e de Rebecca Zlotowski<\/p>\n<p>5. Jeunes M\u00e8res de Jean-Pierre et Luc Dardenne<\/p>\n<p>6. Les Feux sauvages de Jia Zhangke<\/p>\n<p>7. \u00c9vanouis de Zach Cregger<\/p>\n<p>8. Sorry, Baby d\u2019Eva Victor<\/p>\n<p>9. Tardes de soledad d\u2019Albert Serra<\/p>\n<p>10. Sir\u0101t d\u2019\u00d3liver Laxe \/\/ Le Rire et le Couteau de Pedro Pinho<br \/>Bonus\u00a0: Fantaisie d\u2019Isabel Pagliai<\/p>\n<p>Les 10 films de 2025 par <strong>Jacky Goldberg<\/strong><\/p>\n<p><a href=\"https:\/\/www.europesays.com\/fr\/wp-content\/uploads\/2025\/12\/1196121-une-bataille-apres-l-autre-leonardo-dicaprio-t-1600x1067.jpg\" data-barba-prevent=\"\" data-pswp-width=\"1600\" data-pswp-height=\"1067\"><\/p>\n<p><img loading=\"lazy\" decoding=\"async\" width=\"1600\" height=\"1067\" src=\"data:image\/svg+xml,%3Csvg%20xmlns=\" http:=\"\" class=\"attachment-thumbnail size-thumbnail\" alt=\"&#10;Leonardo DiCaprio dans &quot;Une bataille apr\u00e8s l'autre&quot; de Paul Thomas Anderson (copyright Warner)&#10;\" data-lazy-src=\"https:\/\/www.europesays.com\/fr\/wp-content\/uploads\/2025\/12\/1196121-une-bataille-apres-l-autre-leonardo-dicaprio-t-1600x1067.jpg\"\/><\/p>\n<p>Leonardo DiCaprio dans \u00ab\u00a0Une bataille apr\u00e8s l\u2019autre\u00a0\u00bb de Paul Thomas Anderson (copyright Warner)<\/p>\n<p><\/a><\/p>\n<p>1. <a href=\"https:\/\/www.lesinrocks.com\/cinema\/une-bataille-apres-lautre-le-grand-film-epique-et-politique-de-paul-thomas-anderson-680385-19-09-2025\/\" target=\"_blank\" rel=\"noopener\">Une bataille apr\u00e8s l\u2019autre\u00a0de Paul Thomas Anderson<\/a><\/p>\n<p>2. R\u00e9surrection de Bi Gan<\/p>\n<p>3. L\u2019Agent secret de Kleber Mendon\u00e7a Filho<\/p>\n<p>4. Sorry, Baby d\u2019Eva Victor<\/p>\n<p>5. Superman de James Gunn<\/p>\n<p>6. Le Rire et le Couteau de Pedro Pinho<\/p>\n<p>7. Soundtrack to a Coup d\u2019\u00c9tat\u00a0de Johan Grimonprez<\/p>\n<p>8. L\u2019Aventura de Sophie Letourneur<\/p>\n<p>9. Smashing Machine de Benny Safdie<\/p>\n<p>10 Sinners de Ryan Coogler \/\/ Un parfait inconnu de James Mangold<\/p>\n<p>Les 10 films de 2025 par <strong>Arnaud Hallet<\/strong><\/p>\n<p><a href=\"https:\/\/www.europesays.com\/fr\/wp-content\/uploads\/2025\/12\/WEB-CAUGHTBYTHETIDES-t-1417x900.jpg\" data-barba-prevent=\"\" data-pswp-width=\"1417\" data-pswp-height=\"900\"><\/p>\n<p><img loading=\"lazy\" decoding=\"async\" width=\"1417\" height=\"900\" src=\"data:image\/svg+xml,%3Csvg%20xmlns=\" http:=\"\" class=\"attachment-thumbnail size-thumbnail\" alt=\"&#10;\u201cLes Feux sauvages\u201d\u00a0de Jia Zhangke \u00a9 Ad Vitam&#10;\" data-lazy-src=\"https:\/\/www.europesays.com\/fr\/wp-content\/uploads\/2025\/12\/WEB-CAUGHTBYTHETIDES-t-1417x900.jpg\"\/><\/p>\n<p>\u201cLes Feux sauvages\u201d\u00a0de Jia Zhangke \u00a9 Ad Vitam<\/p>\n<p><\/a><\/p>\n<p>1. <a href=\"https:\/\/www.lesinrocks.com\/cinema\/grande-fresque-romanesque-les-feux-sauvages-de-jia-zhangke-est-le-plus-beau-film-du-debut-dannee-635363-06-01-2025\/\" target=\"_blank\" rel=\"noopener\">Les Feux sauvages de Jia Zhangke<\/a><\/p>\n<p>2. L\u2019Agent secret de Kleber Mendon\u00e7a Filho<\/p>\n<p>3. Nouvelle Vague de Richard Linklater<\/p>\n<p>4. Le Rire et le Couteau de Pedro Pinho<\/p>\n<p>5. R\u00e9surrection de Bi Gan<\/p>\n<p>6. Eddington d\u2019Ari Aster<\/p>\n<p>7. Une bataille apr\u00e8s l\u2019autre\u00a0de Paul Thomas Anderson<\/p>\n<p>8. Magellan de Lav Diaz<\/p>\n<p>9.  Y a-t-il un flic pour sauver le monde\u2009? d\u2019Akiva Schaffer<\/p>\n<p>10. Bird d\u2019Andrea Arnold<\/p>\n<p>Les 10 films de 2025 par <strong>Jean-Marc Lalanne<\/strong><\/p>\n<p><a href=\"https:\/\/www.europesays.com\/fr\/wp-content\/uploads\/2025\/12\/Le-Rire-et-le-Couteau-t-1200x765.jpg\" data-barba-prevent=\"\" data-pswp-width=\"1200\" data-pswp-height=\"765\"><\/p>\n<p><img loading=\"lazy\" decoding=\"async\" width=\"1200\" height=\"765\" src=\"data:image\/svg+xml,%3Csvg%20xmlns=\" http:=\"\" class=\"attachment-thumbnail size-thumbnail\" alt=\"&#10;\u00a9 M\u00e9t\u00e9ore Films&#10;\" data-lazy-src=\"https:\/\/www.europesays.com\/fr\/wp-content\/uploads\/2025\/12\/Le-Rire-et-le-Couteau-t-1200x765.jpg\"\/><\/p>\n<p>\u00a9 M\u00e9t\u00e9ore Films<\/p>\n<p><\/a><\/p>\n<p>1.<a href=\"https:\/\/www.lesinrocks.com\/cinema\/cannes-2025-pourquoi-le-rire-ou-le-couteau-est-notre-coup-de-coeur-du-festival-665310-19-05-2025\/\" target=\"_blank\" rel=\"noopener\"> Le Rire et le Couteau de Pedro Pinho<\/a><\/p>\n<p>2. R\u00e9surrection de Bi Gan<\/p>\n<p>3. Les Feux sauvages de Jia Zhangke<\/p>\n<p>4. La Chambre d\u2019\u00e0 c\u00f4t\u00e9\u00a0de Pedro Almod\u00f3var<\/p>\n<p>5. L\u2019Agent secret de Kleber Mendon\u00e7a Filho<\/p>\n<p>6. Sir\u0101t d\u2019\u00d3liver Laxe<\/p>\n<p>7. Tardes de soledad d\u2019Albert Serra<\/p>\n<p>8. La Petite Derni\u00e8re d\u2019Hafsia Herzi<\/p>\n<p>9. \u00c9vanouis de Zach Cregger<\/p>\n<p>10. Valeur sentimentale de Joachim Trier<\/p>\n<p>Les 10 films de 2025 par <strong>Jean-Baptiste Morain<\/strong><\/p>\n<p><a href=\"https:\/\/www.europesays.com\/fr\/wp-content\/uploads\/2025\/12\/01403035820085-web-tete-t-1280x720.jpg\" data-barba-prevent=\"\" data-pswp-width=\"1280\" data-pswp-height=\"720\"><\/p>\n<p><img loading=\"lazy\" decoding=\"async\" width=\"1280\" height=\"720\" src=\"data:image\/svg+xml,%3Csvg%20xmlns=\" http:=\"\" class=\"attachment-thumbnail size-thumbnail\" alt=\"&#10;\u201cL'Agent secret\u201d de Kleber Mendon\u00e7a Filho \u00a9 Ad Vitam&#10;\" data-lazy-src=\"https:\/\/www.europesays.com\/fr\/wp-content\/uploads\/2025\/12\/01403035820085-web-tete-t-1280x720.jpg\"\/><\/p>\n<p>\u201cL\u2019Agent secret\u201d de Kleber Mendon\u00e7a Filho \u00a9 Ad Vitam<\/p>\n<p><\/a><\/p>\n<p>1.<a href=\"https:\/\/www.lesinrocks.com\/cinema\/cannes-2025-lagent-secret-de-kleber-mendonca-filho-la-naissance-dun-classique-du-cinema-665352-19-05-2025\/\" target=\"_blank\" rel=\"noopener\"> L\u2019Agent secret de Kleber Mendon\u00e7a Filho<\/a><\/p>\n<p>2. Tardes de soledad d\u2019Albert Serra<\/p>\n<p>3. Une bataille apr\u00e8s l\u2019autre\u00a0de Paul Thomas Anderson<\/p>\n<p>4. La Chambre d\u2019\u00e0 c\u00f4t\u00e9\u00a0de Pedro Almod\u00f3var<\/p>\n<p>5. Les Feux sauvages de Jia Zhangke<\/p>\n<p>6. Nouvelle Vague de Richard Linklater<\/p>\n<p>7. Ce n\u2019est qu\u2019un au revoir\u00a0de Guillaume Brac \/\/ Bonjour la langue (impromptu)\u00a0de Paul Vecchiali<\/p>\n<p>8. Jeunes M\u00e8res de Jean-Pierre et Luc Dardenne<\/p>\n<p>9. Laurent dans le vent d\u2019Anton Balekdjian, L\u00e9o Couture et Matt\u00e9o Eustachon<\/p>\n<p>10. Voyage au bord de la guerre\u00a0d\u2019Antonin Peretjatko<\/p>\n<p>Les 10 films de 2025 par  <strong>Th\u00e9o Ribeton<\/strong><\/p>\n<p><a href=\"https:\/\/www.europesays.com\/fr\/wp-content\/uploads\/2025\/12\/Capture-decran-2025-09-16-a-17.30.42-t-1264x840.jpg\" data-barba-prevent=\"\" data-pswp-width=\"1264\" data-pswp-height=\"840\"><\/p>\n<p><img loading=\"lazy\" decoding=\"async\" width=\"1264\" height=\"840\" src=\"data:image\/svg+xml,%3Csvg%20xmlns=\" http:=\"\" class=\"attachment-thumbnail size-thumbnail\" alt=\"&#10;\u201cSir\u0101t\u201d \u00a9 Pyramide Distribution&#10;\" data-lazy-src=\"https:\/\/www.europesays.com\/fr\/wp-content\/uploads\/2025\/12\/Capture-decran-2025-09-16-a-17.30.42-t-1264x840.jpg\"\/><\/p>\n<p>\u201cSir\u0101t\u201d \u00a9 Pyramide Distribution<\/p>\n<p><\/a><\/p>\n<p>1. <a href=\"https:\/\/www.lesinrocks.com\/cinema\/sirat-doliver-laxe-le-triomphe-inattendu-du-cinema-dauteur-680191-17-09-2025\/\" target=\"_blank\" rel=\"noopener\">Sir\u0101t d\u2019\u00d3liver Laxe<\/a><\/p>\n<p>2. A Real Pain de Jesse Eisenberg<\/p>\n<p>3, Une bataille apr\u00e8s l\u2019autre\u00a0de Paul Thomas Anderson<\/p>\n<p>4. Smashing Machine de Benny Safdie<\/p>\n<p>5. Le Rire et le Couteau de Pedro Pinho<\/p>\n<p>6. Tardes de soledad d\u2019Albert Serra<\/p>\n<p>7. The Brutalist de Brady Corbet<\/p>\n<p>8. L\u2019Agent secret de Kleber Mendon\u00e7a\u00a0Filho<\/p>\n<p>9. La Pie voleuse de Robert Gu\u00e9diguian<\/p>\n<p>10. Nouvelle Vague de Richard Linklater<\/p>\n<p>Les 10 films de 2025 par <strong>Maud Tenda<\/strong><\/p>\n<p><a href=\"https:\/\/www.europesays.com\/fr\/wp-content\/uploads\/2025\/12\/Vermigliocataloguepicture4PRINT-t-5906x3116.jpg\" data-barba-prevent=\"\" data-pswp-width=\"5906\" data-pswp-height=\"3116\"><\/p>\n<p><img loading=\"lazy\" decoding=\"async\" width=\"5906\" height=\"3116\" src=\"data:image\/svg+xml,%3Csvg%20xmlns=\" http:=\"\" class=\"attachment-thumbnail size-thumbnail\" alt=\"&#10;\u201cVermiglio\u201d de Maura Delpero \u00a9 Paname Distribution&#10;\" data-lazy-src=\"https:\/\/www.europesays.com\/fr\/wp-content\/uploads\/2025\/12\/Vermigliocataloguepicture4PRINT-t-5906x3116.jpg\"\/><\/p>\n<p>\u201cVermiglio\u201d de Maura Delpero \u00a9 Paname Distribution<\/p>\n<p><\/a><\/p>\n<p>1. <a href=\"https:\/\/www.lesinrocks.com\/cinema\/vermiglio-une-chronique-intemporelle-foudroyante-dhumanite-652326-17-03-2025\/\" target=\"_blank\" rel=\"noopener\">Vermiglio ou La Mari\u00e9e des montagnes de Maura Delpero<\/a><\/p>\n<p>2. Tardes de soledad d\u2019Albert Serra<\/p>\n<p>3. Le Rire et le Couteau de Pedro Pinho<\/p>\n<p>4. Sir\u0101t d\u2019\u00d3liver Laxe<\/p>\n<p>5. Fuori de Mario Martone<\/p>\n<p>6. Les Damn\u00e9s de Roberto Minervini<\/p>\n<p>7. No Other Land de Basel Adra, Hamdan Ballal et\u00a0Yuval Abraham<\/p>\n<p>8. Un parfait inconnu de James Mangold<\/p>\n<p>9. Nouvelle Vague de Richard Linklater<\/p>\n<p>10. Jeunes M\u00e8res de Jean-Pierre et Luc Dardenne<\/p>\n","protected":false},"excerpt":{"rendered":"De quel\u00b7le critique partagez-vous les go\u00fbts ? Retrouvez les dix films pr\u00e9f\u00e9r\u00e9s des critiques cin\u00e9ma des \u201cInrocks\u201d. Les&hellip;\n","protected":false},"author":2,"featured_media":594028,"comment_status":"","ping_status":"","sticky":false,"template":"","format":"standard","meta":{"footnotes":""},"categories":[1354],"tags":[8716,58,59,1346,1011,27,1360],"class_list":{"0":"post-594027","1":"post","2":"type-post","3":"status-publish","4":"format-standard","5":"has-post-thumbnail","7":"category-films","8":"tag-cafeyn","9":"tag-divertissement","10":"tag-entertainment","11":"tag-films","12":"tag-fr","13":"tag-france","14":"tag-movies"},"share_on_mastodon":{"url":"https:\/\/pubeurope.com\/@fr\/115704150956826337","error":""},"_links":{"self":[{"href":"https:\/\/www.europesays.com\/fr\/wp-json\/wp\/v2\/posts\/594027","targetHints":{"allow":["GET"]}}],"collection":[{"href":"https:\/\/www.europesays.com\/fr\/wp-json\/wp\/v2\/posts"}],"about":[{"href":"https:\/\/www.europesays.com\/fr\/wp-json\/wp\/v2\/types\/post"}],"author":[{"embeddable":true,"href":"https:\/\/www.europesays.com\/fr\/wp-json\/wp\/v2\/users\/2"}],"replies":[{"embeddable":true,"href":"https:\/\/www.europesays.com\/fr\/wp-json\/wp\/v2\/comments?post=594027"}],"version-history":[{"count":0,"href":"https:\/\/www.europesays.com\/fr\/wp-json\/wp\/v2\/posts\/594027\/revisions"}],"wp:featuredmedia":[{"embeddable":true,"href":"https:\/\/www.europesays.com\/fr\/wp-json\/wp\/v2\/media\/594028"}],"wp:attachment":[{"href":"https:\/\/www.europesays.com\/fr\/wp-json\/wp\/v2\/media?parent=594027"}],"wp:term":[{"taxonomy":"category","embeddable":true,"href":"https:\/\/www.europesays.com\/fr\/wp-json\/wp\/v2\/categories?post=594027"},{"taxonomy":"post_tag","embeddable":true,"href":"https:\/\/www.europesays.com\/fr\/wp-json\/wp\/v2\/tags?post=594027"}],"curies":[{"name":"wp","href":"https:\/\/api.w.org\/{rel}","templated":true}]}}