{"id":594033,"date":"2025-12-12T02:08:15","date_gmt":"2025-12-12T02:08:15","guid":{"rendered":"https:\/\/www.europesays.com\/fr\/594033\/"},"modified":"2025-12-12T02:08:15","modified_gmt":"2025-12-12T02:08:15","slug":"ils-lont-vu-la-cest-foutu-dany-boon-mal-a-laise-apres-une-revelation-de-lea-salame","status":"publish","type":"post","link":"https:\/\/www.europesays.com\/fr\/594033\/","title":{"rendered":"\u00ab\u00a0Ils l&rsquo;ont vu l\u00e0, c&rsquo;est foutu\u00a0\u00bb : Dany Boon mal \u00e0 l&rsquo;aise apr\u00e8s une r\u00e9v\u00e9lation de L\u00e9a Salam\u00e9"},"content":{"rendered":"<p>Sept ans qu\u2019il avait quitt\u00e9 la sc\u00e8ne. Mais le temps \u00e9tait trop long et <a href=\"https:\/\/www.public.fr\/tag\/dany-boon\" target=\"_blank\" rel=\"noopener\">Dany Boon<\/a> a d\u00e9cid\u00e9 de retrouver son premier amour. En effet, le com\u00e9dien de 59 ans est de retour sur sc\u00e8ne avec un tout nouveau spectacle intitul\u00e9 <strong>Clown n\u2019est pas un m\u00e9tier.<\/strong><\/p>\n<p>Dans ce nouveau projet, <a href=\"https:\/\/www.public.fr\/dany-boon-cest-lamour-fou-a-marrakech-avec-clara-vello\" target=\"_blank\" rel=\"noopener\">l\u2019ex-compagnon de Laurence Arn\u00e9<\/a> aborde les d\u00e9fis de faire rire aujourd&rsquo;hui, tout en explorant des th\u00e8mes contemporains comme l&rsquo;absurdit\u00e9 s\u00e9curitaire des a\u00e9roports. Il \u00e9voque \u00e9galement notre addiction de plus en plus grandissante aux \u00e9crans ou les ravages des r\u00e9seaux sociaux.\u00a0<\/p>\n<p>Les spectateurs pourront aussi retrouver diff\u00e9rents hommages \u00e0 son mentor et inspiration de sa jeunesse, Raymond Devos. Un nouveau spectacle qu\u2019il a accept\u00e9 d\u2019\u00e9voquer chez <a href=\"https:\/\/www.public.fr\/tag\/lea-salame\" target=\"_blank\" rel=\"noopener\">L\u00e9a Salam\u00e9<\/a>, dans le 20h de France 2 ce jeudi 11 d\u00e9cembre 2025.\u00a0<\/p>\n<p>Pourquoi Dany Boon a-t-il souhait\u00e9 remonter sur sc\u00e8ne ? <\/p>\n<p>Dans le journal t\u00e9l\u00e9vis\u00e9 de la Deux, Dany Boon a pu revenir sur les diff\u00e9rents th\u00e8mes qu\u2019il va \u00e9voquer dans son spectacle. Mais il a \u00e9galement souhait\u00e9 donner la raison qui l\u2019a pouss\u00e9 \u00e0 revenir sur sc\u00e8ne. Le com\u00e9dien de 59 ans a r\u00e9v\u00e9l\u00e9 que sa fille \u00e2g\u00e9e de 12 ans a \u00e9t\u00e9 l\u2019instigatrice de ce retour. De plus, son envie de partager avec son public et surtout \u00e9changer en direct avec lui, l\u2019a \u00e9galement motiv\u00e9 \u00e0 revenir.\u00a0<\/p>\n<p>\u00ab\u00a0Ce sont des moments rares parce qu&rsquo;on est tous maintenant sur les r\u00e9seaux. Avec le t\u00e9l\u00e9phone, on se regarde de moins en moins. Et le fait de se retrouver dans une salle de spectacle et de communier, communiquer, de rire ensemble, c&rsquo;est un moment, une parenth\u00e8se qui est magique et qui est tr\u00e8s importante. D&rsquo;ailleurs, c&rsquo;est un spectacle sur l\u2019\u00e9poque\u00a0\u00bb, confie Dany Boon.<\/p>\n<p>L\u2019occasion pour ce dernier de faire une r\u00e9v\u00e9lation de taille \u00e0 la <a href=\"https:\/\/www.public.fr\/cest-dur-lea-salame-au-bord-de-lexplosion-face-aux-critiques-virulentes\" target=\"_blank\" rel=\"noopener\">pr\u00e9sentatrice du JT de France 2<\/a>. Alors que certains parents mettent en place des temps d\u2019\u00e9cran limit\u00e9, le com\u00e9dien s\u2019en est lui-m\u00eame impos\u00e9 un : \u00ab\u00a0le probl\u00e8me, c&rsquo;est que \u00e7a propose des quarts d&rsquo;heure en plus et je me les accorde\u00a0\u00bb.\u00a0<\/p>\n<p>L&rsquo;humoriste mal \u00e0 l&rsquo;aise face \u00e0 L\u00e9a Salam\u00e9 apr\u00e8s la diffusion d&rsquo;un sketch<\/p>\n<p>Apr\u00e8s avoir \u00e9voqu\u00e9 ses addictions au t\u00e9l\u00e9phone comme nombre de personnes sur la plan\u00e8te, Dany Boon a pu revenir sur l\u2019un de ses sketchs qui devrait vivement faire r\u00e9agir. D\u2019autant plus que <a href=\"https:\/\/vsd.fr\/tag\/lea-salame\/\" target=\"_blank\" rel=\"noopener\">L\u00e9a Salam\u00e9<\/a> en a diffus\u00e9 un extrait. Il s\u2019agit <strong>d\u2019un sketch au sujet des agents de s\u00e9curit\u00e9 \u00e0 l\u2019a\u00e9roport<\/strong>. Dans celui-ci, le com\u00e9dien de 59 ans pointe du doigt le comportement de ces agents qui se montreraient un peu trop autoritaires d\u2019apr\u00e8s lui.\u00a0<\/p>\n<p><strong>\u00ab\u00a0Je ne vais plus prendre l&rsquo;avion. C&rsquo;est fini\u00a0\u00bb<\/strong>, a estim\u00e9 Dany Boon apr\u00e8s la diffusion de son sketch dans le JT de France 2, avant de poursuivre : \u00ab\u00a0J\u2019ai un peu peur, la prochaine fois que je me retrouve devant des agents de s\u00e9cu&rsquo;, s&rsquo;ils voient le sketch\u00a0\u00bb. <strong>\u00ab\u00a0Ils l&rsquo;ont vu l\u00e0 ?\u00a0\u00bb<\/strong>, a tout de m\u00eame demand\u00e9 l\u2019humoriste, esp\u00e9rant se faire rassurer par L\u00e9a Salam\u00e9. Toutefois, la compagne de Rapha\u00ebl Glucksmann n\u2019a fait que renforcer l\u2019inqui\u00e9tude de son invit\u00e9 : <strong>\u00ab\u00a0L\u00e0, ils l&rsquo;ont vu, l\u00e0. C&rsquo;est \u00e7a. C&rsquo;est foutu.\u00a0\u00bb<\/strong><\/p>\n<blockquote class=\"twitter-tweet\">\n<p>\ud83d\udde3\ufe0f\ud83e\udd33 \u00ab\u00a0Maintenant, on est tous sur le t\u00e9l\u00e9phone. On ach\u00e8te un portable, mais c\u2019est lui qui nous poss\u00e8de. On ne se rend pas compte \u00e0 quel point \u00e7a nous bouffe\u00a0\u00bb<\/p>\n<p>Apr\u00e8s sept ans d&rsquo;absence, Dany Boon a retrouv\u00e9 son public sur sc\u00e8ne. <a href=\"https:\/\/twitter.com\/hashtag\/JT20h?src=hash&amp;ref_src=twsrc%5Etfw\" target=\"_blank\" rel=\"noopener\">#JT20h<\/a> <a href=\"https:\/\/t.co\/S1XaGQMyqZ\">pic.twitter.com\/S1XaGQMyqZ<\/a><\/p>\n<p>\u2014 Le20h-France T\u00e9l\u00e9visions (@le20hfrancetele) <a href=\"https:\/\/twitter.com\/le20hfrancetele\/status\/1999210327184146551?ref_src=twsrc%5Etfw\" target=\"_blank\" rel=\"noopener\">December 11, 2025<\/a><\/p><\/blockquote>\n<p>\n          Hits &amp; People en continu\n        <\/p>\n<p>\n          Public Radio\n        <\/p>\n<p>      Mentionn\u00e9s dans cet article<\/p>\n<p>      Sur le m\u00eame sujet<\/p>\n<p>  <script async src=\"https:\/\/platform.twitter.com\/widgets.js\" charset=\"utf-8\"><\/script><\/p>\n","protected":false},"excerpt":{"rendered":"Sept ans qu\u2019il avait quitt\u00e9 la sc\u00e8ne. Mais le temps \u00e9tait trop long et Dany Boon a d\u00e9cid\u00e9&hellip;\n","protected":false},"author":2,"featured_media":594034,"comment_status":"","ping_status":"","sticky":false,"template":"","format":"standard","meta":{"footnotes":""},"categories":[8],"tags":[17146,58,59,1011,27,26420,3806],"class_list":{"0":"post-594033","1":"post","2":"type-post","3":"status-publish","4":"format-standard","5":"has-post-thumbnail","7":"category-divertissement","8":"tag-dany-boon","9":"tag-divertissement","10":"tag-entertainment","11":"tag-fr","12":"tag-france","13":"tag-journal-de-20-heures-de-france-2","14":"tag-lea-salame"},"share_on_mastodon":{"url":"https:\/\/pubeurope.com\/@fr\/115704162454806673","error":""},"_links":{"self":[{"href":"https:\/\/www.europesays.com\/fr\/wp-json\/wp\/v2\/posts\/594033","targetHints":{"allow":["GET"]}}],"collection":[{"href":"https:\/\/www.europesays.com\/fr\/wp-json\/wp\/v2\/posts"}],"about":[{"href":"https:\/\/www.europesays.com\/fr\/wp-json\/wp\/v2\/types\/post"}],"author":[{"embeddable":true,"href":"https:\/\/www.europesays.com\/fr\/wp-json\/wp\/v2\/users\/2"}],"replies":[{"embeddable":true,"href":"https:\/\/www.europesays.com\/fr\/wp-json\/wp\/v2\/comments?post=594033"}],"version-history":[{"count":0,"href":"https:\/\/www.europesays.com\/fr\/wp-json\/wp\/v2\/posts\/594033\/revisions"}],"wp:featuredmedia":[{"embeddable":true,"href":"https:\/\/www.europesays.com\/fr\/wp-json\/wp\/v2\/media\/594034"}],"wp:attachment":[{"href":"https:\/\/www.europesays.com\/fr\/wp-json\/wp\/v2\/media?parent=594033"}],"wp:term":[{"taxonomy":"category","embeddable":true,"href":"https:\/\/www.europesays.com\/fr\/wp-json\/wp\/v2\/categories?post=594033"},{"taxonomy":"post_tag","embeddable":true,"href":"https:\/\/www.europesays.com\/fr\/wp-json\/wp\/v2\/tags?post=594033"}],"curies":[{"name":"wp","href":"https:\/\/api.w.org\/{rel}","templated":true}]}}