{"id":594039,"date":"2025-12-12T02:11:16","date_gmt":"2025-12-12T02:11:16","guid":{"rendered":"https:\/\/www.europesays.com\/fr\/594039\/"},"modified":"2025-12-12T02:11:16","modified_gmt":"2025-12-12T02:11:16","slug":"zelensky-devoile-les-intentions-de-trump-sur-les-territoires-a-lacher-les-drones-font-rage","status":"publish","type":"post","link":"https:\/\/www.europesays.com\/fr\/594039\/","title":{"rendered":"Zelensky d\u00e9voile les intentions de Trump sur les territoires \u00e0 l\u00e2cher, les drones font rage"},"content":{"rendered":"<p>Vous avez rat\u00e9 les derniers \u00e9v\u00e9nements sur la <a href=\"https:\/\/www.20minutes.fr\/monde\/ukraine\/\" class=\"c-link c-link--is-underlined\" target=\"_blank\" rel=\"noopener\">guerre en Ukraine<\/a>\u00a0? 20 Minutes fait le point pour vous tous les soirs. Voici l\u2019essentiel de ce jeudi 11\u00a0d\u00e9cembre, au 1.387e jour du conflit.<\/p>\n<p>Le fait du jour<\/p>\n<p>Les intentions am\u00e9ricaines concernant la future carte de l\u2019Ukraine se pr\u00e9cisent. Le pr\u00e9sident ukrainien <a href=\"https:\/\/www.20minutes.fr\/monde\/volodymyr-zelensky\/\" class=\"c-link c-link--is-underlined\" target=\"_blank\" rel=\"noopener\">Volodymyr Zelensky<\/a> a d\u00e9clar\u00e9 jeudi que les Etats-Unis continuaient de demander d\u2019importantes concessions de la part de son pays dans les n\u00e9gociations pour mettre fin \u00e0 la guerre avec la Russie, dont le retrait de ses troupes du <a href=\"https:\/\/www.20minutes.fr\/monde\/donbass\/\" class=\"c-link c-link--is-underlined\" target=\"_blank\" rel=\"noopener\">Donbass<\/a>.<\/p>\n<p>Selon Volodymyr Zelensky, les deux questions essentielles restant \u00e0 n\u00e9gocier sont le contr\u00f4le de la r\u00e9gion orientale de Donetsk, o\u00f9 se d\u00e9roule l\u2019essentiel des combats, et le statut de la <a href=\"https:\/\/www.20minutes.fr\/monde\/ukraine\/4176961-20251003-guerre-ukraine-centrale-zaporijjia-coupee-reseau-electrique-comporte-risque-nucleaire\" class=\"c-link c-link--is-underlined\" target=\"_blank\" rel=\"noopener\">centrale nucl\u00e9aire de Zaporijjia<\/a>, occup\u00e9e par Moscou dans le sud de l\u2019Ukraine.<\/p>\n<p>Le dirigeant ukrainien assure que Washington \u00ab\u00a0voit les forces ukrainiennes se retirer\u00a0\u00bb de la partie de la r\u00e9gion de Donetsk qu\u2019elles contr\u00f4lent encore et qui serait transform\u00e9e en \u00ab\u00a0zone \u00e9conomique libre\u00a0\u00bb ou \u00ab\u00a0zone d\u00e9militaris\u00e9e\u00a0\u00bb. En \u00e9change, l\u2019arm\u00e9e russe se retirerait des zones sous son contr\u00f4le dans les r\u00e9gions de Soumy, Kharkiv et Dnipropetrovsk (nord, nord-est et centre-est), mais se maintiendrait dans celles de Kherson et Zaporijjia (sud).<\/p>\n<p>Volodymyr Zelensky a pr\u00e9venu ce jeudi que, dans tous les cas, une \u00ab\u00a0\u00e9lection\u00a0\u00bb ou un \u00ab\u00a0r\u00e9f\u00e9rendum\u00a0\u00bb sera n\u00e9cessaire en Ukraine pour trancher sur les questions territoriales.<\/p>\n<p>La d\u00e9claration du jour<\/p>\n<blockquote class=\"mx-m@xs mx-xxl@md color-ultramarine c-citation\">\n<p class=\"font-weight-regular@xs text-italic font-source-serif-pro text-l@xs c-citation__content\">\u00ab\u00a0Est-ce que je pense que les \u00c9tats-Unis et l\u2019Europe parviendront \u00e0 s\u2019entendre sur la question de l\u2019Ukraine\u00a0? Oui, j\u2019en suis convaincu. Suis-je s\u00fbr que les Russes accepteront\u00a0? Je ne sais pas. C\u2019est le test\u00a0\u00bb<\/p>\n<\/blockquote>\n<p>Les paroles sont sign\u00e9es <a href=\"https:\/\/www.20minutes.fr\/monde\/4098313-20240626-mark-rutte-premier-ministre-neerlandais-nomme-chef-otan\" class=\"c-link c-link--is-underlined\" target=\"_blank\" rel=\"noopener\">Mark Rutte<\/a>. Le chef de l\u2019Otan a ainsi appel\u00e9 jeudi \u00e0 \u00ab\u00a0tester\u00a0\u00bb Vladimir Poutine pour d\u00e9terminer s\u2019il \u00ab\u00a0veut la paix en Ukraine\u00a0\u00bb en \u00e9tablissant un plan soutenu par les Etats-Unis et l\u2019Europe, apr\u00e8s la remise par Kiev \u00e0 Washington d\u2019une nouvelle mouture pour mettre fin \u00e0 la guerre.<\/p>\n<p>L\u2019ancien Premier ministre n\u00e9erlandais a \u00e9galement une nouvelle fois jug\u00e9 que le pr\u00e9sident russe ne s\u2019arr\u00eaterait pas \u00e0 l\u2019Ukraine si les Europ\u00e9ens n\u2019investissaient pas massivement dans leur d\u00e9fense. \u00ab\u00a0Si vous aimez la langue allemande et que vous ne voulez pas parler russe, c\u2019est crucial d\u2019investir massivement dans la d\u00e9fense, c\u2019est une condition sine qua non, car sinon (Poutine) ne s\u2019arr\u00eatera pas \u00e0 l\u2019Ukraine\u00a0\u00bb, a martel\u00e9 Mark Rutte.<\/p>\n<\/p>\n<p>Le chiffre du jour<\/p>\n<p>300. C\u2019est le nombre minimum de drones ukrainiens que la Russie pr\u00e9tend avoir abattu jeu, soit l\u2019une des attaques les plus massives lanc\u00e9es par l\u2019arm\u00e9e de Kiev en bient\u00f4t quatre ans d\u2019offensive russe.<\/p>\n<p>Sur ces drones \u00ab\u00a0intercept\u00e9s et abattus\u00a0\u00bb par la d\u00e9fense anti-a\u00e9rienne russe, une quarantaine se dirigeait vers Moscou, selon le minist\u00e8re russe de la D\u00e9fense et le maire de la capitale.<\/p>\n<p>En raison des attaques de drones visant la capitale russe, rarement prise pour cible, des restrictions temporaires ont \u00e9t\u00e9 mises en place dans les quatre a\u00e9roports moscovites \u2013 Cheremetievo, Domodedovo, Vnoukovo et Joukovski \u2013, selon l\u2019Agence f\u00e9d\u00e9rale du transport a\u00e9rien Rosaviatsia. Des centaines de vols y ont \u00e9t\u00e9 annul\u00e9s, retard\u00e9s ou redirig\u00e9s vers d\u2019autres a\u00e9roports, selon les autorit\u00e9s.<\/p>\n<p>Jeudi, l\u2019arm\u00e9e de l\u2019air ukrainienne a fait \u00e9tat, de son c\u00f4t\u00e9, de 234 drones russes lanc\u00e9s contre l\u2019Ukraine, notamment les r\u00e9gions de Poltava (centre-est) et d\u2019Odessa (sud). Ils auraient provoqu\u00e9 des incendies dans des installations \u00e9nerg\u00e9tiques, tr\u00e8s souvent prises pour cible.<\/p>\n<p>La tendance<\/p>\n<p>La Russie a revendiqu\u00e9 ce jeudi la prise de la ville de Siversk, dans l\u2019est de l\u2019Ukraine, l\u2019un des derniers verrous emp\u00eachant les forces russes de s\u2019approcher des grandes cit\u00e9s r\u00e9gionales de Kramatorsk et de Sloviansk. Cette annonce a toutefois \u00e9t\u00e9 d\u00e9mentie par l\u2019arm\u00e9e ukrainienne, laquelle \u00e9voque seulement des \u00ab\u00a0petits groupes\u00a0\u00bb de militaires russes qui \u00ab\u00a0tentent de s\u2019infiltrer \u00e0 Siversk\u00a0\u00bb.<\/p>\n<p><a href=\"https:\/\/www.20minutes.fr\/monde\/ukraine\/\" class=\"c-link c-btn c-btn--primary\" target=\"_blank\" rel=\"noopener\">Notre dossier sur la guerre en Ukraine<\/a><\/p>\n<p>Comptant environ 11.000 habitants avant la guerre, Siversk est aujourd\u2019hui en grande partie d\u00e9truite. Les forces russes s\u2019en \u00e9taient approch\u00e9es par trois c\u00f4t\u00e9s \u00e0 partir de septembre\u00a02025, avant de percer les d\u00e9fenses ukrainiennes locales entre novembre et d\u00e9cembre, selon des analystes militaires.<\/p>\n<p>La Russie a revendiqu\u00e9 ces derni\u00e8res semaines s\u2019\u00eatre empar\u00e9e de plusieurs positions d\u2019importance sur le front, dont le noeud logistique de Pokrovsk dans la r\u00e9gion de Donetsk (est) \u2013 ce qui a \u00e9galement \u00e9t\u00e9 d\u00e9menti par l\u2019Ukraine \u2013 et les villes de Koupiansk et de Vovtchansk dans celle de Kharkiv (nord-est). Les Russes combattent \u00e9galement actuellement pour prendre Myrnograd, une cit\u00e9 voisine de Pokrovsk, la place forte de Kostiantynivka et le verrou de Goulia\u00efpol\u00e9, plus au sud.<\/p>\n","protected":false},"excerpt":{"rendered":"Vous avez rat\u00e9 les derniers \u00e9v\u00e9nements sur la guerre en Ukraine\u00a0? 20 Minutes fait le point pour vous&hellip;\n","protected":false},"author":2,"featured_media":594040,"comment_status":"","ping_status":"","sticky":false,"template":"","format":"standard","meta":{"footnotes":""},"categories":[5],"tags":[47,11,29539,1011,27,131,14,28370,2287,74,1916,12,132,135,134,2744,28],"class_list":{"0":"post-594039","1":"post","2":"type-post","3":"status-publish","4":"format-standard","5":"has-post-thumbnail","7":"category-international","8":"tag-actualite","9":"tag-actualites","10":"tag-donetsk","11":"tag-fr","12":"tag-france","13":"tag-guerre-en-ukraine","14":"tag-international","15":"tag-kherson","16":"tag-mark-rutte","17":"tag-monde","18":"tag-moscou","19":"tag-news","20":"tag-russie","21":"tag-vladimir-poutine","22":"tag-volodymyr-zelensky","23":"tag-washington","24":"tag-world"},"share_on_mastodon":{"url":"https:\/\/pubeurope.com\/@fr\/115704174002512733","error":""},"_links":{"self":[{"href":"https:\/\/www.europesays.com\/fr\/wp-json\/wp\/v2\/posts\/594039","targetHints":{"allow":["GET"]}}],"collection":[{"href":"https:\/\/www.europesays.com\/fr\/wp-json\/wp\/v2\/posts"}],"about":[{"href":"https:\/\/www.europesays.com\/fr\/wp-json\/wp\/v2\/types\/post"}],"author":[{"embeddable":true,"href":"https:\/\/www.europesays.com\/fr\/wp-json\/wp\/v2\/users\/2"}],"replies":[{"embeddable":true,"href":"https:\/\/www.europesays.com\/fr\/wp-json\/wp\/v2\/comments?post=594039"}],"version-history":[{"count":0,"href":"https:\/\/www.europesays.com\/fr\/wp-json\/wp\/v2\/posts\/594039\/revisions"}],"wp:featuredmedia":[{"embeddable":true,"href":"https:\/\/www.europesays.com\/fr\/wp-json\/wp\/v2\/media\/594040"}],"wp:attachment":[{"href":"https:\/\/www.europesays.com\/fr\/wp-json\/wp\/v2\/media?parent=594039"}],"wp:term":[{"taxonomy":"category","embeddable":true,"href":"https:\/\/www.europesays.com\/fr\/wp-json\/wp\/v2\/categories?post=594039"},{"taxonomy":"post_tag","embeddable":true,"href":"https:\/\/www.europesays.com\/fr\/wp-json\/wp\/v2\/tags?post=594039"}],"curies":[{"name":"wp","href":"https:\/\/api.w.org\/{rel}","templated":true}]}}