{"id":594055,"date":"2025-12-12T02:23:33","date_gmt":"2025-12-12T02:23:33","guid":{"rendered":"https:\/\/www.europesays.com\/fr\/594055\/"},"modified":"2025-12-12T02:23:33","modified_gmt":"2025-12-12T02:23:33","slug":"ca-fait-drole-la-premiere-fois-pourquoi-les-essais-du-tram-intriguent-autant","status":"publish","type":"post","link":"https:\/\/www.europesays.com\/fr\/594055\/","title":{"rendered":"\u00ab\u00a0\u00c7a fait dr\u00f4le la premi\u00e8re fois\u00a0\u00bb, pourquoi les essais du tram intriguent autant"},"content":{"rendered":"<p>                    Par<br \/>\n        <strong><br \/>\n            <a href=\"https:\/\/actu.fr\/auteur\/lea-pippinato\" title=\"Consulter tous les articles de L\u00e9a Pippinato\" target=\"_blank\" rel=\"noopener\">L\u00e9a Pippinato<\/a><br \/>\n                    <\/strong><\/p>\n<p>        Publi\u00e9 le<\/p>\n<p>            11 d\u00e9c. 2025 \u00e0 17h22        <\/p>\n<p>Sur l\u2019avenue Lepic, un enfant a compt\u00e9 \u00ab\u00a0huit passages en une heure\u00a0\u00bb. La marche \u00e0 blanc attire autant qu\u2019elle interroge, \u00e0 dix jours d\u2019un lancement attendu depuis plus de dix ans.<\/p>\n<p class=\" wall-content\"><a href=\"https:\/\/actu.fr\/occitanie\/montpellier_34172\/j-7-pour-l-inauguration-de-la-ligne-5-de-tram-a-montpellier-quel-est-le-programme-des-festivites_63506916.html\" target=\"_blank\" rel=\"noopener\"> Jusqu\u2019\u00e0 la mise en service pr\u00e9vue ce samedi 20 d\u00e9cembre 2025<\/a>, les rames de la ligne 5 circulent en conditions r\u00e9elles sur tout le trac\u00e9. Elles relient Clapiers, au nord de la m\u00e9tropole de Montpellier, \u00e0 Lav\u00e9rune, \u00e0 l\u2019ouest. Le parcours couvre pr\u00e8s de 16,5 km et dessert 27 stations. Le trajet entre les deux terminus dure 45 minutes. La ligne entre dans <strong>sa phase de marche \u00e0 blanc<\/strong>. Les \u00e9quipes observent les r\u00e9actions du mat\u00e9riel dans une configuration proche de l\u2019exploitation quotidienne. Cette \u00e9tape cl\u00f4t <a href=\"https:\/\/actu.fr\/occitanie\/montpellier_34172\/tramway-le-trace-de-la-ligne-5-devoile_23213171.html\" target=\"_blank\" rel=\"noopener\">un chantier engag\u00e9 depuis de nombreuses ann\u00e9es.<\/a><\/p>\n<p>Un ballet de rames qui intrigue les habitants<\/p>\n<p class=\" wall-content\">Les rames blanches et vertes deviennent visibles dans tous les quartiers travers\u00e9s. Leur passage r\u00e9gulier surprend les riverains. Beaucoup s\u2019arr\u00eatent pour regarder ces voitures qui filent encore sans voyageurs. Sur l\u2019avenue Lepic, les sc\u00e8nes se r\u00e9p\u00e8tent \u00e0 chaque essai.<br \/>\u00ab\u00a0Je n\u2019avais jamais vu un tram passer aussi pr\u00e8s de chez moi\u00a0\u00bb, assure Chantal, 72 ans, install\u00e9e ici depuis plus de vingt ans. \u00ab\u00a0La premi\u00e8re rame m\u2019a coup\u00e9 le souffle. Je trouvais le bruit tr\u00e8s doux. J\u2019ai m\u00eame attendu la suivante pour comparer la vitesse. Je d\u00e9couvre tout cela sans appr\u00e9hension. Ce sera utile pour notre quartier.\u00a0\u00bb<\/p>\n<p>    <a href=\"https:\/\/www.google.com\/maps\/embed?pb=!1m18!1m12!1m3!1d23115.34922865283!2d3.8404096!3d43.597823999999996!2m3!1f0!2f0!3f0!3m2!1i1024!2i768!4f13.1!3m3!1m2!1s0x12b6ae52aa1ef331%3A0x8acefb141eb917c0!2sAv.%20Lepic%2C%2034070%20Montpellier!5e0!3m2!1sfr!2sfr!4v1765364668442!5m2!1sfr!2sfr\" title=\"Ouvrie le lien\" target=\"_blank\" rel=\"noopener\">Cliquez ici pour visualiser le contenu<\/a><\/p>\n<p class=\" wall-content\">Plus loin, devant un commerce, Karim, 46 ans, partage un autre point de vue. \u00ab\u00a0Je surveille chaque passage. J\u2019esp\u00e8re un service fiable. Je vois les agents noter beaucoup de choses. Je me dis qu\u2019ils prennent ces essais au s\u00e9rieux. Cela me rassure. Je pense \u00e0 mes trajets pour aller travailler.\u00a0\u00bb<\/p>\n<p>Vid\u00e9os : en ce moment sur ActuUn changement d\u00e9j\u00e0 visible dans le quotidien<\/p>\n<p class=\" wall-content\">Le passage r\u00e9gulier des rames modifie d\u00e9j\u00e0 l\u2019ambiance du trac\u00e9. Certains habitants s\u2019habituent \u00e0 la pr\u00e9sence du tram. D\u2019autres mesurent l\u2019impact sur leur mobilit\u00e9. \u00ab\u00a0Je me suis mise \u00e0 calculer le temps que je gagnerai pour aller au centre-ville\u00a0\u00bb, confie L\u00e9a, 29 ans, qui vit pr\u00e8s du futur arr\u00eat parc Font Colombe. \u00ab\u00a0Je suivais le chantier depuis des ann\u00e9es. Je ne r\u00e9alisais pas que l\u2019ouverture \u00e9tait si proche. La premi\u00e8re fois que j\u2019ai vu la rame passer, j\u2019ai ressenti une sorte de soulagement. Je pense que je laisserai ma voiture plus souvent.\u00a0\u00bb Un retrait\u00e9, Andr\u00e9, 78 ans, se montre plus amus\u00e9 que surpris. \u00ab\u00a0J\u2019ai vu les ouvriers creuser, poser les rails, puis revenir encore et encore. J\u2019attendais ce moment. Quand j\u2019ai aper\u00e7u la premi\u00e8re rame, j\u2019ai d\u00e9clar\u00e9 \u00e0 ma femme : \u2018\u00c7a y est, cette fois c\u2019est vrai !\u2019 Je me suis dit que j\u2019assistais \u00e0 la fin d\u2019un feuilleton.\u00a0\u00bb La ligne 5 n\u2019a pas encore accueilli un seul voyageur, mais elle semble d\u00e9j\u00e0 avoir conquis son public.<\/p>\n<p>    <img   decoding=\"async\" loading=\"lazy\" src=\"https:\/\/www.europesays.com\/fr\/wp-content\/uploads\/2025\/12\/tempimagetw9zwe-960x640.jpg\" alt=\"Les premiers tests en conditions r\u00e9elles se d\u00e9roulent entre Clapiers et Lav\u00e9rune.\" width=\"960\" height=\"640\"\/><br \/>\n    Les premiers tests en conditions r\u00e9elles se d\u00e9roulent entre Clapiers et Lav\u00e9rune. (\u00a9M\u00e9tropolitain \/ LP)<\/p>\n<p class=\" wall-content\">Personnalisez votre actualit\u00e9 en ajoutant vos villes et m\u00e9dias en favori avec <a href=\"https:\/\/moncompte.actu.fr\" title=\"D\u00e9couvez Mon Actu\" rel=\"nofollow noopener\" data-trk=\"{&quot;cta&quot;:{&quot;action&quot;:&quot;https:\\\/\\\/moncompte.actu.fr&quot;,&quot;category&quot;:&quot;mon compte&quot;,&quot;from&quot;:&quot;article footer&quot;,&quot;name&quot;:&quot;Mon actu&quot;,&quot;type&quot;:&quot;cta&quot;}}\" target=\"_blank\">Mon Actu<\/a>.<\/p>\n","protected":false},"excerpt":{"rendered":"Par L\u00e9a Pippinato Publi\u00e9 le 11 d\u00e9c. 2025 \u00e0 17h22 Sur l\u2019avenue Lepic, un enfant a compt\u00e9 \u00ab\u00a0huit&hellip;\n","protected":false},"author":2,"featured_media":594056,"comment_status":"","ping_status":"","sticky":false,"template":"","format":"standard","meta":{"footnotes":""},"categories":[9599],"tags":[1111,11,1777,674,1011,27,2208,12,2680,25,104,59623,2803,2086],"class_list":{"0":"post-594055","1":"post","2":"type-post","3":"status-publish","4":"format-standard","5":"has-post-thumbnail","7":"category-montpellier","8":"tag-actu","9":"tag-actualites","10":"tag-eu","11":"tag-europe","12":"tag-fr","13":"tag-france","14":"tag-montpellier","15":"tag-news","16":"tag-occitanie","17":"tag-republique-francaise","18":"tag-societe","19":"tag-tam","20":"tag-transport","21":"tag-travaux"},"share_on_mastodon":{"url":"https:\/\/pubeurope.com\/@fr\/115704221861419618","error":""},"_links":{"self":[{"href":"https:\/\/www.europesays.com\/fr\/wp-json\/wp\/v2\/posts\/594055","targetHints":{"allow":["GET"]}}],"collection":[{"href":"https:\/\/www.europesays.com\/fr\/wp-json\/wp\/v2\/posts"}],"about":[{"href":"https:\/\/www.europesays.com\/fr\/wp-json\/wp\/v2\/types\/post"}],"author":[{"embeddable":true,"href":"https:\/\/www.europesays.com\/fr\/wp-json\/wp\/v2\/users\/2"}],"replies":[{"embeddable":true,"href":"https:\/\/www.europesays.com\/fr\/wp-json\/wp\/v2\/comments?post=594055"}],"version-history":[{"count":0,"href":"https:\/\/www.europesays.com\/fr\/wp-json\/wp\/v2\/posts\/594055\/revisions"}],"wp:featuredmedia":[{"embeddable":true,"href":"https:\/\/www.europesays.com\/fr\/wp-json\/wp\/v2\/media\/594056"}],"wp:attachment":[{"href":"https:\/\/www.europesays.com\/fr\/wp-json\/wp\/v2\/media?parent=594055"}],"wp:term":[{"taxonomy":"category","embeddable":true,"href":"https:\/\/www.europesays.com\/fr\/wp-json\/wp\/v2\/categories?post=594055"},{"taxonomy":"post_tag","embeddable":true,"href":"https:\/\/www.europesays.com\/fr\/wp-json\/wp\/v2\/tags?post=594055"}],"curies":[{"name":"wp","href":"https:\/\/api.w.org\/{rel}","templated":true}]}}