{"id":594059,"date":"2025-12-12T02:26:30","date_gmt":"2025-12-12T02:26:30","guid":{"rendered":"https:\/\/www.europesays.com\/fr\/594059\/"},"modified":"2025-12-12T02:26:30","modified_gmt":"2025-12-12T02:26:30","slug":"une-simulation-daccident-chimique-en-guise-dentrainement-a-lusine-brenntag","status":"publish","type":"post","link":"https:\/\/www.europesays.com\/fr\/594059\/","title":{"rendered":"Une simulation d\u2019accident chimique en guise d\u2019entra\u00eenement \u00e0 l\u2019usine Brenntag"},"content":{"rendered":"<p>Un exercice d\u2019envergure a \u00e9t\u00e9 men\u00e9 ce matin \u00e0 Montville, au nord de Rouen (<a href=\"https:\/\/www.20minutes.fr\/dossier\/seine_maritime-1\" class=\"c-link c-link--is-underlined\" target=\"_blank\" rel=\"noopener\">Seine-Maritime<\/a>), afin de simuler un accident industriel dans l\u2019usine Brenntag. Class\u00e9 Seveso seuil haut, le site sert de terrain d\u2019entra\u00eenement pour \u00e9prouver les plans d\u2019intervention internes et le Plan particulier d\u2019intervention (PPI), rapporte <a href=\"https:\/\/www.francebleu.fr\/infos\/societe\/risque-industriel-un-exercice-de-simulation-d-accident-industriel-dans-une-usine-chimique-a-montville-pres-de-rouen-5741170\" rel=\"nofollow noopener\" target=\"_blank\" class=\"c-link c-link--is-underlined\">ICI Normandie<\/a>.<\/p>\n<p>Pour recr\u00e9er les conditions d\u2019une v\u00e9ritable urgence, les sir\u00e8nes de l\u2019usine et des communes voisines ont \u00e9t\u00e9 activ\u00e9es, tandis que le syst\u00e8me FR-Alert a envoy\u00e9 simultan\u00e9ment un message sur les t\u00e9l\u00e9phones situ\u00e9s dans un rayon de 610 m\u00e8tres. Le sc\u00e9nario, gard\u00e9 secret jusqu\u2019au lancement \u00e0 10 heures, reposait sur <a href=\"https:\/\/www.20minutes.fr\/faits_divers\/4121104-20241113-sarthe-quarante-pompiers-interviennent-fuite-chimique-pres-mans\" class=\"c-link c-link--is-underlined\" target=\"_blank\" rel=\"noopener\">une fuite chimique<\/a> ayant provoqu\u00e9 un nuage toxique.<\/p>\n<p>Plusieurs communes et \u00e9tablissements scolaires impliqu\u00e9s<\/p>\n<p>L\u2019exercice a concern\u00e9 directement Montville, Malaunay et Eslettes, o\u00f9 les sir\u00e8nes ont retenti avant la diffusion des messages d\u2019alerte sur mobile. Des communes en dehors du p\u00e9rim\u00e8tre ont \u00e9galement re\u00e7u la notification car la pr\u00e9fecture souhaitait v\u00e9rifier la fiabilit\u00e9 du dispositif.<\/p>\n<\/p>\n<p>Il n\u2019a pas \u00e9t\u00e9 demand\u00e9 au public de suivre les consignes associ\u00e9es \u00e0 ce type d\u2019alerte, comme <a href=\"https:\/\/www.20minutes.fr\/societe\/confinement\/\" class=\"c-link c-link--is-underlined\" target=\"_blank\" rel=\"noopener\">le confinement<\/a> ou la lib\u00e9ration des lignes t\u00e9l\u00e9phoniques. En revanche, une dizaine d\u2019\u00e9coles du secteur ont particip\u00e9 pleinement \u00e0 l\u2019op\u00e9ration en testant leur propre protocole de mise en s\u00fbret\u00e9, afin de se pr\u00e9parer \u00e0 une \u00e9ventuelle situation r\u00e9elle.<\/p>\n","protected":false},"excerpt":{"rendered":"Un exercice d\u2019envergure a \u00e9t\u00e9 men\u00e9 ce matin \u00e0 Montville, au nord de Rouen (Seine-Maritime), afin de simuler&hellip;\n","protected":false},"author":2,"featured_media":594060,"comment_status":"","ping_status":"","sticky":false,"template":"","format":"standard","meta":{"footnotes":""},"categories":[9587],"tags":[1111,47,11,1777,674,1011,27,12,5161,25,9590,5163,28957,25987,104],"class_list":{"0":"post-594059","1":"post","2":"type-post","3":"status-publish","4":"format-standard","5":"has-post-thumbnail","7":"category-rouen","8":"tag-actu","9":"tag-actualite","10":"tag-actualites","11":"tag-eu","12":"tag-europe","13":"tag-fr","14":"tag-france","15":"tag-news","16":"tag-normandie","17":"tag-republique-francaise","18":"tag-rouen","19":"tag-seine-maritime","20":"tag-seveso","21":"tag-simulation","22":"tag-societe"},"share_on_mastodon":{"url":"https:\/\/pubeurope.com\/@fr\/115704232877015102","error":""},"_links":{"self":[{"href":"https:\/\/www.europesays.com\/fr\/wp-json\/wp\/v2\/posts\/594059","targetHints":{"allow":["GET"]}}],"collection":[{"href":"https:\/\/www.europesays.com\/fr\/wp-json\/wp\/v2\/posts"}],"about":[{"href":"https:\/\/www.europesays.com\/fr\/wp-json\/wp\/v2\/types\/post"}],"author":[{"embeddable":true,"href":"https:\/\/www.europesays.com\/fr\/wp-json\/wp\/v2\/users\/2"}],"replies":[{"embeddable":true,"href":"https:\/\/www.europesays.com\/fr\/wp-json\/wp\/v2\/comments?post=594059"}],"version-history":[{"count":0,"href":"https:\/\/www.europesays.com\/fr\/wp-json\/wp\/v2\/posts\/594059\/revisions"}],"wp:featuredmedia":[{"embeddable":true,"href":"https:\/\/www.europesays.com\/fr\/wp-json\/wp\/v2\/media\/594060"}],"wp:attachment":[{"href":"https:\/\/www.europesays.com\/fr\/wp-json\/wp\/v2\/media?parent=594059"}],"wp:term":[{"taxonomy":"category","embeddable":true,"href":"https:\/\/www.europesays.com\/fr\/wp-json\/wp\/v2\/categories?post=594059"},{"taxonomy":"post_tag","embeddable":true,"href":"https:\/\/www.europesays.com\/fr\/wp-json\/wp\/v2\/tags?post=594059"}],"curies":[{"name":"wp","href":"https:\/\/api.w.org\/{rel}","templated":true}]}}