{"id":594068,"date":"2025-12-12T02:37:27","date_gmt":"2025-12-12T02:37:27","guid":{"rendered":"https:\/\/www.europesays.com\/fr\/594068\/"},"modified":"2025-12-12T02:37:27","modified_gmt":"2025-12-12T02:37:27","slug":"strasbourg-leader-de-ligue-conference-et-qualifie-pour-les-8e-de-finale-alsasports","status":"publish","type":"post","link":"https:\/\/www.europesays.com\/fr\/594068\/","title":{"rendered":"Strasbourg leader de Ligue Conf\u00e9rence et qualifi\u00e9 pour les 8e de finale \u2014 Alsa&rsquo;Sports"},"content":{"rendered":"<p><strong>Gr\u00e2ce \u00e0 son court succ\u00e8s en \u00c9cosse ce jeudi \u00e0 Aberdeen (0-1), le Racing prend la place de leader de C4 et se qualifie d\u2019ores et d\u00e9j\u00e0 pour la suite de la comp\u00e9tition avant m\u00eame la derni\u00e8re journ\u00e9e. <\/strong><\/p>\n<p>Le Racing va dormir sur ses deux oreilles ce soir. Vainqueur d\u2019Aberdeen en \u00c9cosse ce jeudi soir pour la J5 de Ligue Conf\u00e9rence (0-1), le Racing Club de Strasbourg a assur\u00e9 l\u2019essentiel et passe en t\u00eate du classement. Samsunspor, leader avant cette journ\u00e9e, a perdu ce jeudi \u00e0 domicile contre l\u2019AEK Ath\u00e8nes (1-2). Strasbourg fait la tr\u00e8s bonne op\u00e9ration du jour et se qualifie d\u2019ores et d\u00e9j\u00e0 pour la suite de la comp\u00e9tition en huiti\u00e8me de finale. Avec un ultime objectif qui aura son importance la semaine prochaine lors de la sixi\u00e8me et derni\u00e8re journ\u00e9e de C4 contre Breidablik : finir dans les deux premiers permettra au club alsacien de recevoir au match retour lors des phases finales. Pour que la Meinau soit le dernier rempart des futurs adversaires europ\u00e9ens, le Racing devra faire le travail \u00e0 domicile la semaine prochaine. <\/p>\n","protected":false},"excerpt":{"rendered":"Gr\u00e2ce \u00e0 son court succ\u00e8s en \u00c9cosse ce jeudi \u00e0 Aberdeen (0-1), le Racing prend la place de&hellip;\n","protected":false},"author":2,"featured_media":594069,"comment_status":"","ping_status":"","sticky":false,"template":"","format":"standard","meta":{"footnotes":""},"categories":[2820],"tags":[1111,11,1777,674,63,1011,27,775,43670,12,4448,25,640],"class_list":{"0":"post-594068","1":"post","2":"type-post","3":"status-publish","4":"format-standard","5":"has-post-thumbnail","7":"category-strasbourg","8":"tag-actu","9":"tag-actualites","10":"tag-eu","11":"tag-europe","12":"tag-football","13":"tag-fr","14":"tag-france","15":"tag-grand-est","16":"tag-ligue-conference","17":"tag-news","18":"tag-rc-strasbourg","19":"tag-republique-francaise","20":"tag-strasbourg"},"share_on_mastodon":{"url":"https:\/\/pubeurope.com\/@fr\/115704276257033244","error":""},"_links":{"self":[{"href":"https:\/\/www.europesays.com\/fr\/wp-json\/wp\/v2\/posts\/594068","targetHints":{"allow":["GET"]}}],"collection":[{"href":"https:\/\/www.europesays.com\/fr\/wp-json\/wp\/v2\/posts"}],"about":[{"href":"https:\/\/www.europesays.com\/fr\/wp-json\/wp\/v2\/types\/post"}],"author":[{"embeddable":true,"href":"https:\/\/www.europesays.com\/fr\/wp-json\/wp\/v2\/users\/2"}],"replies":[{"embeddable":true,"href":"https:\/\/www.europesays.com\/fr\/wp-json\/wp\/v2\/comments?post=594068"}],"version-history":[{"count":0,"href":"https:\/\/www.europesays.com\/fr\/wp-json\/wp\/v2\/posts\/594068\/revisions"}],"wp:featuredmedia":[{"embeddable":true,"href":"https:\/\/www.europesays.com\/fr\/wp-json\/wp\/v2\/media\/594069"}],"wp:attachment":[{"href":"https:\/\/www.europesays.com\/fr\/wp-json\/wp\/v2\/media?parent=594068"}],"wp:term":[{"taxonomy":"category","embeddable":true,"href":"https:\/\/www.europesays.com\/fr\/wp-json\/wp\/v2\/categories?post=594068"},{"taxonomy":"post_tag","embeddable":true,"href":"https:\/\/www.europesays.com\/fr\/wp-json\/wp\/v2\/tags?post=594068"}],"curies":[{"name":"wp","href":"https:\/\/api.w.org\/{rel}","templated":true}]}}