{"id":594074,"date":"2025-12-12T02:40:24","date_gmt":"2025-12-12T02:40:24","guid":{"rendered":"https:\/\/www.europesays.com\/fr\/594074\/"},"modified":"2025-12-12T02:40:24","modified_gmt":"2025-12-12T02:40:24","slug":"le-pere-noel-et-les-benevoles-au-taquet-pour-la-soiree-des-rockeurs-ont-du-coeur-samedi-a","status":"publish","type":"post","link":"https:\/\/www.europesays.com\/fr\/594074\/","title":{"rendered":"Le P\u00e8re No\u00ebl et les b\u00e9n\u00e9voles au taquet pour la soir\u00e9e des Rockeurs ont du c\u0153ur, samedi, \u00e0"},"content":{"rendered":"<p>Quelques jours avant les retrouvailles avec son public, samedi 13\u00a0d\u00e9cembre, \u00e0 Stereolux, \u00e0 Nantes (Loire-Atlantique), le P\u00e8re No\u00ebl des rockeurs ne cache pas son impatience\u00a0: \u00a0Ce que j\u2019aime ici, c\u2019est l\u2019esprit familial. De se retrouver lors d\u2019un \u00e9v\u00e9nement solidaire.\u00a0<\/p>\n<p><a href=\"https:\/\/nantes.maville.com\/actu\/actudet_-rock-around-the-hotte-pour-les-restos-du-coeur-et-les-enfants-a-stereolux-_52716-7090525_actu.Htm\" target=\"_blank\" rel=\"noopener\">La soir\u00e9e des Rockeurs ont du c\u0153ur <\/a>repr\u00e9sente plus de 50\u00a0% des jouets donn\u00e9s aux Restos du c\u0153ur de Loire-Atlantique. Car pour y participer, il n\u2019y a pas de r\u00e9servation, ni de billet. L\u2019entr\u00e9e est uniquement possible si l\u2019on se pr\u00e9sente avec un jouet neuf (d\u2019une valeur de 10\u00a0\u20ac minimum). \u00a0C\u2019est souvent intense, mais c\u2019est tellement bon enfant que c\u2019est un r\u00e9el plaisir de venir\u00a0\u00bb,poursuit le P\u00e8re No\u00ebl. Avec cette conviction d\u2019apporter un soutien et de faire plaisir \u00e0 ceux qui ont eu une ann\u00e9e compliqu\u00e9e, les Rockeurs ont du c\u0153ur rassemblent dans un esprit f\u00e9d\u00e9rateur.<\/p>\n<p>Actif depuis sept\u00a0ans, Willy, qui porte aussi la grande barbe blanche, est b\u00e9n\u00e9vole pour la restauration de l\u2019\u00e9v\u00e9nement. Il a lui aussi pr\u00e9vu son cadeau\u00a0: \u00a0Un jeu de soci\u00e9t\u00e9 en bois et une peluche.\u00a0 Cet \u00e9v\u00e9nement se construit \u00e0 \u00e9chelle humaine, avec un noyau important de b\u00e9n\u00e9voles. Ils seront entre 150 et 200\u00a0cette ann\u00e9e. \u00a0On est six \u00e0 sept pour pr\u00e9parer 200\u00a0repas des b\u00e9n\u00e9voles\u00a0\u00bb,t\u00e9moigne Willy.<\/p>\n<p>Routiers du rock et d\u00e9couvertes<\/p>\n<p>Quant au P\u00e8re No\u00ebl, il se baladera dans la file d\u2019attente pour discuter avec ses admirateurs et aura l\u2019occasion de recroiser son public dans la salle de concert.<\/p>\n<p>La programmation s\u2019organise avec la volont\u00e9 de m\u00e9langer des groupes plus populaires et des d\u00e9couvertes locales. Une opportunit\u00e9, pour de plus petits groupes, de se faire conna\u00eetre. \u00a0J\u2019ai surtout suivi Cachemire et Les fils de joie\u00a0\u00bb, confie le P\u00e8re No\u00ebl \u00e0 propos de la programmation de cette ann\u00e9e. On retrouvera aussi le duo nantais Gar\u00e7on sauvage. Un m\u00e9lange de musiques \u00e9lectroniques, rock et post-punk sera propos\u00e9 par Provence98. Le groupe Jenny With The Band repr\u00e9sentera la sc\u00e8ne rock actuelle. Et Jessica Delot, qui s\u2019inspire des cultures bretonne et celtique, d\u00e9voilera un univers \u00e9lectro cin\u00e9matographique et hypnotique.<\/p>\n<p><strong>Samedi 13\u00a0d\u00e9cembre,<\/strong> \u00e0 partir de 19\u00a0h\u00a030, Stereolux, 4, boulevard L\u00e9on-Bureau, \u00e0 Nantes. Payant (un jouet neuf (10\u00a0\u20ac minimum) pour une entr\u00e9e), bus ligne 5, arr\u00eat Hangar \u00e0 Bananes.<\/p>\n<p>\u00a0<\/p>\n","protected":false},"excerpt":{"rendered":"Quelques jours avant les retrouvailles avec son public, samedi 13\u00a0d\u00e9cembre, \u00e0 Stereolux, \u00e0 Nantes (Loire-Atlantique), le P\u00e8re No\u00ebl&hellip;\n","protected":false},"author":2,"featured_media":594075,"comment_status":"","ping_status":"","sticky":false,"template":"","format":"standard","meta":{"footnotes":""},"categories":[2818],"tags":[1111,11,15089,1777,674,1011,27,766,12,15830,2636,6552,25,64082,3982,953,70685,11489],"class_list":{"0":"post-594074","1":"post","2":"type-post","3":"status-publish","4":"format-standard","5":"has-post-thumbnail","7":"category-nantes","8":"tag-actu","9":"tag-actualites","10":"tag-benevoles","11":"tag-eu","12":"tag-europe","13":"tag-fr","14":"tag-france","15":"tag-nantes","16":"tag-news","17":"tag-noel","18":"tag-pays-de-la-loire","19":"tag-pere","20":"tag-republique-francaise","21":"tag-rockeurs","22":"tag-samedi","23":"tag-soiree","24":"tag-taquet","25":"tag-ur"},"share_on_mastodon":{"url":"https:\/\/pubeurope.com\/@fr\/115704287972881380","error":""},"_links":{"self":[{"href":"https:\/\/www.europesays.com\/fr\/wp-json\/wp\/v2\/posts\/594074","targetHints":{"allow":["GET"]}}],"collection":[{"href":"https:\/\/www.europesays.com\/fr\/wp-json\/wp\/v2\/posts"}],"about":[{"href":"https:\/\/www.europesays.com\/fr\/wp-json\/wp\/v2\/types\/post"}],"author":[{"embeddable":true,"href":"https:\/\/www.europesays.com\/fr\/wp-json\/wp\/v2\/users\/2"}],"replies":[{"embeddable":true,"href":"https:\/\/www.europesays.com\/fr\/wp-json\/wp\/v2\/comments?post=594074"}],"version-history":[{"count":0,"href":"https:\/\/www.europesays.com\/fr\/wp-json\/wp\/v2\/posts\/594074\/revisions"}],"wp:featuredmedia":[{"embeddable":true,"href":"https:\/\/www.europesays.com\/fr\/wp-json\/wp\/v2\/media\/594075"}],"wp:attachment":[{"href":"https:\/\/www.europesays.com\/fr\/wp-json\/wp\/v2\/media?parent=594074"}],"wp:term":[{"taxonomy":"category","embeddable":true,"href":"https:\/\/www.europesays.com\/fr\/wp-json\/wp\/v2\/categories?post=594074"},{"taxonomy":"post_tag","embeddable":true,"href":"https:\/\/www.europesays.com\/fr\/wp-json\/wp\/v2\/tags?post=594074"}],"curies":[{"name":"wp","href":"https:\/\/api.w.org\/{rel}","templated":true}]}}