{"id":594084,"date":"2025-12-12T02:46:13","date_gmt":"2025-12-12T02:46:13","guid":{"rendered":"https:\/\/www.europesays.com\/fr\/594084\/"},"modified":"2025-12-12T02:46:13","modified_gmt":"2025-12-12T02:46:13","slug":"a68-coupee-et-deviee-direction-toulouse","status":"publish","type":"post","link":"https:\/\/www.europesays.com\/fr\/594084\/","title":{"rendered":"A68 coup\u00e9e et d\u00e9vi\u00e9e direction Toulouse"},"content":{"rendered":"<p itemprop=\"description\">Une nouvelle manifestation perturbe la circulation \u00e0 l\u2019est de Toulouse. L\u2019autoroute A68 est coup\u00e9e entre Gemil (sortie n\u00b04) et Montastruc en direction de Toulouse. La sortie est obligatoire pour les automobilistes. Une dizaine d\u2019engins agricoles sont arriv\u00e9s peu avant 19h, provoquant ce blocage.<\/p>\n<p>        La mobilisation agricole s\u2019\u00e9tend ce jeudi soir \u00e0 l\u2019est de Toulouse. Peu avant 19 heures, une dizaine d\u2019engins agricoles ont pris position sur l\u2019autoroute A68, entra\u00eenant la coupure compl\u00e8te de la section entre Gemil (sortie n\u00b04) et Montastruc (n\u00b03) en direction de Toulouse. Les automobilistes sont contraints d\u2019effectuer une sortie obligatoire \u00e0 Montastruc pour contourner le blocage.<br \/>\nLe bouchon s&rsquo;\u00e9tend pour le moment sur 2 km.<\/p>\n<p>Ce point strat\u00e9gique, situ\u00e9 sur l\u2019axe reliant Albi \u00e0 Toulouse, conna\u00eet d\u00e9sormais des perturbations importantes. La circulation reste fortement impact\u00e9e, avec des ralentissements sur les routes secondaires.<\/p>\n<p>Cette action s\u2019inscrit dans le cadre des manifestations agricoles qui se multiplient dans la r\u00e9gion depuis la d\u00e9couverte d\u2019un foyer de dermatose nodulaire contagieuse en Ari\u00e8ge.<\/p>\n<p>La situation \u00e9volue rapidement et pourrait entra\u00eener des perturbations suppl\u00e9mentaires dans la soir\u00e9e. Les usagers sont invit\u00e9s \u00e0 consulter les informations de trafic en temps r\u00e9el avant de prendre la route et \u00e0 anticiper des retards sur l\u2019A68 et les axes secondaires.    <\/p>\n","protected":false},"excerpt":{"rendered":"Une nouvelle manifestation perturbe la circulation \u00e0 l\u2019est de Toulouse. L\u2019autoroute A68 est coup\u00e9e entre Gemil (sortie n\u00b04)&hellip;\n","protected":false},"author":2,"featured_media":594085,"comment_status":"","ping_status":"","sticky":false,"template":"","format":"standard","meta":{"footnotes":""},"categories":[2816],"tags":[1111,11,2572,7551,36078,70686,13635,1777,674,1011,27,2088,58447,12,2043,2680,3762,25,2312],"class_list":{"0":"post-594084","1":"post","2":"type-post","3":"status-publish","4":"format-standard","5":"has-post-thumbnail","7":"category-toulouse","8":"tag-actu","9":"tag-actualites","10":"tag-agriculteurs","11":"tag-blocage","12":"tag-coupee","13":"tag-deviee","14":"tag-direction","15":"tag-eu","16":"tag-europe","17":"tag-fr","18":"tag-france","19":"tag-manifestation","20":"tag-montastruc","21":"tag-news","22":"tag-nouvelle","23":"tag-occitanie","24":"tag-pres","25":"tag-republique-francaise","26":"tag-toulouse"},"share_on_mastodon":{"url":"https:\/\/pubeurope.com\/@fr\/115704311603926906","error":""},"_links":{"self":[{"href":"https:\/\/www.europesays.com\/fr\/wp-json\/wp\/v2\/posts\/594084","targetHints":{"allow":["GET"]}}],"collection":[{"href":"https:\/\/www.europesays.com\/fr\/wp-json\/wp\/v2\/posts"}],"about":[{"href":"https:\/\/www.europesays.com\/fr\/wp-json\/wp\/v2\/types\/post"}],"author":[{"embeddable":true,"href":"https:\/\/www.europesays.com\/fr\/wp-json\/wp\/v2\/users\/2"}],"replies":[{"embeddable":true,"href":"https:\/\/www.europesays.com\/fr\/wp-json\/wp\/v2\/comments?post=594084"}],"version-history":[{"count":0,"href":"https:\/\/www.europesays.com\/fr\/wp-json\/wp\/v2\/posts\/594084\/revisions"}],"wp:featuredmedia":[{"embeddable":true,"href":"https:\/\/www.europesays.com\/fr\/wp-json\/wp\/v2\/media\/594085"}],"wp:attachment":[{"href":"https:\/\/www.europesays.com\/fr\/wp-json\/wp\/v2\/media?parent=594084"}],"wp:term":[{"taxonomy":"category","embeddable":true,"href":"https:\/\/www.europesays.com\/fr\/wp-json\/wp\/v2\/categories?post=594084"},{"taxonomy":"post_tag","embeddable":true,"href":"https:\/\/www.europesays.com\/fr\/wp-json\/wp\/v2\/tags?post=594084"}],"curies":[{"name":"wp","href":"https:\/\/api.w.org\/{rel}","templated":true}]}}