{"id":594088,"date":"2025-12-12T02:48:20","date_gmt":"2025-12-12T02:48:20","guid":{"rendered":"https:\/\/www.europesays.com\/fr\/594088\/"},"modified":"2025-12-12T02:48:20","modified_gmt":"2025-12-12T02:48:20","slug":"bruno-genesio-trouve-un-de-ses-joueurs-exceptionnel-c3-j6-young-boys-lille-1-0","status":"publish","type":"post","link":"https:\/\/www.europesays.com\/fr\/594088\/","title":{"rendered":"Bruno Genesio trouve un de ses joueurs \u00ab\u202fexceptionnel\u202f\u00bb &#8211; C3 &#8211; J6 &#8211; Young Boys-Lille (1-0)"},"content":{"rendered":"<p>Son arr\u00eat n\u2019a pas suffi, mais il est tout de m\u00eame \u00e0 applaudir.<\/p>\n<p><a target=\"_blank\" href=\"https:\/\/www.sofoot.com\/articles\/ligue-europa-berke-ozer-lille-trois-arrets-pour-leternite-a-rome\" rel=\"noopener\">Sp\u00e9cialiste du penalty, Berke \u00d6zer<\/a> a r\u00e9cidiv\u00e9 ce jeudi soir \u00e0 l\u2019occasion de la sixi\u00e8me journ\u00e9e de phase de poule de Ligue Europa : si <a target=\"_blank\" href=\"https:\/\/www.sofoot.com\/breves\/europa-league-apres-lexpulsions-dayyoub-bouaddi-lille-sincline-sur-le-terrain-des-young-boys\" rel=\"noopener\">Lille s\u2019est inclin\u00e9 sur la pelouse des Young Boys<\/a>, <strong>le gardien avait repouss\u00e9 l\u2019\u00e9ch\u00e9ance en stoppant un p\u00e9no<\/strong> tir\u00e9 par Chris B\u00e9dia. \u00ab\u202fC\u2019est assez exceptionnel, il est tr\u00e8s bon dans cet exercice, a r\u00e9agi Bruno Genesio, en conf\u00e9rence de presse. Mais il faut aussi souligner que Nicolas Dehon pr\u00e9pare bien cet exercice, m\u00eame s\u2019il ne faut pas trop que je le dise car nos adversaires vont le savoir. Il y a une \u00e9tude faite avant chaque match de la part de Nicolas, qui donne beaucoup d\u2019infos sur les tireurs \u00e9ventuels de l\u2019\u00e9quipe adverse. Donc c\u2019est un travail collectif et il y a aussi le talent de Berke, qui a une pr\u00e9disposition sur cet exercice.\u00a0\u00bb<\/p>\n<p><strong>L\u2019entra\u00eeneur du Losc est \u00e9galement revenu sur Ayyoub Bouaddi<\/strong>, qui a \u00e9t\u00e9 expuls\u00e9 et qui a donc laiss\u00e9 ses partenaires en inf\u00e9riorit\u00e9 num\u00e9rique d\u00e8s la demi-heure de jeu : \u00ab\u202fIl \u00e9tait abattu \u00e0 la mi-temps et apr\u00e8s la rencontre, j\u2019ai dit que \u00e7a faisait partie de l\u2019apprentissage de sa jeune carri\u00e8re. Apr\u00e8s, il a v\u00e9cu une semaine pleine d\u2019\u00e9motions avec sa prolongation\u2026 Vous avez vu un article dans le journal, ce matin : ce n\u2019est jamais tr\u00e8s bon signe, le jour du match. \u00c7a se v\u00e9rifie de nouveau, donc peut-\u00eatre que c\u2019est aussi notre responsabilit\u00e9 et peut-\u00eatre qu\u2019on aurait d\u00fb le prot\u00e9ger davantage. Parce qu\u2019il a dix-huit ans, et parce qu\u2019il y a beaucoup de choses qui se disent autour de lui.\u202f\u00bb<\/p>\n<p>Comme quoi, faire la couverture des magazines n\u2019est pas toujours un bon plan.<\/p>\n<p>\t\t\t\t\t\t\t\t\t\t<a class=\"lien-connexe\" href=\"https:\/\/www.sofoot.com\/breves\/europa-league-apres-lexpulsions-dayyoub-bouaddi-lille-sincline-sur-le-terrain-des-young-boys\" target=\"_blank\" rel=\"noopener\">Ayyoub Bouaddi et un ex plombent Lille<\/a>\t\t\t\t\t<\/p>\n","protected":false},"excerpt":{"rendered":"Son arr\u00eat n\u2019a pas suffi, mais il est tout de m\u00eame \u00e0 applaudir. Sp\u00e9cialiste du penalty, Berke \u00d6zer&hellip;\n","protected":false},"author":2,"featured_media":594089,"comment_status":"","ping_status":"","sticky":false,"template":"","format":"standard","meta":{"footnotes":""},"categories":[2815],"tags":[1111,47,11,61,69,65,64,1777,674,63,1011,27,811,68,66,1307,12,62,70,25,67],"class_list":{"0":"post-594088","1":"post","2":"type-post","3":"status-publish","4":"format-standard","5":"has-post-thumbnail","7":"category-lille","8":"tag-actu","9":"tag-actualite","10":"tag-actualites","11":"tag-actus-football","12":"tag-bundesliga","13":"tag-championnats-europeens","14":"tag-equipe-de-france","15":"tag-eu","16":"tag-europe","17":"tag-football","18":"tag-fr","19":"tag-france","20":"tag-hauts-de-france","21":"tag-ligua","22":"tag-ligue-1","23":"tag-lille","24":"tag-news","25":"tag-news-foot","26":"tag-premier-league","27":"tag-republique-francaise","28":"tag-serie-a"},"share_on_mastodon":{"url":"https:\/\/pubeurope.com\/@fr\/115704319457950942","error":""},"_links":{"self":[{"href":"https:\/\/www.europesays.com\/fr\/wp-json\/wp\/v2\/posts\/594088","targetHints":{"allow":["GET"]}}],"collection":[{"href":"https:\/\/www.europesays.com\/fr\/wp-json\/wp\/v2\/posts"}],"about":[{"href":"https:\/\/www.europesays.com\/fr\/wp-json\/wp\/v2\/types\/post"}],"author":[{"embeddable":true,"href":"https:\/\/www.europesays.com\/fr\/wp-json\/wp\/v2\/users\/2"}],"replies":[{"embeddable":true,"href":"https:\/\/www.europesays.com\/fr\/wp-json\/wp\/v2\/comments?post=594088"}],"version-history":[{"count":0,"href":"https:\/\/www.europesays.com\/fr\/wp-json\/wp\/v2\/posts\/594088\/revisions"}],"wp:featuredmedia":[{"embeddable":true,"href":"https:\/\/www.europesays.com\/fr\/wp-json\/wp\/v2\/media\/594089"}],"wp:attachment":[{"href":"https:\/\/www.europesays.com\/fr\/wp-json\/wp\/v2\/media?parent=594088"}],"wp:term":[{"taxonomy":"category","embeddable":true,"href":"https:\/\/www.europesays.com\/fr\/wp-json\/wp\/v2\/categories?post=594088"},{"taxonomy":"post_tag","embeddable":true,"href":"https:\/\/www.europesays.com\/fr\/wp-json\/wp\/v2\/tags?post=594088"}],"curies":[{"name":"wp","href":"https:\/\/api.w.org\/{rel}","templated":true}]}}