{"id":594094,"date":"2025-12-12T02:52:44","date_gmt":"2025-12-12T02:52:44","guid":{"rendered":"https:\/\/www.europesays.com\/fr\/594094\/"},"modified":"2025-12-12T02:52:44","modified_gmt":"2025-12-12T02:52:44","slug":"le-maire-sortant-cedric-van-styvendael-sera-candidat","status":"publish","type":"post","link":"https:\/\/www.europesays.com\/fr\/594094\/","title":{"rendered":"le maire sortant C\u00e9dric Van Styvendael sera candidat"},"content":{"rendered":"<p itemprop=\"description\"><strong>La gauche a un nouveau candidat \u00e0 Villeurbanne.<\/strong><\/p>\n<p>Alors que Mathieu Garabedian portera les couleurs de LFI, et que l&rsquo;ancien maire <a href=\"https:\/\/www.lyonmag.com\/profil-personnalite-lyonnaise\/17\/jean-paul-bret\" target=\"_blank\" rel=\"noopener\">Jean-Paul Bret<\/a> tentera de retrouver le si\u00e8ge qu&rsquo;il avait laiss\u00e9 en 2020, <a href=\"https:\/\/www.lyonmag.com\/profil-personnalite-lyonnaise\/503\/cedric-van-styvendael\" target=\"_blank\" rel=\"noopener\">C\u00e9dric Van Styvendael<\/a> entre dans l&rsquo;ar\u00e8ne.<\/p>\n<p>Secret jusqu&rsquo;\u00e0 pr\u00e9sent sur ses vell\u00e9it\u00e9s d&rsquo;y retourner, l&rsquo;\u00e9dile villeurbannais sortant (PS) et vice-pr\u00e9sident de la M\u00e9tropole de Lyon charg\u00e9 de la Culture a officialis\u00e9 sa candidature ce jeudi soir dans un communiqu\u00e9 invitant la presse \u00e0 une conf\u00e9rence vendredi, pour pr\u00e9senter les grands axes de son projet.<\/p>\n<p>Comme \u00e0 Lyon ou \u00e0 la M\u00e9tropole, C\u00e9dric Van Styvendael pourra compter sur une union de la gauche \u00e0 ses c\u00f4t\u00e9s. Les Ecologistes, le PS, Place Publique, le PCF ou L&rsquo;Apr\u00e8s se rangent donc derri\u00e8re le maire de Villeurbanne dans cette bataille fratricide qui s&rsquo;annonce, contre des insoumis qui si\u00e8gent actuellement dans la majorit\u00e9 et un Jean-Paul Bret qui renie son successeur qu&rsquo;il avait pourtant choisi.<\/p>\n<p>Dans <a href=\"https:\/\/www.lyonmag.com\/article\/148550\/cedric-van-styvendael-les-villeurbannais-ont-envie-de-profiter-de-leur-ville\" target=\"_blank\" rel=\"noopener\">sa r\u00e9cente interview \u00e0 LyonMag<\/a> le 27 novembre dernier, CVS revenait sur son mandat rythm\u00e9 notamment par d&rsquo;importants travaux : \u00ab\u00a0Les Villeurbannais ont d\u00e9sormais envie de profiter de cette ville. Des nouveaux am\u00e9nagements, du tramway qui arrive le 14 f\u00e9vrier et qu&rsquo;on commence \u00e0 voir circuler, des nouveaux parcs, des espaces publics&#8230;\u00a0\u00bb Mais les \u00e9lecteurs trouveront-ils les b\u00e9n\u00e9fices d&rsquo;aujourd&rsquo;hui plus forts que les inconv\u00e9nients v\u00e9cus ces cinq derni\u00e8res ann\u00e9es ?<\/p>\n","protected":false},"excerpt":{"rendered":"La gauche a un nouveau candidat \u00e0 Villeurbanne. Alors que Mathieu Garabedian portera les couleurs de LFI, et&hellip;\n","protected":false},"author":2,"featured_media":594095,"comment_status":"","ping_status":"","sticky":false,"template":"","format":"standard","meta":{"footnotes":""},"categories":[1889],"tags":[1111,11,2813,2190,2430,1109,251,1112,2811,1777,674,118,1011,27,1922,1110,1114,2428,2810,12,241,316,25,2812,517,800],"class_list":{"0":"post-594094","1":"post","2":"type-post","3":"status-publish","4":"format-standard","5":"has-post-thumbnail","7":"category-lyon","8":"tag-actu","9":"tag-actualites","10":"tag-article","11":"tag-asvel","12":"tag-auvergne-rhone-alpes","13":"tag-breves","14":"tag-culture","15":"tag-depeches","16":"tag-economique","17":"tag-eu","18":"tag-europe","19":"tag-faits-divers","20":"tag-fr","21":"tag-france","22":"tag-info","23":"tag-informations","24":"tag-infos","25":"tag-lyon","26":"tag-lyonmag","27":"tag-news","28":"tag-ol","29":"tag-politique","30":"tag-republique-francaise","31":"tag-sociale","32":"tag-sport","33":"tag-transports"},"share_on_mastodon":{"url":"https:\/\/pubeurope.com\/@fr\/115704335139607152","error":""},"_links":{"self":[{"href":"https:\/\/www.europesays.com\/fr\/wp-json\/wp\/v2\/posts\/594094","targetHints":{"allow":["GET"]}}],"collection":[{"href":"https:\/\/www.europesays.com\/fr\/wp-json\/wp\/v2\/posts"}],"about":[{"href":"https:\/\/www.europesays.com\/fr\/wp-json\/wp\/v2\/types\/post"}],"author":[{"embeddable":true,"href":"https:\/\/www.europesays.com\/fr\/wp-json\/wp\/v2\/users\/2"}],"replies":[{"embeddable":true,"href":"https:\/\/www.europesays.com\/fr\/wp-json\/wp\/v2\/comments?post=594094"}],"version-history":[{"count":0,"href":"https:\/\/www.europesays.com\/fr\/wp-json\/wp\/v2\/posts\/594094\/revisions"}],"wp:featuredmedia":[{"embeddable":true,"href":"https:\/\/www.europesays.com\/fr\/wp-json\/wp\/v2\/media\/594095"}],"wp:attachment":[{"href":"https:\/\/www.europesays.com\/fr\/wp-json\/wp\/v2\/media?parent=594094"}],"wp:term":[{"taxonomy":"category","embeddable":true,"href":"https:\/\/www.europesays.com\/fr\/wp-json\/wp\/v2\/categories?post=594094"},{"taxonomy":"post_tag","embeddable":true,"href":"https:\/\/www.europesays.com\/fr\/wp-json\/wp\/v2\/tags?post=594094"}],"curies":[{"name":"wp","href":"https:\/\/api.w.org\/{rel}","templated":true}]}}