{"id":594096,"date":"2025-12-12T02:54:30","date_gmt":"2025-12-12T02:54:30","guid":{"rendered":"https:\/\/www.europesays.com\/fr\/594096\/"},"modified":"2025-12-12T02:54:30","modified_gmt":"2025-12-12T02:54:30","slug":"en-plus-de-lyon-aston-villa-et-midtjylland-sassurent-les-barrages","status":"publish","type":"post","link":"https:\/\/www.europesays.com\/fr\/594096\/","title":{"rendered":"en plus de Lyon, Aston Villa et Midtjylland s&rsquo;assurent les barrages"},"content":{"rendered":"<p>\n    Alors que l\u2019OL s\u2019est assur\u00e9 sa place en barrages ce jeudi en s\u2019imposant face aux Go Ahead Eagles, Midtjylland et Aston Villa se le sont assur\u00e9 \u00e9galement.<\/p>\n<p class=\"fig-paragraph\">Une bonne chose de faite. Lyon,\u00a0<a href=\"http:\/\/www.lefigaro.fr\/sports\/football\/ligue-europa\/ligue-europa-l-olympique-lyonnais-s-impose-et-garde-la-tete-du-classement-20251211\" target=\"_blank\" data-fig-type=\"NewsFlash\" rel=\"noopener\" data-gtm-custom-categorie=\"navigation\" data-gtm-custom-action=\"crossclick\" data-gtm-custom-label=\"Contextuel\" data-gtm-event=\"customEventSPE\" data-fig-domain=\"LEFIGARO\">vainqueur jeudi du club n\u00e9erlandais Go Ahead Eagles (2-1)<\/a>, a confort\u00e9\u00a0<a href=\"https:\/\/www.lefigaro.fr\/sports\/football\/ligue-europa\/classement\" target=\"_blank\" rel=\"nofollow noopener\" data-gtm-custom-categorie=\"navigation\" data-gtm-custom-action=\"crossclick\" data-gtm-custom-label=\"Contextuel\" data-gtm-event=\"customEventSPE\">sa premi\u00e8re place<\/a>\u00a0en Ligue Europa et assur\u00e9 au moins sa place en barrages, lors de\u00a0<a href=\"https:\/\/www.lefigaro.fr\/sports\/football\/ligue-europa\/calendrier-resultats?journee=6\" target=\"_blank\" rel=\"nofollow noopener\" data-gtm-custom-categorie=\"navigation\" data-gtm-custom-action=\"crossclick\" data-gtm-custom-label=\"Contextuel\" data-gtm-event=\"customEventSPE\">la 6e journ\u00e9e<\/a>.<\/p>\n<p class=\"fig-paragraph\">La soir\u00e9e a aussi souri \u00e0 ses coleaders, les Danois de Midtjylland et les Anglais d&rsquo;Aston Villa, victorieux respectivement de Genk (1-0) et \u00e0 B\u00e2le (2-1). Les Lyonnais totalisent 15 points \u00e0 deux journ\u00e9es de la fin et devancent \u00e0 la diff\u00e9rence de buts Midtjylland et Aston Villa.<\/p>\n<p>                                            <a class=\"fig-a11y-skip\" href=\"#fig-a11y-skip-main-inarticle\" data-module=\"a11y-skip\" data-context=\"was @visible\"><br \/>\n    Passer la publicit\u00e9<br \/>\n<\/a>            <\/p>\n<p class=\"fig-paragraph\">Derri\u00e8re le trio de t\u00eate, le Betis Seville (4e), Fribourg (5e), Ferencv\u00e1ros (6e), Braga (7e) et Porto (8e) ont \u00e9galement gagn\u00e9. L&rsquo;AS Rome, qui s&rsquo;est impos\u00e9e 3-0 sur la pelouse du Celtic, remonte \u00e0 la 10e place, \u00e0 un point du top 8, directement qualificatif pour les huiti\u00e8mes de finale.<\/p>\n<p class=\"fig-paragraph\">En bas de classement,\u00a0<a href=\"http:\/\/www.lefigaro.fr\/sports\/football\/ligue-europa\/ligue-europa-l-ogc-nice-s-enlise-un-peu-plus-dans-la-crise-le-losc-s-incline-face-au-young-boys-berne-20251211\" target=\"_blank\" data-fig-type=\"NewsFlash\" rel=\"noopener\" data-gtm-custom-categorie=\"navigation\" data-gtm-custom-action=\"crossclick\" data-gtm-custom-label=\"Contextuel\" data-gtm-event=\"customEventSPE\" data-fig-domain=\"LEFIGARO\">Nice<\/a>, encore battu et dernier avec z\u00e9ro point est officiellement \u00e9limin\u00e9.<\/p>\n","protected":false},"excerpt":{"rendered":"Alors que l\u2019OL s\u2019est assur\u00e9 sa place en barrages ce jeudi en s\u2019imposant face aux Go Ahead Eagles,&hellip;\n","protected":false},"author":2,"featured_media":594097,"comment_status":"","ping_status":"","sticky":false,"template":"","format":"standard","meta":{"footnotes":""},"categories":[1889],"tags":[1111,11,784,2430,1777,674,1011,27,2428,12,978,25],"class_list":{"0":"post-594096","1":"post","2":"type-post","3":"status-publish","4":"format-standard","5":"has-post-thumbnail","7":"category-lyon","8":"tag-actu","9":"tag-actualites","10":"tag-aston-villa","11":"tag-auvergne-rhone-alpes","12":"tag-eu","13":"tag-europe","14":"tag-fr","15":"tag-france","16":"tag-lyon","17":"tag-news","18":"tag-olympique-lyonnais","19":"tag-republique-francaise"},"share_on_mastodon":{"url":"https:\/\/pubeurope.com\/@fr\/115704342991169448","error":""},"_links":{"self":[{"href":"https:\/\/www.europesays.com\/fr\/wp-json\/wp\/v2\/posts\/594096","targetHints":{"allow":["GET"]}}],"collection":[{"href":"https:\/\/www.europesays.com\/fr\/wp-json\/wp\/v2\/posts"}],"about":[{"href":"https:\/\/www.europesays.com\/fr\/wp-json\/wp\/v2\/types\/post"}],"author":[{"embeddable":true,"href":"https:\/\/www.europesays.com\/fr\/wp-json\/wp\/v2\/users\/2"}],"replies":[{"embeddable":true,"href":"https:\/\/www.europesays.com\/fr\/wp-json\/wp\/v2\/comments?post=594096"}],"version-history":[{"count":0,"href":"https:\/\/www.europesays.com\/fr\/wp-json\/wp\/v2\/posts\/594096\/revisions"}],"wp:featuredmedia":[{"embeddable":true,"href":"https:\/\/www.europesays.com\/fr\/wp-json\/wp\/v2\/media\/594097"}],"wp:attachment":[{"href":"https:\/\/www.europesays.com\/fr\/wp-json\/wp\/v2\/media?parent=594096"}],"wp:term":[{"taxonomy":"category","embeddable":true,"href":"https:\/\/www.europesays.com\/fr\/wp-json\/wp\/v2\/categories?post=594096"},{"taxonomy":"post_tag","embeddable":true,"href":"https:\/\/www.europesays.com\/fr\/wp-json\/wp\/v2\/tags?post=594096"}],"curies":[{"name":"wp","href":"https:\/\/api.w.org\/{rel}","templated":true}]}}