{"id":594098,"date":"2025-12-12T02:57:27","date_gmt":"2025-12-12T02:57:27","guid":{"rendered":"https:\/\/www.europesays.com\/fr\/594098\/"},"modified":"2025-12-12T02:57:27","modified_gmt":"2025-12-12T02:57:27","slug":"liquidation-de-brandt-pres-de-250-emplois-supprimes-en-ile-de-france","status":"publish","type":"post","link":"https:\/\/www.europesays.com\/fr\/594098\/","title":{"rendered":"Liquidation de Brandt : Pr\u00e8s de 250 emplois supprim\u00e9s en Ile-de-France"},"content":{"rendered":"<p>            <a href=\"https:\/\/www.europesays.com\/fr\/wp-content\/uploads\/2025\/12\/a.jpg\" data-caption=\"Dans son si\u00e8ge de Rueil-Malmaison, Brandt embauche 156 salari\u00e9s. \u00a9 DR\"><img loading=\"lazy\" decoding=\"async\" width=\"1100\" height=\"586\" class=\"entry-thumb td-modal-image ewww_webp_lazy_load\" src=\"data:image\/svg+xml,%3Csvg%20xmlns=\" http:=\"\" alt=\"\" title=\"A\" data-lazy-src=\"https:\/\/www.europesays.com\/fr\/wp-content\/uploads\/2025\/12\/a.jpg\" data-lazy-src-webp=\"https:\/\/www.europesays.com\/fr\/wp-content\/uploads\/2025\/12\/a.jpg.webp\"\/><\/a>Dans son si\u00e8ge de Rueil-Malmaison, Brandt embauche 156 salari\u00e9s. \u00a9 DR<\/p>\n<p>Triste nouvelle pour l\u2019industrie fran\u00e7aise. Le tribunal a prononc\u00e9, ce jeudi, la liquidation judiciaire du groupe Brandt, laissant sur le carreau les quelque 700 salari\u00e9s du fabriquant d\u2019\u00e9lectrom\u00e9nager, dont pr\u00e8s de 250 en Ile-de-France : les 156 salari\u00e9s de son si\u00e8ge de Rueil-Malmaison (Hauts-de-Seine) et les 92 collaborateurs de son Service Apr\u00e8s-Vente (SAV) \u00e0 Cergy-Pontoise (Val-d\u2019Oise).<\/p>\n<p>\u00ab C\u2019est un fleuron de notre industrie qui dispara\u00eet \u00bb, d\u00e9plore Val\u00e9rie P\u00e9cresse, la pr\u00e9sidente (LR) de la R\u00e9gion. R\u00e9gion qui, suite \u00e0 la mise en redressement judiciaire des soci\u00e9t\u00e9s Groupe Brandt et Brandt, avait annonc\u00e9, mardi, son intention de soutenir le projet de reprise via la cr\u00e9ation d\u2019une SCOP (soci\u00e9t\u00e9 coop\u00e9rative de production) port\u00e9e par les salari\u00e9s avec l\u2019appui du Groupe Revive, par le biais d\u2019une aide d\u2019un million d\u2019euros \u00ab conditionn\u00e9e au maintien du site de Cergy-Pontoise et du si\u00e8ge social \u00bb.<\/p>\n<p>La R\u00e9gion \u00ab regrette que l\u2019offre de reprise de Brandt qu\u2019elle soutenait n\u2019ait pas \u00e9t\u00e9 retenue \u00bb. \u00ab Cette d\u00e9cision, d\u2019une grande brutalit\u00e9, va entra\u00eener le licenciement de pr\u00e8s de 250 salari\u00e9s en Ile-de-France \u00bb, d\u00e9plore la collectivit\u00e9 qui promet de rester \u00ab pleinement mobilis\u00e9e\u201d dans la phase de liquidation et \u00ab s\u2019engage \u00e0 d\u00e9ployer tous ses efforts pour accompagner une reprise du site offrant des opportunit\u00e9s de reclassement aux salari\u00e9s et assurant un devenir industriel au site \u00bb.<\/p>\n<p>\n            [auto_promo_mpl_cutom url=\u00a0\u00bbhttps:\/\/mapresselocale.fr\/titres\/l-echo-d-ile-de-france\u00a0\u00bb]        <\/p>\n","protected":false},"excerpt":{"rendered":"Dans son si\u00e8ge de Rueil-Malmaison, Brandt embauche 156 salari\u00e9s. \u00a9 DR Triste nouvelle pour l\u2019industrie fran\u00e7aise. Le tribunal&hellip;\n","protected":false},"author":2,"featured_media":594099,"comment_status":"","ping_status":"","sticky":false,"template":"","format":"standard","meta":{"footnotes":""},"categories":[1592],"tags":[1111,11,70688,37989,20741,341,257,1777,674,1011,27,3314,662,693,30191,12,626,9834,25,30224,45245,70690,70691,70692,70693,70689,2292],"class_list":{"0":"post-594098","1":"post","2":"type-post","3":"status-publish","4":"format-standard","5":"has-post-thumbnail","7":"category-ile-de-france","8":"tag-actu","9":"tag-actualites","10":"tag-brandt","11":"tag-cergy-pontoise","12":"tag-conseil-ru00e9gional","13":"tag-emploi","14":"tag-entreprise","15":"tag-eu","16":"tag-europe","17":"tag-fr","18":"tag-france","19":"tag-hauts-de-seine","20":"tag-ile-de-france","21":"tag-industrie","22":"tag-liquidation-judiciaire","23":"tag-news","24":"tag-paris","25":"tag-reprise","26":"tag-republique-francaise","27":"tag-rueil-malmaison","28":"tag-salariu00e9s","29":"tag-sav","30":"tag-scop","31":"tag-service-apru00e8s-vente","32":"tag-siu00e8ge","33":"tag-u00e9lectromu00e9nager","34":"tag-val-doise"},"share_on_mastodon":{"url":"https:\/\/pubeurope.com\/@fr\/115704354884473277","error":""},"_links":{"self":[{"href":"https:\/\/www.europesays.com\/fr\/wp-json\/wp\/v2\/posts\/594098","targetHints":{"allow":["GET"]}}],"collection":[{"href":"https:\/\/www.europesays.com\/fr\/wp-json\/wp\/v2\/posts"}],"about":[{"href":"https:\/\/www.europesays.com\/fr\/wp-json\/wp\/v2\/types\/post"}],"author":[{"embeddable":true,"href":"https:\/\/www.europesays.com\/fr\/wp-json\/wp\/v2\/users\/2"}],"replies":[{"embeddable":true,"href":"https:\/\/www.europesays.com\/fr\/wp-json\/wp\/v2\/comments?post=594098"}],"version-history":[{"count":0,"href":"https:\/\/www.europesays.com\/fr\/wp-json\/wp\/v2\/posts\/594098\/revisions"}],"wp:featuredmedia":[{"embeddable":true,"href":"https:\/\/www.europesays.com\/fr\/wp-json\/wp\/v2\/media\/594099"}],"wp:attachment":[{"href":"https:\/\/www.europesays.com\/fr\/wp-json\/wp\/v2\/media?parent=594098"}],"wp:term":[{"taxonomy":"category","embeddable":true,"href":"https:\/\/www.europesays.com\/fr\/wp-json\/wp\/v2\/categories?post=594098"},{"taxonomy":"post_tag","embeddable":true,"href":"https:\/\/www.europesays.com\/fr\/wp-json\/wp\/v2\/tags?post=594098"}],"curies":[{"name":"wp","href":"https:\/\/api.w.org\/{rel}","templated":true}]}}