{"id":594106,"date":"2025-12-12T03:02:16","date_gmt":"2025-12-12T03:02:16","guid":{"rendered":"https:\/\/www.europesays.com\/fr\/594106\/"},"modified":"2025-12-12T03:02:16","modified_gmt":"2025-12-12T03:02:16","slug":"les-confidences-de-laurence-tubiana-larchitecte-de-laccord-de-paris","status":"publish","type":"post","link":"https:\/\/www.europesays.com\/fr\/594106\/","title":{"rendered":"les confidences de Laurence Tubiana, l&rsquo;architecte de l&rsquo;accord de Paris"},"content":{"rendered":"<p>Elle est consid\u00e9r\u00e9e comme \u00ab\u00a0l\u2019architecte\u00a0\u00bb de l\u2019accord de Paris en 2015, qui pour la premi\u00e8re fois de l\u2019histoire donnait au monde une feuille de route commune pour le climat. Il y a dix ans jour pour jour, Laurence Tubiana achevait son travail \u00e0 la COP21, en tant qu\u2019ambassadrice des n\u00e9gociations climatiques, un poste cl\u00e9, aux c\u00f4t\u00e9s de Laurent Fabius, alors pr\u00e9sident de la conf\u00e9rence climat et ministre des Affaires \u00e9trang\u00e8res.<\/p>\n<p>\u00c9conomiste de formation et devenue diplomate, elle conna\u00eet les rouages et les coulisses des grands rendez-vous internationaux autour du climat. Des espaces loin d\u2019\u00eatre aussi feutr\u00e9s qu\u2019ils en ont l\u2019air, o\u00f9 les tensions et les agendas politiques propres \u00e0 chaque pays s\u2019affrontent.<\/p>\n<p>Dans cette interview, celle qui pr\u00e9side aujourd\u2019hui la Fondation europ\u00e9enne pour le climat dresse le bilan des avanc\u00e9es de l\u2019accord de Paris, qui selon elle, \u00ab\u00a0a fonctionn\u00e9 sur l\u2019essentiel\u00a0\u00bb. Elle partage aussi les d\u00e9fis encore nombreux \u00e0 relever pour mettre le monde sur une trajectoire climatique soutenable.<\/p>\n","protected":false},"excerpt":{"rendered":"Elle est consid\u00e9r\u00e9e comme \u00ab\u00a0l\u2019architecte\u00a0\u00bb de l\u2019accord de Paris en 2015, qui pour la premi\u00e8re fois de l\u2019histoire&hellip;\n","protected":false},"author":2,"featured_media":594107,"comment_status":"","ping_status":"","sticky":false,"template":"","format":"standard","meta":{"footnotes":""},"categories":[1888],"tags":[17,11,1129,9260,1777,674,1011,27,20843,48063,35207,12,626,25,70695],"class_list":{"0":"post-594106","1":"post","2":"type-post","3":"status-publish","4":"format-standard","5":"has-post-thumbnail","7":"category-paris","8":"tag-17","9":"tag-actualites","10":"tag-climat","11":"tag-confidences","12":"tag-eu","13":"tag-europe","14":"tag-fr","15":"tag-france","16":"tag-laccord","17":"tag-larchitecte","18":"tag-laurence","19":"tag-news","20":"tag-paris","21":"tag-republique-francaise","22":"tag-tubiana"},"share_on_mastodon":{"url":"https:\/\/pubeurope.com\/@fr\/115704374502142597","error":""},"_links":{"self":[{"href":"https:\/\/www.europesays.com\/fr\/wp-json\/wp\/v2\/posts\/594106","targetHints":{"allow":["GET"]}}],"collection":[{"href":"https:\/\/www.europesays.com\/fr\/wp-json\/wp\/v2\/posts"}],"about":[{"href":"https:\/\/www.europesays.com\/fr\/wp-json\/wp\/v2\/types\/post"}],"author":[{"embeddable":true,"href":"https:\/\/www.europesays.com\/fr\/wp-json\/wp\/v2\/users\/2"}],"replies":[{"embeddable":true,"href":"https:\/\/www.europesays.com\/fr\/wp-json\/wp\/v2\/comments?post=594106"}],"version-history":[{"count":0,"href":"https:\/\/www.europesays.com\/fr\/wp-json\/wp\/v2\/posts\/594106\/revisions"}],"wp:featuredmedia":[{"embeddable":true,"href":"https:\/\/www.europesays.com\/fr\/wp-json\/wp\/v2\/media\/594107"}],"wp:attachment":[{"href":"https:\/\/www.europesays.com\/fr\/wp-json\/wp\/v2\/media?parent=594106"}],"wp:term":[{"taxonomy":"category","embeddable":true,"href":"https:\/\/www.europesays.com\/fr\/wp-json\/wp\/v2\/categories?post=594106"},{"taxonomy":"post_tag","embeddable":true,"href":"https:\/\/www.europesays.com\/fr\/wp-json\/wp\/v2\/tags?post=594106"}],"curies":[{"name":"wp","href":"https:\/\/api.w.org\/{rel}","templated":true}]}}