{"id":594110,"date":"2025-12-12T03:04:24","date_gmt":"2025-12-12T03:04:24","guid":{"rendered":"https:\/\/www.europesays.com\/fr\/594110\/"},"modified":"2025-12-12T03:04:24","modified_gmt":"2025-12-12T03:04:24","slug":"guerre-en-ukraine-lue-leve-un-obstacle-cle-a-lutilisation-des-avoirs-russes-geles","status":"publish","type":"post","link":"https:\/\/www.europesays.com\/fr\/594110\/","title":{"rendered":"Guerre en Ukraine\u00a0: l\u2019UE l\u00e8ve un obstacle cl\u00e9 \u00e0 l\u2019utilisation des avoirs russes gel\u00e9s"},"content":{"rendered":"<p class=\"paragraph text_align_left lp-f-body-02\">Les 27 pays de l\u2019UE ont lev\u00e9 un obstacle cl\u00e9 \u00e0 l\u2019utilisation en faveur de l\u2019Ukraine des <a href=\"https:\/\/www.leparisien.fr\/immobilier\/yachts-villas-helicopteres-notre-enquete-sur-le-gel-des-avoirs-russes-en-france-29-06-2025-GJSDTIAQPBGPPAHENZF2SSENYQ.php\" target=\"_self\" rel=\"noopener\">avoirs gel\u00e9s russes en Europe<\/a>, en p\u00e9rennisant les sanctions contre Moscou qui servent de base \u00e0 leur immobilisation, a annonc\u00e9 jeudi la pr\u00e9sidence danoise de l\u2019UE.<\/p>\n<p class=\"\">Les avoirs de la banque centrale russe en Europe, soit quelque 235 milliards d\u2019euros, ont \u00e9t\u00e9 gel\u00e9s \u00e0 la suite de sanctions d\u00e9cid\u00e9es par les 27 apr\u00e8s <a href=\"https:\/\/www.leparisien.fr\/international\/ukraine\/\" target=\"_self\" rel=\"noopener\">l\u2019invasion russe de l\u2019Ukraine<\/a> en f\u00e9vrier 2022.<\/p>\n<p class=\"\">Ces sanctions doivent cependant \u00eatre renouvel\u00e9es tous les six mois, \u00e0 l\u2019unanimit\u00e9, avec \u00e0 chaque fois la menace d\u2019un veto de la Hongrie, pays le plus proche de la Russie dans l\u2019UE. Sans sanction, plus d\u2019immobilisation, et la Russie pourrait alors r\u00e9clamer imm\u00e9diatement la restitution de ses avoirs, dont l\u2019essentiel, soit 210 milliards d\u2019euros, se trouve en Belgique.<\/p>\n<p>Pr\u00eat de 90 milliards d\u2019euros<\/p>\n<p class=\"\">Une situation que la plupart des pays de l\u2019UE veulent absolument \u00e9viter au moment o\u00f9 ils souhaitent utiliser une partie de ces avoirs russes pour financer un pr\u00eat d\u2019au moins 90 milliards d\u2019euros \u00e0 l\u2019Ukraine.<\/p>\n<p class=\"\">La d\u00e9cision prise jeudi par les 27, \u00e0 \u00ab une large majorit\u00e9 \u00bb, va permettre de p\u00e9renniser les sanctions actuelles sur ces avoirs, jusqu\u2019\u00e0 \u00ab la fin de l\u2019agression russe \u00bb en Ukraine, et \u00e9viter ainsi l\u2019\u00e9p\u00e9e de Damocl\u00e8s hongroise, a-t-on expliqu\u00e9 de source diplomatique.<\/p>\n<p class=\"\">Les ambassadeurs des 27 se sont mis d\u2019accord sur une proposition, bas\u00e9e sur l\u2019article 122 du Trait\u00e9 sur le fonctionnement de l\u2019Union europ\u00e9enne, qui va permettre une \u00ab immobilisation des avoirs russes sur une base plus durable \u00bb, a indiqu\u00e9 le Danemark. Ce pays assure actuellement la pr\u00e9sidence semestrielle du Conseil de l\u2019UE.<\/p>\n<p class=\"\">L\u2019article 122 permet de prendre des mesures exceptionnelles en cas d\u2019urgence. Il avait notamment \u00e9t\u00e9 utilis\u00e9 pendant <a href=\"https:\/\/www.leparisien.fr\/coronavirus\/\" target=\"_self\" rel=\"noopener\">l\u2019\u00e9pid\u00e9mie de Covid<\/a> pour permettre notamment l\u2019achat de vaccins en Europe. Cette d\u00e9cision des ambassadeurs doit encore \u00eatre confirm\u00e9e \u00e0 l\u2019issue d\u2019une proc\u00e9dure \u00e9crite pr\u00e9vue vendredi en fin d\u2019apr\u00e8s-midi.<\/p>\n<p class=\"\">Cet obstacle lev\u00e9, il reste encore \u00e0 convaincre la Belgique, qui refuse toujours de donner son accord \u00e0 ce recours aux avoirs russes, de peur d\u2019\u00eatre le seul pays \u00e0 payer les pots cass\u00e9s en cas de probl\u00e8me.<\/p>\n<p class=\"\">Les chefs d\u2019\u00c9tat et de gouvernement des 27 vont en discuter la semaine lors d\u2019un prochain sommet europ\u00e9en, qui s\u2019annonce houleux face \u00e0 l\u2019extr\u00eame r\u00e9ticence du Premier ministre belge <a href=\"https:\/\/www.leparisien.fr\/international\/la-belgique-a-un-nouveau-premier-ministre-lindependantiste-flamand-bart-de-wever-03-02-2025-DDBK246YTRFD7OUFTPJ5RF4SYA.php\" target=\"_self\" rel=\"noopener\">Bart De Wever<\/a>. Faute de garanties tr\u00e8s solides de la part des autres pays de l\u2019UE, \u00ab je vais tout faire pour bloquer cette d\u00e9cision \u00bb, avait-il affirm\u00e9 \u00e0 Bruxelles d\u00e9but d\u00e9cembre.<\/p>\n","protected":false},"excerpt":{"rendered":"Les 27 pays de l\u2019UE ont lev\u00e9 un obstacle cl\u00e9 \u00e0 l\u2019utilisation en faveur de l\u2019Ukraine des avoirs&hellip;\n","protected":false},"author":2,"featured_media":594111,"comment_status":"","ping_status":"","sticky":false,"template":"","format":"standard","meta":{"footnotes":""},"categories":[1590],"tags":[11,1777,674,14,12,220],"class_list":{"0":"post-594110","1":"post","2":"type-post","3":"status-publish","4":"format-standard","5":"has-post-thumbnail","7":"category-ukraine","8":"tag-actualites","9":"tag-eu","10":"tag-europe","11":"tag-international","12":"tag-news","13":"tag-ukraine"},"share_on_mastodon":{"url":"https:\/\/pubeurope.com\/@fr\/115704382427521884","error":""},"_links":{"self":[{"href":"https:\/\/www.europesays.com\/fr\/wp-json\/wp\/v2\/posts\/594110","targetHints":{"allow":["GET"]}}],"collection":[{"href":"https:\/\/www.europesays.com\/fr\/wp-json\/wp\/v2\/posts"}],"about":[{"href":"https:\/\/www.europesays.com\/fr\/wp-json\/wp\/v2\/types\/post"}],"author":[{"embeddable":true,"href":"https:\/\/www.europesays.com\/fr\/wp-json\/wp\/v2\/users\/2"}],"replies":[{"embeddable":true,"href":"https:\/\/www.europesays.com\/fr\/wp-json\/wp\/v2\/comments?post=594110"}],"version-history":[{"count":0,"href":"https:\/\/www.europesays.com\/fr\/wp-json\/wp\/v2\/posts\/594110\/revisions"}],"wp:featuredmedia":[{"embeddable":true,"href":"https:\/\/www.europesays.com\/fr\/wp-json\/wp\/v2\/media\/594111"}],"wp:attachment":[{"href":"https:\/\/www.europesays.com\/fr\/wp-json\/wp\/v2\/media?parent=594110"}],"wp:term":[{"taxonomy":"category","embeddable":true,"href":"https:\/\/www.europesays.com\/fr\/wp-json\/wp\/v2\/categories?post=594110"},{"taxonomy":"post_tag","embeddable":true,"href":"https:\/\/www.europesays.com\/fr\/wp-json\/wp\/v2\/tags?post=594110"}],"curies":[{"name":"wp","href":"https:\/\/api.w.org\/{rel}","templated":true}]}}