{"id":594112,"date":"2025-12-12T03:05:14","date_gmt":"2025-12-12T03:05:14","guid":{"rendered":"https:\/\/www.europesays.com\/fr\/594112\/"},"modified":"2025-12-12T03:05:14","modified_gmt":"2025-12-12T03:05:14","slug":"lere-de-la-piraterie-dans-les-caraibes-comment-les-etats-unis-attisent-la-crise-avec-le-venezuela","status":"publish","type":"post","link":"https:\/\/www.europesays.com\/fr\/594112\/","title":{"rendered":"\u00ab\u00a0L\u2019\u00e8re de la piraterie dans les Cara\u00efbes\u00a0\u00bb\u00a0: comment les \u00c9tats-Unis attisent la crise avec le Venezuela"},"content":{"rendered":"<p class=\"paragraph text_align_left lp-f-body-02\">Les <a href=\"https:\/\/www.leparisien.fr\/international\/etats-unis\/\" target=\"_blank\" rel=\"noreferrer noopener\">\u00c9tats-Unis<\/a> se sont efforc\u00e9s jeudi d\u2019exercer une pression maximale sur le Venezuela et son dirigeant Nicol\u00e1s Maduro au lendemain de la saisie spectaculaire d\u2019un p\u00e9trolier au large des c\u00f4tes de ce pays, qui sera amen\u00e9 vers un port am\u00e9ricain. \u00ab Ils ont enlev\u00e9 les membres d\u2019\u00e9quipage, vol\u00e9 le navire et inaugur\u00e9 une nouvelle \u00e8re, l\u2019\u00e8re de la piraterie navale criminelle dans les Cara\u00efbes \u00bb, a accus\u00e9 en r\u00e9action jeudi soir Nicol\u00e1s Maduro \u00e0 la t\u00e9l\u00e9vision publique.<\/p>\n<p class=\"\">R\u00e9sumant la strat\u00e9gie am\u00e9ricaine, la porte-parole de la Maison Blanche, Karoline Leavitt, a d\u00e9clar\u00e9 \u00e0 la presse que le pr\u00e9sident <a href=\"https:\/\/www.leparisien.fr\/international\/etats-unis\/donald-trump\/\" target=\"_blank\" rel=\"noreferrer noopener\">Donald Trump<\/a> n\u2019entendait pas \u00ab rester les bras crois\u00e9s \u00e0 regarder des navires sanctionn\u00e9s naviguer sur les mers avec du p\u00e9trole provenant du march\u00e9 noir, dont les profits alimenteront le narcoterrorisme de r\u00e9gimes voyous et ill\u00e9gitimes \u00bb.<\/p>\n<p class=\"\">Elle a pr\u00e9cis\u00e9 que le navire, saisi mercredi au large des c\u00f4tes v\u00e9n\u00e9zu\u00e9liennes, serait dirig\u00e9 vers un port am\u00e9ricain et les \u00c9tats-Unis avaient \u00ab l\u2019intention d\u2019en saisir le p\u00e9trole \u00bb, reconnaissant cependant que cela posait des questions l\u00e9gales.<\/p>\n<p class=\"\">La saisie du navire par les forces am\u00e9ricaines fait craindre une escalade dans la crise avec le Venezuela, alors que Donald Trump a aussi menac\u00e9 il y a quelques semaines de mener des op\u00e9rations au sol. Washington a d\u00e9ploy\u00e9 un important dispositif militaire dans les Cara\u00efbes depuis cet \u00e9t\u00e9, et men\u00e9 une s\u00e9rie de frappes visant des embarcations suspect\u00e9es de narcotrafic en provenance du Venezuela.<\/p>\n<p class=\"\">Mais c\u2019est la premi\u00e8re fois que le pr\u00e9sident am\u00e9ricain ordonne la saisie d\u2019un p\u00e9trolier, visant \u00e0 priver Caracas de sa principale source de revenus. Soumis \u00e0 un embargo depuis 2019, Caracas est oblig\u00e9 d\u2019\u00e9couler sa production sur le march\u00e9 noir \u00e0 des prix nettement plus bas, \u00e0 destination en particulier de la Chine. La saisie de ce p\u00e9trolier pourrait peser sur ces exportations, en dissuadant les acheteurs potentiels.<\/p>\n<p class=\"\">Nicol\u00e1s Maduro a indiqu\u00e9 qu\u2019il avait \u00ab donn\u00e9 des instructions \u00bb afin de lancer \u00ab les actions juridiques et diplomatiques appropri\u00e9es. Le Venezuela va s\u00e9curiser tous les navires afin de garantir le libre commerce de son p\u00e9trole vers le monde \u00bb. Sans dire que quelle nationalit\u00e9 \u00e9tait le navire, il a pr\u00e9cis\u00e9 qu\u2019il \u00ab avait \u00e9t\u00e9 arraisonn\u00e9 alors qu\u2019il gagnait presque l\u2019Atlantique \u00bb, assurant qu\u2019il transportait \u00ab vers les march\u00e9s internationaux 1 900 000 barils de p\u00e9trole &#8211; p\u00e9trole qui a \u00e9t\u00e9 pay\u00e9 au Venezuela, car quiconque importe du p\u00e9trole le paie d\u2019abord \u00bb.<\/p>\n<p>Le soutien de Poutine au Venezuela<\/p>\n<p class=\"\">Selon des responsables am\u00e9ricains, il transportait du p\u00e9trole en provenance du Venezuela et de l\u2019Iran, \u00e0 destination de Cuba. Le bateau naviguait vers le nord dans les Cara\u00efbes, \u00e0 environ 60 kilom\u00e8tres au large de Saint-Vincent-et-Grenadines, dans les eaux internationales, selon les donn\u00e9es de VesselFinder et de Bloomberg.<\/p>\n<p class=\"\">La Russie a dit apporter son soutien au dirigeant v\u00e9n\u00e9zu\u00e9lien. Lors d\u2019un \u00e9change t\u00e9l\u00e9phonique avec Maduro, le pr\u00e9sident russe, Vladimir Poutine, lui \u00ab a exprim\u00e9 sa solidarit\u00e9 \u00bb et a \u00ab confirm\u00e9 son soutien \u00bb \u00e0 sa politique \u00ab visant \u00e0 prot\u00e9ger ses int\u00e9r\u00eats nationaux et sa souverainet\u00e9 dans un contexte de pressions ext\u00e9rieures croissantes \u00bb, a expliqu\u00e9 le Kremlin dans un communiqu\u00e9, sans faire directement mention des \u00c9tats-Unis.<\/p>\n<p class=\"title-embed-dailymotion lp-color-text lp-f-subtitle-04\">Vid\u00e9o\u00a0\u00bbCe sont des pirates !\u00a0\u00bb : Des militaires am\u00e9ricains saisissent un p\u00e9trolier au large du Venezuela<\/p>\n<p class=\"\">Interrog\u00e9e sur cet \u00e9change, la porte-parole de la Maison Blanche a r\u00e9pondu, qu\u2019\u00e0 son avis, cela n\u2019\u00e9tait pas de nature \u00e0 \u00ab pr\u00e9occuper \u00bb le pr\u00e9sident am\u00e9ricain. \u00ab Inquiet \u00bb de ces nouvelles tensions, le secr\u00e9taire g\u00e9n\u00e9ral de l\u2019ONU, Antonio Guterres, a pour sa part appel\u00e9 \u00e0 \u00e9viter toute action pouvant \u00ab d\u00e9stabiliser le Venezuela et la r\u00e9gion \u00bb, selon l\u2019un de ses porte-paroles. Nicol\u00e1s Maduro d\u00e9ment vertement les accusations am\u00e9ricaines et estime que l\u2019administration Trump cherche \u00e0 le renverser.<\/p>\n<p class=\"\">Selon les experts, le Venezuela n\u2019est pas la principale source des drogues entrant aux \u00c9tats-Unis. La ministre am\u00e9ricaine de la Justice, Pam Bondi, avait publi\u00e9 la veille sur son compte X une vid\u00e9o de 45 secondes montrant l\u2019assaut de soldats am\u00e9ricains arm\u00e9s d\u00e9barquant sur le pont d\u2019un navire depuis un h\u00e9licopt\u00e8re.<\/p>\n<p class=\"\">Le navire en question a \u00e9t\u00e9 sanctionn\u00e9 par le Tr\u00e9sor am\u00e9ricain en 2022 pour des liens pr\u00e9sum\u00e9s avec le Corps des gardiens de la r\u00e9volution islamique iranien et le Hezbollah. L\u2019opposition d\u00e9mocrate s\u2019est inqui\u00e9t\u00e9e de cette escalade et des intentions r\u00e9elles du pr\u00e9sident Trump.<\/p>\n<p class=\"\">De son c\u00f4t\u00e9, la Colombie s\u2019est dite pr\u00eate \u00e0 offrir l\u2019asile au pr\u00e9sident du Venezuela Nicolas Maduro s\u2019il quittait le pouvoir sous la pression des \u00c9tats-Unis, par la voix de la ministre des Affaires \u00e9trang\u00e8res, Rosa Villavicencio.<\/p>\n","protected":false},"excerpt":{"rendered":"Les \u00c9tats-Unis se sont efforc\u00e9s jeudi d\u2019exercer une pression maximale sur le Venezuela et son dirigeant Nicol\u00e1s Maduro&hellip;\n","protected":false},"author":2,"featured_media":594113,"comment_status":"","ping_status":"","sticky":false,"template":"","format":"standard","meta":{"footnotes":""},"categories":[1589],"tags":[11,73,1866,14,12,1864,1865,1863,308],"class_list":{"0":"post-594112","1":"post","2":"type-post","3":"status-publish","4":"format-standard","5":"has-post-thumbnail","7":"category-etats-unis","8":"tag-actualites","9":"tag-etats-unis","10":"tag-etats-unis-damerique","11":"tag-international","12":"tag-news","13":"tag-united-states","14":"tag-united-states-of-america","15":"tag-us","16":"tag-usa"},"share_on_mastodon":{"url":"https:\/\/pubeurope.com\/@fr\/115704386528271056","error":""},"_links":{"self":[{"href":"https:\/\/www.europesays.com\/fr\/wp-json\/wp\/v2\/posts\/594112","targetHints":{"allow":["GET"]}}],"collection":[{"href":"https:\/\/www.europesays.com\/fr\/wp-json\/wp\/v2\/posts"}],"about":[{"href":"https:\/\/www.europesays.com\/fr\/wp-json\/wp\/v2\/types\/post"}],"author":[{"embeddable":true,"href":"https:\/\/www.europesays.com\/fr\/wp-json\/wp\/v2\/users\/2"}],"replies":[{"embeddable":true,"href":"https:\/\/www.europesays.com\/fr\/wp-json\/wp\/v2\/comments?post=594112"}],"version-history":[{"count":0,"href":"https:\/\/www.europesays.com\/fr\/wp-json\/wp\/v2\/posts\/594112\/revisions"}],"wp:featuredmedia":[{"embeddable":true,"href":"https:\/\/www.europesays.com\/fr\/wp-json\/wp\/v2\/media\/594113"}],"wp:attachment":[{"href":"https:\/\/www.europesays.com\/fr\/wp-json\/wp\/v2\/media?parent=594112"}],"wp:term":[{"taxonomy":"category","embeddable":true,"href":"https:\/\/www.europesays.com\/fr\/wp-json\/wp\/v2\/categories?post=594112"},{"taxonomy":"post_tag","embeddable":true,"href":"https:\/\/www.europesays.com\/fr\/wp-json\/wp\/v2\/tags?post=594112"}],"curies":[{"name":"wp","href":"https:\/\/api.w.org\/{rel}","templated":true}]}}