{"id":594116,"date":"2025-12-12T03:07:38","date_gmt":"2025-12-12T03:07:38","guid":{"rendered":"https:\/\/www.europesays.com\/fr\/594116\/"},"modified":"2025-12-12T03:07:38","modified_gmt":"2025-12-12T03:07:38","slug":"si-vous-ne-voulez-pas-parler-russe-le-chef-de-lotan-appelle-lallemagne-a-investir-face-a-une-russie-de-poutine-qui-a-ramene-la-guerre-en-europe-11-12-2025-a-1720","status":"publish","type":"post","link":"https:\/\/www.europesays.com\/fr\/594116\/","title":{"rendered":"\u00ab\u00a0Si vous ne voulez pas parler russe&#8230;\u00a0\u00bb : le chef de l&rsquo;Otan appelle l&rsquo;Allemagne \u00e0 investir face \u00e0 une Russie de Poutine qui a \u00ab\u00a0ramen\u00e9 la guerre en Europe\u00a0\u00bb &#8211; 11\/12\/2025 \u00e0 17:20"},"content":{"rendered":"<p> A l&rsquo;occasion d&rsquo;un d\u00e9bat sur la s\u00e9curit\u00e9 organis\u00e9 \u00e0 Berlin, Mark Rutte a mis en garde face \u00e0 un conflit \u00ab\u00a0aux portes\u00a0\u00bb de l&rsquo;Otan, men\u00e9e par une Russie qui \u00ab\u00a0ne s&rsquo;arr\u00eatera pas \u00e0 l&rsquo;Ukraine\u00a0\u00bb si les Etats-membres ne r\u00e9pondent pas \u00e0 l&rsquo;effort de d\u00e9fense exig\u00e9 par les offensives de Moscou.<\/p>\n<p>        <img decoding=\"async\" src=\"https:\/\/www.europesays.com\/fr\/wp-content\/uploads\/2025\/12\/ad3c975d8d79a59e9233a91000b05110-760x577.jpg\" alt=\"Mark Rutte, \u00e0 Berlin, le 11 d\u00e9cembre 2025 ( AFP \/ TOBIAS SCHWARZ )\" loading=\"eager\" fetchpriority=\"high\" width=\"760\" height=\"577\" style=\"max-width: 100%!important; height: auto;\"\/><\/p>\n<p class=\"c-image-news__legend\">Mark Rutte, \u00e0 Berlin, le 11 d\u00e9cembre 2025 ( AFP \/ TOBIAS SCHWARZ )<\/p>\n<p>\n \u00ab\u00a0Nous sommes la prochaine cible de la Russie\u00a0\u00bb. Dans un discours prononc\u00e9 jeudi 11 d\u00e9cembre, le chef de l&rsquo;Otan a mis en garde les Etats-membres de l&rsquo;organisation, les appelant \u00e0 agir \u00ab\u00a0plus loin et plus vite\u00a0\u00bb dans les investissements de d\u00e9fense, \u00e9voquant le sc\u00e9nario \u00ab\u00a0terrible\u00a0\u00bb d&rsquo;un conflit \u00e0 grande \u00e9chelle qui peut encore \u00eatre \u00ab\u00a0\u00e9vit\u00e9\u00a0\u00bb.\n<\/p>\n<p>\n <strong><br \/>\n  \u00ab\u00a0Nous devons \u00eatre pr\u00e9par\u00e9s pour une guerre \u00e0 l&rsquo;\u00e9chelle de celle que nos grands-parents et arri\u00e8re-grands parents ont endur\u00e9\u00a0\u00bb,<br \/>\n <\/strong><br \/>\n a lanc\u00e9 Mark Rutte. \u00ab\u00a0Imaginez un conflit atteignant chaque foyer, chaque lieu de travail. Des destructions, des mobilisations de masse, des souffrances \u00e9tendues et des pertes extr\u00eames. C&rsquo;est une pens\u00e9e terrible. Mais si nous assurons notre engagement, c&rsquo;est une trag\u00e9die que nous pouvons \u00e9viter\u00a0\u00bb, a t-il lanc\u00e9.\n<\/p>\n<p>\n Le chef de l&rsquo;Otan a ainsi appel\u00e9 \u00e0 \u00ab\u00a0tester\u00a0\u00bb Vladimir Poutine pour d\u00e9terminer s&rsquo;il \u00ab\u00a0veut la paix en Ukraine\u00a0\u00bb en \u00e9tablissant un plan soutenu par les Etats-Unis et l&rsquo;Europe. \u00ab\u00a0Est-ce que je pense que les \u00c9tats-Unis et l&rsquo;Europe parviendront \u00e0 s&rsquo;entendre sur la question de l&rsquo;Ukraine ? Oui, j&rsquo;en suis convaincu\u00a0\u00bb, a dit le secr\u00e9taire g\u00e9n\u00e9ral de l&rsquo;Alliance. \u00ab\u00a0Suis-je s\u00fbr que les Russes accepteront ? Je ne sais pas. C&rsquo;est le test\u00a0\u00bb, a-t-il ajout\u00e9, appelant \u00e0 voir si Poutine \u00ab\u00a0est s\u00e9rieux\u00a0\u00bb.  Mark Rutte a une nouvelle fois jug\u00e9 que le pr\u00e9sident russe ne s&rsquo;arr\u00eaterait pas \u00e0 l&rsquo;Ukraine si les Europ\u00e9ens n&rsquo;investissaient pas massivement dans leur d\u00e9fense.<br \/>\n <strong><br \/>\n  \u00ab\u00a0Si vous aimez la langue allemande et que vous ne voulez pas parler russe, c&rsquo;est crucial d&rsquo;investir massivement dans la d\u00e9fense, c&rsquo;est une condition sine qua non, car sinon (Poutine) ne s&rsquo;arr\u00eatera pas \u00e0 l&rsquo;Ukraine\u00a0\u00bb, a martel\u00e9 le chef de file de l&rsquo;alliance.<br \/>\n <\/strong>\n<\/p>\n<p> La Chine, \u00ab\u00a0bou\u00e9e de sauvetage\u00a0\u00bb de Moscou<\/p>\n<p>\n Dans un discours prononc\u00e9 avant le d\u00e9bat organis\u00e9 par la Conf\u00e9rence de la s\u00e9curit\u00e9 de Munich, l&rsquo;ancien Premier ministre n\u00e9erlandais a par ailleurs reproch\u00e9 \u00e0 P\u00e9kin d&rsquo;\u00eatre la \u00ab\u00a0bou\u00e9e de sauvetage\u00a0\u00bb de la Russie.<br \/>\n <strong><br \/>\n  \u00ab\u00a0Sans le soutien de la Chine, la Russie ne pourrait pas continuer \u00e0 livrer cette guerre. Par exemple, environ 80 % des composants \u00e9lectroniques essentiels (pr\u00e9sents \u00e0 bord) des drones russes et d&rsquo;autres syst\u00e8mes sont fabriqu\u00e9s en Chine\u00a0\u00bb,<br \/>\n <\/strong><br \/>\n a-t-il dit. Ce pays, l&rsquo;un des principaux partenaires commerciaux de la Russie, revendique une certaine neutralit\u00e9 dans le conflit en Ukraine mais elle s&rsquo;est abstenue de condamner l&rsquo;invasion russe et a, depuis son d\u00e9clenchement, approfondi ses relations avec Moscou.\n<\/p>\n<p>\n En outre, pour Mark Rutte, si l&rsquo;Ukraine se retrouvait \u00ab\u00a0sous le joug de l&rsquo;occupation russe\u00a0\u00bb, cela co\u00fbterait tr\u00e8s cher aux Etats faisant partie de l&rsquo;Alliance atlantique, une organisation qui devrait alors \u00ab\u00a0augmenter consid\u00e9rablement sa pr\u00e9sence militaire le long de son flanc oriental\u00a0\u00bb.  Au dernier sommet de l&rsquo;Otan \u00e0 la Haye fin juin, ses pays membres ont promis de consacrer d&rsquo;ici \u00e0 2035 5% de leur PIB (au moins 3,5% pour les d\u00e9penses strictement militaires et 1,5% \u00e0 des d\u00e9penses li\u00e9es \u00e0 la s\u00e9curit\u00e9). Les Etats-Unis de Donald Trump ont mis une pression consid\u00e9rable pour que l&rsquo;Europe d\u00e9pense plus pour sa propre s\u00e9curit\u00e9, l&rsquo;accusant d&rsquo;avoir profit\u00e9 des d\u00e9cennies durant des largesses am\u00e9ricaines.<\/p>\n","protected":false},"excerpt":{"rendered":"A l&rsquo;occasion d&rsquo;un d\u00e9bat sur la s\u00e9curit\u00e9 organis\u00e9 \u00e0 Berlin, Mark Rutte a mis en garde face \u00e0&hellip;\n","protected":false},"author":2,"featured_media":594117,"comment_status":"","ping_status":"","sticky":false,"template":"","format":"standard","meta":{"footnotes":""},"categories":[1587],"tags":[400,11,672,398,408,1804,405,1805,1803,1777,674,1801,403,402,399,404,12,1802,401,406,407],"class_list":{"0":"post-594116","1":"post","2":"type-post","3":"status-publish","4":"format-standard","5":"has-post-thumbnail","7":"category-allemagne","8":"tag-action-cac-40","9":"tag-actualites","10":"tag-allemagne","11":"tag-bourse-de-paris","12":"tag-boursorama","13":"tag-bundesrepublik-deutschland","14":"tag-cotations","15":"tag-de","16":"tag-deutschland","17":"tag-eu","18":"tag-europe","19":"tag-germany","20":"tag-indices-devises","21":"tag-investir","22":"tag-investissement","23":"tag-marche-boursier","24":"tag-news","25":"tag-republique-federale-dallemagne","26":"tag-sicav","27":"tag-trackers","28":"tag-warrants"},"share_on_mastodon":{"url":"https:\/\/pubeurope.com\/@fr\/115704395047881618","error":""},"_links":{"self":[{"href":"https:\/\/www.europesays.com\/fr\/wp-json\/wp\/v2\/posts\/594116","targetHints":{"allow":["GET"]}}],"collection":[{"href":"https:\/\/www.europesays.com\/fr\/wp-json\/wp\/v2\/posts"}],"about":[{"href":"https:\/\/www.europesays.com\/fr\/wp-json\/wp\/v2\/types\/post"}],"author":[{"embeddable":true,"href":"https:\/\/www.europesays.com\/fr\/wp-json\/wp\/v2\/users\/2"}],"replies":[{"embeddable":true,"href":"https:\/\/www.europesays.com\/fr\/wp-json\/wp\/v2\/comments?post=594116"}],"version-history":[{"count":0,"href":"https:\/\/www.europesays.com\/fr\/wp-json\/wp\/v2\/posts\/594116\/revisions"}],"wp:featuredmedia":[{"embeddable":true,"href":"https:\/\/www.europesays.com\/fr\/wp-json\/wp\/v2\/media\/594117"}],"wp:attachment":[{"href":"https:\/\/www.europesays.com\/fr\/wp-json\/wp\/v2\/media?parent=594116"}],"wp:term":[{"taxonomy":"category","embeddable":true,"href":"https:\/\/www.europesays.com\/fr\/wp-json\/wp\/v2\/categories?post=594116"},{"taxonomy":"post_tag","embeddable":true,"href":"https:\/\/www.europesays.com\/fr\/wp-json\/wp\/v2\/tags?post=594116"}],"curies":[{"name":"wp","href":"https:\/\/api.w.org\/{rel}","templated":true}]}}