{"id":594124,"date":"2025-12-12T03:12:20","date_gmt":"2025-12-12T03:12:20","guid":{"rendered":"https:\/\/www.europesays.com\/fr\/594124\/"},"modified":"2025-12-12T03:12:20","modified_gmt":"2025-12-12T03:12:20","slug":"laury-thilleman-reagit-a-une-video-qui-refait-surface-ou-ary-abittan-lembrasse-de-force","status":"publish","type":"post","link":"https:\/\/www.europesays.com\/fr\/594124\/","title":{"rendered":"Laury Thilleman r\u00e9agit \u00e0 une vid\u00e9o qui refait surface o\u00f9 Ary Abittan l&#8217;embrasse de force"},"content":{"rendered":"<p class=\"article-p mdl\">\u00ab\u00a0Le consentement, il y a 14 ans, on en parlait pas.\u00a0\u00bb Laury Thilleman a pris la parole sur son compte Instagram ce jeudi 11 d\u00e9cembre alors qu&rsquo;une ancienne vid\u00e9o a refait surface. Sur les images, l&rsquo;ex-Miss France se trouve sur un plateau de t\u00e9l\u00e9vision aux c\u00f4t\u00e9s d&rsquo;Ary Abittan o\u00f9 l&rsquo;acteur l&#8217;embrasse de force. \u00ab\u00a0Je red\u00e9couvre ces images 14 ans apr\u00e8s. J&rsquo;avais 20 ans, j&rsquo;en ai aujourd&rsquo;hui 34 mais le traumatisme est intact\u00a0\u00bb, \u00e9crit-elle sur son r\u00e9seau social.<\/p>\n<p class=\"article-p mdl\">La s\u00e9quence est issue de l&rsquo;\u00e9mission des Enfants de la t\u00e9l\u00e9, diffus\u00e9e en avril 2013 sur TF1, o\u00f9 Laury Thilleman est invit\u00e9e en tant que Miss France 2011. D&rsquo;autres stars se trouvent sur le plateau comme \u00c9ric Judor et Ary Abittan. Le com\u00e9dien attrape alors la jeune femme par le cou avant de l&#8217;embrasser brutalement pendant plusieurs secondes. Laury Thilleman tente de le repousser, sous les rires du public.\u00a0<\/p>\n<p class=\"article-p mdl\">\u00ab\u00a0\u00c0 l\u2019\u00e9poque, j\u2019avais honte, je me sentais humili\u00e9e, objetis\u00e9e, impuissante, alors comme pour faire bonne figure je tente d\u2019en rire comme tout le monde autour de la table. Mais je ne consens pas\u00a0\u00bb, r\u00e9agit Laury Thilleman. \u00ab\u00a0\u00c0 l\u2019\u00e9poque je n\u2019ai rien dit, je n\u2019ai rien fait, par peur, par honte. Parce que le consentement il y a 14 ans on n\u2019en parlait pas.\u00a0\u00bb\u00a0<\/p>\n<p class=\"article-p mdl\">Cette vid\u00e9o a \u00e9t\u00e9 exhum\u00e9e en pleine pol\u00e9mique apr\u00e8s des propos de\u00a0<a class=\"link\" href=\"https:\/\/www.rtl.fr\/culture\/medias-people\/brigitte-macron-qualifie-de-sales-connes-les-militantes-feministes-qui-ont-interrompu-le-spectacle-d-ary-abittan-7900575441\" target=\"_blank\" rel=\"noopener\">Brigitte Macron qui a qualifi\u00e9 de \u00ab\u00a0sales connes\u00a0\u00bb<\/a>\u00a0des militantes qui ont interrompu un spectacle d&rsquo;Ary Abittan.\u00a0Fin 2021, l&rsquo;humoriste a \u00e9t\u00e9 accus\u00e9 de viol par une jeune femme qu&rsquo;il fr\u00e9quentait depuis quelques semaines.\u00a0Apr\u00e8s trois ans d&rsquo;enqu\u00eate, l&rsquo;instruction a abouti \u00e0 un non-lieu confirm\u00e9 en appel en janvier, mais son retour sur sc\u00e8ne est depuis contest\u00e9 par des f\u00e9ministes protestant r\u00e9guli\u00e8rement aux abords des salles o\u00f9 il se produit.<\/p>\n<p>    La r\u00e9daction vous recommande<\/p>\n<p class=\"s-newsletter__title\">\n                L\u2019actualit\u00e9 par la r\u00e9daction de RTL dans votre bo\u00eete mail.\n            <\/p>\n<p class=\"s-newsletter__subtitle\">\n                Gr\u00e2ce \u00e0 votre compte RTL abonnez-vous \u00e0 la newsletter RTL info pour suivre toute l&rsquo;actualit\u00e9 au quotidien\n            <\/p>\n<p>\n                                    Lire la suite\n                                <\/p>\n","protected":false},"excerpt":{"rendered":"\u00ab\u00a0Le consentement, il y a 14 ans, on en parlait pas.\u00a0\u00bb Laury Thilleman a pris la parole sur&hellip;\n","protected":false},"author":2,"featured_media":594125,"comment_status":"","ping_status":"","sticky":false,"template":"","format":"standard","meta":{"footnotes":""},"categories":[2],"tags":[11,19796,107,1011,27,35154,12,25],"class_list":{"0":"post-594124","1":"post","2":"type-post","3":"status-publish","4":"format-standard","5":"has-post-thumbnail","7":"category-actualites","8":"tag-actualites","9":"tag-ary-abittan","10":"tag-fil-info","11":"tag-fr","12":"tag-france","13":"tag-laury-thilleman","14":"tag-news","15":"tag-republique-francaise"},"share_on_mastodon":{"url":"https:\/\/pubeurope.com\/@fr\/115704413823443443","error":""},"_links":{"self":[{"href":"https:\/\/www.europesays.com\/fr\/wp-json\/wp\/v2\/posts\/594124","targetHints":{"allow":["GET"]}}],"collection":[{"href":"https:\/\/www.europesays.com\/fr\/wp-json\/wp\/v2\/posts"}],"about":[{"href":"https:\/\/www.europesays.com\/fr\/wp-json\/wp\/v2\/types\/post"}],"author":[{"embeddable":true,"href":"https:\/\/www.europesays.com\/fr\/wp-json\/wp\/v2\/users\/2"}],"replies":[{"embeddable":true,"href":"https:\/\/www.europesays.com\/fr\/wp-json\/wp\/v2\/comments?post=594124"}],"version-history":[{"count":0,"href":"https:\/\/www.europesays.com\/fr\/wp-json\/wp\/v2\/posts\/594124\/revisions"}],"wp:featuredmedia":[{"embeddable":true,"href":"https:\/\/www.europesays.com\/fr\/wp-json\/wp\/v2\/media\/594125"}],"wp:attachment":[{"href":"https:\/\/www.europesays.com\/fr\/wp-json\/wp\/v2\/media?parent=594124"}],"wp:term":[{"taxonomy":"category","embeddable":true,"href":"https:\/\/www.europesays.com\/fr\/wp-json\/wp\/v2\/categories?post=594124"},{"taxonomy":"post_tag","embeddable":true,"href":"https:\/\/www.europesays.com\/fr\/wp-json\/wp\/v2\/tags?post=594124"}],"curies":[{"name":"wp","href":"https:\/\/api.w.org\/{rel}","templated":true}]}}