{"id":594126,"date":"2025-12-12T03:13:14","date_gmt":"2025-12-12T03:13:14","guid":{"rendered":"https:\/\/www.europesays.com\/fr\/594126\/"},"modified":"2025-12-12T03:13:14","modified_gmt":"2025-12-12T03:13:14","slug":"touhfat-mouhtare-entre-les-comores-et-la-france-vivre-sous-le-radar-avant-la-reconnaissance-invite-culture","status":"publish","type":"post","link":"https:\/\/www.europesays.com\/fr\/594126\/","title":{"rendered":"Touhfat Mouhtare, entre les Comores et la France, vivre sous le radar avant la reconnaissance &#8211; Invit\u00e9 culture"},"content":{"rendered":"<p>\n                                                Autrice de trois romans, l&rsquo;\u00e9crivaine d&rsquo;origine comorienne revient dans son nouveau livre Choses qui arrivent, aux \u00e9ditions Bayard, sur une \u00e9poque marquante dans sa vie. Quand, \u00e9tudiante en France, elle a manqu\u00e9 un rendez-vous avec l&rsquo;administration pour renouveler son titre de s\u00e9jour, la plongeant dans quatre ans de clandestinit\u00e9. Un r\u00e9cit qui vient d&rsquo;\u00eatre couronn\u00e9 par le prix litt\u00e9raire de la Renaissance Fran\u00e7aise 2025.                    <\/p>\n<p><img decoding=\"async\" fetchpriority=\"low\" src=\"https:\/\/www.europesays.com\/fr\/wp-content\/uploads\/2025\/12\/Touhfat-Mouhtare-Catherine-Fruchon-Toussaint-RFI-2.jpg\"   alt=\"L'\u00e9crivaine Touhfat Mouhtare en studio \u00e0 RFI (d\u00e9cembre 2025)\" style=\"max-height:1133px\" loading=\"lazy\" class=\"a-img \"\/><\/p>\n<p>                Touhfat Mouhtare                \u00a9  Catherine Fruchon-Toussaint\/RFI            <\/p>\n<p>N\u00e9e aux <strong><a target=\"_self\" href=\"https:\/\/www.rfi.fr\/fr\/tag\/comores\/\" class=\"gtm-add-suggested-tag\" rel=\"noopener\">Comores<\/a><\/strong>, Touhfat Mouhtare a grandi entre son \u00eele et plusieurs pays d\u2019Afrique subsaharienne. Venue \u00e0 Paris pour y poursuivre ses \u00e9tudes, elle vit aujourd\u2019hui en France. Elle est l\u2019autrice de trois livres : \u00c2mes suspendues (Coelacanthe, 2011), Vert cru (KomEdit, 2018, mention sp\u00e9ciale du prix du Livre insulaire au salon d\u2019Ouessant), ainsi que Le Feu du milieu (Le Bruit du monde, Prix Alain Spiess du deuxi\u00e8me roman 2022). Son nouveau livre s&rsquo;intitule Choses qui arrivent (Bayard).<\/p>\n","protected":false},"excerpt":{"rendered":"Autrice de trois romans, l&rsquo;\u00e9crivaine d&rsquo;origine comorienne revient dans son nouveau livre Choses qui arrivent, aux \u00e9ditions Bayard,&hellip;\n","protected":false},"author":2,"featured_media":594127,"comment_status":"","ping_status":"","sticky":false,"template":"","format":"standard","meta":{"footnotes":""},"categories":[4],"tags":[11,12374,251,1011,27,10490,1351,1380,12,17045,2495,25],"class_list":{"0":"post-594126","1":"post","2":"type-post","3":"status-publish","4":"format-standard","5":"has-post-thumbnail","7":"category-france","8":"tag-actualites","9":"tag-comores","10":"tag-culture","11":"tag-fr","12":"tag-france","13":"tag-invite-culture","14":"tag-litterature","15":"tag-livres","16":"tag-news","17":"tag-prix-litteraires","18":"tag-refugies","19":"tag-republique-francaise"},"share_on_mastodon":{"url":"https:\/\/pubeurope.com\/@fr\/115704418610085386","error":""},"_links":{"self":[{"href":"https:\/\/www.europesays.com\/fr\/wp-json\/wp\/v2\/posts\/594126","targetHints":{"allow":["GET"]}}],"collection":[{"href":"https:\/\/www.europesays.com\/fr\/wp-json\/wp\/v2\/posts"}],"about":[{"href":"https:\/\/www.europesays.com\/fr\/wp-json\/wp\/v2\/types\/post"}],"author":[{"embeddable":true,"href":"https:\/\/www.europesays.com\/fr\/wp-json\/wp\/v2\/users\/2"}],"replies":[{"embeddable":true,"href":"https:\/\/www.europesays.com\/fr\/wp-json\/wp\/v2\/comments?post=594126"}],"version-history":[{"count":0,"href":"https:\/\/www.europesays.com\/fr\/wp-json\/wp\/v2\/posts\/594126\/revisions"}],"wp:featuredmedia":[{"embeddable":true,"href":"https:\/\/www.europesays.com\/fr\/wp-json\/wp\/v2\/media\/594127"}],"wp:attachment":[{"href":"https:\/\/www.europesays.com\/fr\/wp-json\/wp\/v2\/media?parent=594126"}],"wp:term":[{"taxonomy":"category","embeddable":true,"href":"https:\/\/www.europesays.com\/fr\/wp-json\/wp\/v2\/categories?post=594126"},{"taxonomy":"post_tag","embeddable":true,"href":"https:\/\/www.europesays.com\/fr\/wp-json\/wp\/v2\/tags?post=594126"}],"curies":[{"name":"wp","href":"https:\/\/api.w.org\/{rel}","templated":true}]}}