{"id":594136,"date":"2025-12-12T03:24:13","date_gmt":"2025-12-12T03:24:13","guid":{"rendered":"https:\/\/www.europesays.com\/fr\/594136\/"},"modified":"2025-12-12T03:24:13","modified_gmt":"2025-12-12T03:24:13","slug":"exclu-hinaupoko-deveze-miss-france-2026-ne-fais-jamais-sa-mise-au-point-sur-son-caractere","status":"publish","type":"post","link":"https:\/\/www.europesays.com\/fr\/594136\/","title":{"rendered":"EXCLU. Hinaupoko Dev\u00e8ze (Miss France 2026) : \u00ab\u00a0Ne fais jamais&#8230;\u00a0\u00bb, sa mise au point sur son caract\u00e8re"},"content":{"rendered":"<p>Samedi 6\u202fd\u00e9cembre 2025, au Z\u00e9nith d\u2019Amiens, une nouvelle reine<br \/>\nde beaut\u00e9 a \u00e9t\u00e9 couronn\u00e9e sous les projecteurs de TF1 :<br \/>\n<strong data-start=\"204\" data-end=\"224\">Hinaupoko Dev\u00e8ze<\/strong>.<br \/>\nLa jeune femme de 23 ans est d\u00e9sormais Miss France 2026, succ\u00e9dant<br \/>\n\u00e0 Ang\u00e9lique Angarni\u2011Filopon apr\u00e8s une c\u00e9r\u00e9monie suivie par pr\u00e8s de<br \/>\nsept millions de t\u00e9l\u00e9spectateurs.<\/p>\n<p>Originaire des Marquises et pass\u00e9e par Tahiti puis la m\u00e9tropole,<br \/>\nHinaupoko Dev\u00e8ze a conquis le jury et le public par son charisme,<br \/>\nsa prestance impressionnante et\u2026 son engagement pour la sant\u00e9<br \/>\nmentale. Mais son couronnement ne s\u2019est pas fait sans remous. D\u00e8s<br \/>\nles coulisses de l\u2019\u00e9v\u00e9nement, une vid\u00e9o priv\u00e9e diffus\u00e9e en ligne a<br \/>\nd\u00e9clench\u00e9 une temp\u00eate.<\/p>\n<p>Miss France 2026 : un sacre suivi d&rsquo;une pol\u00e9mique avec Miss<br \/>\nProvence et Miss Aquitaine<\/p>\n<p>Sur les images, on y entendait <strong data-start=\"863\" data-end=\"880\">Miss Provence<\/strong> (Julie Zitouni) et<br \/>\n<strong data-start=\"900\" data-end=\"918\">Miss Aquitaine<\/strong><br \/>\n(A\u00efnhoa Lahitete) tenir des propos insultants envers le top 12, ce<br \/>\nqui a provoqu\u00e9 une vive r\u00e9action des internautes et une sanction<br \/>\nforte : les deux jeunes femmes ont \u00e9t\u00e9 <a href=\"https:\/\/www.closermag.fr\/people\/miss-aquitaine-et-provence-destituees-et-victimes-de-cyberharcelement-une-celebre-miss-monte-au-creneau-3603774\" target=\"_blank\" rel=\"noopener\"><br \/>\ndestitu\u00e9es de leurs titres r\u00e9gionaux<\/a>, d\u00e9cision qualifi\u00e9e de<br \/>\n\u00ab\u00a0lourde de cons\u00e9quences\u00a0\u00bb par les comit\u00e9s concern\u00e9s.<\/p>\n<p>Interrog\u00e9e sur cette affaire, Hinaupoko Dev\u00e8ze a tent\u00e9 de calmer<br \/>\nle jeu, rappelant que les deux candidates avaient fait leur mela<br \/>\nculpa et appelant \u00e0 \u00ab\u00a0passer \u00e0 autre chose\u00a0\u00bb tout en d\u00e9fendant des<br \/>\nvaleurs de bienveillance essentielles \u00e0 son r\u00e8gne. M\u00eame Fr\u00e9d\u00e9ric<br \/>\nColbert, <a href=\"https:\/\/www.closermag.fr\/people\/ainoha-lahitete-et-julie-zitouni-destituees-on-leur-a-quand-meme-fait-le-president-de-miss-france-tape-du-poing-3603804\" target=\"_blank\" rel=\"noopener\"><br \/>\npr\u00e9sident du comit\u00e9 Miss France a tap\u00e9 du poing<\/a> sur la table.<br \/>\n\u00ab\u00a0On peut commettre des erreurs, \u00eatre d\u00e9\u00e7ues de ne pas \u00eatre dans<br \/>\nle top 12 mais l\u00e0, les propos tenus sont quand m\u00eame assez violents.<br \/>\nD&rsquo;autant que cette ann\u00e9e, on a particuli\u00e8rement mis l&rsquo;accent sur le<br \/>\nrespect, la bienveillance.\u00a0<strong>On leur a quand m\u00eame fait<br \/>\ntout un discours sur les r\u00e9seaux sociaux, qu&rsquo;il fallait faire<br \/>\nattention \u00e0 ce qu&rsquo;on mettait, et on a \u00e9norm\u00e9ment parl\u00e9 de<br \/>\ncyberharc\u00e8lement.\u00a0\u00bb<\/strong> a-t-il d\u00e9clar\u00e9.<\/p>\n<p>Miss France 2026 : la mise au point<br \/>\nd&rsquo;Hinaupoko Dev\u00e8ze sur son caract\u00e8re<\/p>\n<p>Dans les colonnes de Closer, Hinaupoko Dev\u00e8ze s&rsquo;est confi\u00e9e en<br \/>\nexclusivit\u00e9 sur ses premiers pas de Miss France mais en a aussi<br \/>\nbeaucoup dit sur elle. Alors qu&rsquo;elle a r\u00e9v\u00e9l\u00e9 ce <a href=\"https:\/\/www.closermag.fr\/people\/exclu-hinaupoko-deveze-miss-france-2026-ca-me-semble-complique-ce-defi-quelle-affronte-au-quotidien-3604037\" target=\"_blank\" rel=\"noopener\"><br \/>\nd\u00e9fi qu&rsquo;elle affronte au quotidien<\/a>, la jeune femme a donn\u00e9 des<br \/>\nd\u00e9tails sur son caract\u00e8re. \u00ab\u00a0<strong>Je suis tr\u00e8s gentille et<br \/>\nbienveillante. \u00ab\u00a0Ne fais jamais aux autres ce que tu ne voudrais pas<br \/>\nque te fasse\u00a0\u00bb est ma r\u00e8gle d&rsquo;or. Je l&rsquo;applique<br \/>\nconstamment.<\/strong>\u00a0\u00bb a-t-elle r\u00e9v\u00e9l\u00e9. Des confidences \u00e0<br \/>\nretrouver en kiosques d\u00e8s le vendredi 12 d\u00e9cembre 2025.<\/p>\n<p><strong>COMMENT ACHETER CLOSER ? Votre magazine est en vente \u00e0<br \/>\npartir du vendredi 12 d\u00e9cembre 2025 chez votre marchand de<br \/>\njournaux, sur\u00a0<a href=\"https:\/\/play.google.com\/store\/apps\/details?id=com.immanens.kioskmag&amp;hl=fr\" data-mrf-link=\"https:\/\/play.google.com\/store\/apps\/details?id=com.immanens.kioskmag&amp;hl=fr\" target=\"_blank\" rel=\"noopener\">Android<\/a>,\u00a0<a href=\"https:\/\/apps.apple.com\/fr\/app\/closer-magazine\/id395501531\" data-mrf-link=\"https:\/\/apps.apple.com\/fr\/app\/closer-magazine\/id395501531\" target=\"_blank\" rel=\"noopener\">iPad<\/a>\u00a0et<br \/>\nsur\u00a0<a href=\"https:\/\/www.kiosquemag.com\/titres\/closer\/offres?utm_source=Closer&amp;utm_medium=article\" data-mrf-link=\"https:\/\/www.kiosquemag.com\/titres\/closer\/offres?utm_source=Closer&amp;utm_medium=article\" target=\"_blank\" rel=\"noopener\">KiosqueMag.<\/a><\/strong><\/p>\n","protected":false},"excerpt":{"rendered":"Samedi 6\u202fd\u00e9cembre 2025, au Z\u00e9nith d\u2019Amiens, une nouvelle reine de beaut\u00e9 a \u00e9t\u00e9 couronn\u00e9e sous les projecteurs de&hellip;\n","protected":false},"author":2,"featured_media":594137,"comment_status":"","ping_status":"","sticky":false,"template":"","format":"standard","meta":{"footnotes":""},"categories":[1359],"tags":[21303,58,59,1011,27,70426,3034,973],"class_list":{"0":"post-594136","1":"post","2":"type-post","3":"status-publish","4":"format-standard","5":"has-post-thumbnail","7":"category-people","8":"tag-buzz_nonli","9":"tag-divertissement","10":"tag-entertainment","11":"tag-fr","12":"tag-france","13":"tag-marfeel_news","14":"tag-miss-france","15":"tag-people"},"share_on_mastodon":{"url":"https:\/\/pubeurope.com\/@fr\/115704461089795757","error":""},"_links":{"self":[{"href":"https:\/\/www.europesays.com\/fr\/wp-json\/wp\/v2\/posts\/594136","targetHints":{"allow":["GET"]}}],"collection":[{"href":"https:\/\/www.europesays.com\/fr\/wp-json\/wp\/v2\/posts"}],"about":[{"href":"https:\/\/www.europesays.com\/fr\/wp-json\/wp\/v2\/types\/post"}],"author":[{"embeddable":true,"href":"https:\/\/www.europesays.com\/fr\/wp-json\/wp\/v2\/users\/2"}],"replies":[{"embeddable":true,"href":"https:\/\/www.europesays.com\/fr\/wp-json\/wp\/v2\/comments?post=594136"}],"version-history":[{"count":0,"href":"https:\/\/www.europesays.com\/fr\/wp-json\/wp\/v2\/posts\/594136\/revisions"}],"wp:featuredmedia":[{"embeddable":true,"href":"https:\/\/www.europesays.com\/fr\/wp-json\/wp\/v2\/media\/594137"}],"wp:attachment":[{"href":"https:\/\/www.europesays.com\/fr\/wp-json\/wp\/v2\/media?parent=594136"}],"wp:term":[{"taxonomy":"category","embeddable":true,"href":"https:\/\/www.europesays.com\/fr\/wp-json\/wp\/v2\/categories?post=594136"},{"taxonomy":"post_tag","embeddable":true,"href":"https:\/\/www.europesays.com\/fr\/wp-json\/wp\/v2\/tags?post=594136"}],"curies":[{"name":"wp","href":"https:\/\/api.w.org\/{rel}","templated":true}]}}