{"id":594138,"date":"2025-12-12T03:25:15","date_gmt":"2025-12-12T03:25:15","guid":{"rendered":"https:\/\/www.europesays.com\/fr\/594138\/"},"modified":"2025-12-12T03:25:15","modified_gmt":"2025-12-12T03:25:15","slug":"la-galerie-kugel-fait-renaitre-la-splendeur-des-emaux-de-limoges","status":"publish","type":"post","link":"https:\/\/www.europesays.com\/fr\/594138\/","title":{"rendered":"La galerie Kugel fait rena\u00eetre la splendeur des \u00e9maux de Limoges"},"content":{"rendered":"<p>\n    \u00c0 travers quelque 70\u00a0pi\u00e8ces, l\u2019exposition explore la vogue au fil du temps de ces objets de la Renaissance fran\u00e7aise qui connurent leur \u00e2ge d\u2019or, du XVIe au XVIIe\u00a0si\u00e8cle.<\/p>\n<p class=\"fig-paragraph\">Qui sont les collectionneurs fous d\u2019\u00e9maux de Limoges qui connurent leur \u00e2ge d\u2019or de 1520 \u00e0 1620, notamment avec Leonard Limousin, proche de la cour de\u00a0<a href=\"https:\/\/www.lefigaro.fr\/tag\/francois-ier\" target=\"_blank\" rel=\"nofollow noopener\" data-gtm-custom-categorie=\"navigation\" data-gtm-custom-action=\"crossclick\" data-gtm-custom-label=\"Contextuel\" data-gtm-event=\"customEventSPE\">Fran\u00e7ois\u00a0Ier<\/a>\u00a0qui porta la vogue \u00e0 son sommet\u00a0? C\u2019est la relation entre le march\u00e9 confidentiel de cet art pr\u00e9cieux de la\u00a0<a href=\"http:\/\/www.lefigaro.fr\/arts-expositions\/nous-n-avons-pas-voulu-faire-un-musee-trop-classique-et-tant-mieux-si-ce-choix-fait-debat-la-renaissance-du-musee-bonnat-helleu-a-bayonne-20251124\" data-fig-type=\"Article\" data-gtm-custom-categorie=\"navigation\" data-gtm-custom-action=\"crossclick\" data-gtm-custom-label=\"Contextuel\" data-gtm-event=\"customEventSPE\" data-fig-domain=\"LEFIGARO\" target=\"_blank\" rel=\"noopener\">Renaissance\u00a0<\/a>fran\u00e7aise, qui tira son inspiration dans les gravures nordiques, italiennes ou celles de l\u2019\u00c9cole de Fontainebleau, et le petit monde des amateurs passionn\u00e9s et souvent visionnaires qu\u2019explore la\u00a0<a href=\"https:\/\/www.lefigaro.fr\/culture\/la-fascination-de-l-ambre-a-la-galerie-kugel-20231026\" data-fig-type=\"Article\" data-gtm-custom-categorie=\"navigation\" data-gtm-custom-action=\"crossclick\" data-gtm-custom-label=\"Contextuel\" data-gtm-event=\"customEventSPE\" data-fig-domain=\"LEFIGARO\" target=\"_blank\" rel=\"noopener\">galerie Kugel<\/a>. Quelque 70\u00a0pi\u00e8ces pour la plupart jamais vues depuis un si\u00e8cle.<\/p>\n<p class=\"fig-paragraph\">Elles sont formidablement mises en sc\u00e8ne, \u00e0 la mani\u00e8re des cabinets de curiosit\u00e9, dont les photos d\u2019\u00e9poque obstruent les fen\u00eatres. Le visiteur est ainsi plong\u00e9 dans le noir, l\u2019\u00e9clairage portant sur chaque pi\u00e8ce pour mieux en faire ressortir l\u2019\u00e9clat, endroit comme envers, o\u00f9 grisailles et cama\u00efeux d\u2019or sur fond noir ou bleu voisinent avec polychromies parfois vives.<\/p>\n<p class=\"fig-body-link\">\n            \u00c0 lire aussi<br \/>\n        <a class=\"fig-body-link__link fig-premium-mark\" href=\"http:\/\/www.lefigaro.fr\/arts-expositions\/ils-s-adressent-a-la-tres-haute-criminalite-apres-le-vol-au-musee-de-limoges-l-interet-des-escrocs-pour-les-porcelaines-chinoises-20250908\" data-fig-type=\"Article\" data-gtm-custom-categorie=\"navigation\" data-gtm-custom-action=\"crossclick\" data-gtm-custom-label=\"Contextuel\" data-gtm-event=\"customEventSPE\" data-fig-domain=\"LEFIGARO\" target=\"_blank\" rel=\"noopener\"><\/p>\n<p>        \u00abIls s\u2019adressent \u00e0 la tr\u00e8s haute criminalit\u00e9\u00bb\u00a0: apr\u00e8s le vol au mus\u00e9e de Limoges, l\u2019int\u00e9r\u00eat des escrocs pour les porcelaines chinoises<br \/>\n    <\/a>\n<\/p>\n<p class=\"fig-paragraph\">Comme \u00e0 leur habitude, les fr\u00e8res Kugel ont mis des d\u00e9cennies pour r\u00e9unir\u2026<\/p>\n<p class=\"fig-premium-paywall__infos\">\n        Cet article est r\u00e9serv\u00e9 aux abonn\u00e9s.        Il vous reste 66% \u00e0 d\u00e9couvrir.\n    <\/p>\n<p>                <img  data- alt=\"Le Figaro\" class=\"fig-img--complete fig-img\"\/><\/p>\n<p class=\"fig-premium-paywall__title\">Vente Flash<\/p>\n<p class=\"fig-premium-paywall__subtitle\">-50% sur l&rsquo;abonnement num\u00e9rique<\/p>\n<p class=\"fig-premium-paywall__connect\">\n                D\u00e9j\u00e0 abonn\u00e9\u00a0?                <a class=\"fig-premium-paywall__connect-link\" href=\"https:\/\/connect.lefigaro.fr\/login?client=horizon_web&amp;type=main&amp;redirect_uri=https%3A%2F%2Fwww.lefigaro.fr%2Farts-expositions%2Fla-galerie-kugel-fait-renaitre-la-splendeur-des-emaux-de-limoges-20251211\" data-js-gtm=\"{&quot;customCategorie&quot;: &quot;conversion&quot;, &quot;customAction&quot;: &quot;before_Landing_Connexion_paywall_auto&quot;, &quot;customLabel&quot;: &quot;bGVmaWdhcm8uZnJfXzFmMGQ2Nzc4LTk3NDItNmU5OC05YWVjLWEzNDkzNTVkOTEyMl9fQXJ0aWNsZQ==_La galerie Kugel fait rena\u00eetre la splendeur des \u00e9maux de Limoges_72&quot;, &quot;customIDSPE&quot;: &quot;bGVmaWdhcm8uZnJfXzFmMGQ2Nzc4LTk3NDItNmU5OC05YWVjLWEzNDkzNTVkOTEyMl9fQXJ0aWNsZQ==&quot;, &quot;event&quot;: &quot;customEventSPE&quot;}\" target=\"_blank\" rel=\"noopener\"><br \/>\n                    Connectez-vous<br \/>\n                <\/a>\n            <\/p>\n","protected":false},"excerpt":{"rendered":"\u00c0 travers quelque 70\u00a0pi\u00e8ces, l\u2019exposition explore la vogue au fil du temps de ces objets de la Renaissance&hellip;\n","protected":false},"author":2,"featured_media":594139,"comment_status":"","ping_status":"","sticky":false,"template":"","format":"standard","meta":{"footnotes":""},"categories":[1358],"tags":[1348,1384,1385,1386,58,59,1011,27,2193,626,3370],"class_list":{"0":"post-594138","1":"post","2":"type-post","3":"status-publish","4":"format-standard","5":"has-post-thumbnail","7":"category-arts-et-design","8":"tag-arts","9":"tag-arts-and-design","10":"tag-arts-et-design","11":"tag-design","12":"tag-divertissement","13":"tag-entertainment","14":"tag-fr","15":"tag-france","16":"tag-limoges","17":"tag-paris","18":"tag-renaissance"},"share_on_mastodon":{"url":"https:\/\/pubeurope.com\/@fr\/115704464879630890","error":""},"_links":{"self":[{"href":"https:\/\/www.europesays.com\/fr\/wp-json\/wp\/v2\/posts\/594138","targetHints":{"allow":["GET"]}}],"collection":[{"href":"https:\/\/www.europesays.com\/fr\/wp-json\/wp\/v2\/posts"}],"about":[{"href":"https:\/\/www.europesays.com\/fr\/wp-json\/wp\/v2\/types\/post"}],"author":[{"embeddable":true,"href":"https:\/\/www.europesays.com\/fr\/wp-json\/wp\/v2\/users\/2"}],"replies":[{"embeddable":true,"href":"https:\/\/www.europesays.com\/fr\/wp-json\/wp\/v2\/comments?post=594138"}],"version-history":[{"count":0,"href":"https:\/\/www.europesays.com\/fr\/wp-json\/wp\/v2\/posts\/594138\/revisions"}],"wp:featuredmedia":[{"embeddable":true,"href":"https:\/\/www.europesays.com\/fr\/wp-json\/wp\/v2\/media\/594139"}],"wp:attachment":[{"href":"https:\/\/www.europesays.com\/fr\/wp-json\/wp\/v2\/media?parent=594138"}],"wp:term":[{"taxonomy":"category","embeddable":true,"href":"https:\/\/www.europesays.com\/fr\/wp-json\/wp\/v2\/categories?post=594138"},{"taxonomy":"post_tag","embeddable":true,"href":"https:\/\/www.europesays.com\/fr\/wp-json\/wp\/v2\/tags?post=594138"}],"curies":[{"name":"wp","href":"https:\/\/api.w.org\/{rel}","templated":true}]}}