{"id":594155,"date":"2025-12-12T03:35:18","date_gmt":"2025-12-12T03:35:18","guid":{"rendered":"https:\/\/www.europesays.com\/fr\/594155\/"},"modified":"2025-12-12T03:35:18","modified_gmt":"2025-12-12T03:35:18","slug":"invite-international-accord-miracle-americain-rdc-rwanda-tout-le-monde-a-interet-a-faire-semblant-rfi","status":"publish","type":"post","link":"https:\/\/www.europesays.com\/fr\/594155\/","title":{"rendered":"Invit\u00e9 international &#8211; Accord \u00abmiracle\u00bb am\u00e9ricain RDC\/Rwanda: \u00abTout le monde \u00e0 int\u00e9r\u00eat \u00e0 faire semblant\u00bb &#8211; RFI"},"content":{"rendered":"<ol>\n<li><a href=\"https:\/\/news.google.com\/rss\/articles\/CBMi-wFBVV95cUxPdTY0NzJsMHZ0UmNoN1FoVGtOWnRNeUk4WjdCbTMyMmZ5d3l2T2RJa1NaZlhhUGRTdjlEb2V2a2ItVzVCa1lVVjBQU0d6S0tLWHNkbEItVnRaQzZKU2ZtbHUwWXFBZ2NNeEhLRUV1RVVoU1QyYTlCZXlDTTRiNkQ5dThrRXNFbm1ULVVNd3l5SE9zQ0RPSWNfSWJqQmV6bHRuOGNuenZFRmtMcGtjNVJmb2RqRkZCcVROdllPcldTUEVWLTI1LU1QUlI3ZDJzakZtOWcwOGh5R1UtUkFSLW9sY1h6empBWU1jenFMaUk4dTB3akprT1VaVTF5Yw?oc=5\" target=\"_blank\" rel=\"noopener\">Invit\u00e9 international &#8211; Accord \u00abmiracle\u00bb am\u00e9ricain RDC\/Rwanda: \u00abTout le monde \u00e0 int\u00e9r\u00eat \u00e0 faire semblant\u00bb<\/a>&nbsp;&nbsp;RFI<\/li>\n<li><a href=\"https:\/\/news.google.com\/rss\/articles\/CBMi4wFBVV95cUxPX0ZEaGY2MDgwbW1BQkFBWHBZTFJRZFhOVzJJaWVLOWo1SFBfYWVzMjktcW1iTFBoUXZQNHgxRFhfc0lwNWFxT3dGT0otck1oam5qTy1TVTFxdFp0WnhkSUR2WEc1Wl84WVV4YUNKZ1NISFJudzJCRE5Ydkx4YzZiQ2ZHSF8tQllha3lncUxnUmNXR1dHbWVhaFJMTEZsYnR6a2NEZlJ5aHM3b0QtRlpXUEd0QWZvZGF6VnUyUmJJME1yMTBpVkstTTNZOEx3aWRicG02WldnNmdiMElRdWstcDF3Zw?oc=5\" target=\"_blank\" rel=\"noopener\">RDC : apr\u00e8s la prise d\u2019Uvira, jusqu\u2019o\u00f9 iront les rebelles de l\u2019AFC-M23 ?<\/a>&nbsp;&nbsp;Lib\u00e9ration<\/li>\n<li><a href=\"https:\/\/news.google.com\/rss\/articles\/CBMixgJBVV95cUxQYXViOUpqWi1MazFnVmpsNFdsNnoyaFFfT2lVTjBMTzNNVzl5SmpCN0JtbVU3di13TkIxWkQtN2tiSGU0NXRVVWtrTG54Qmh6NWhjZG9lUGVNU0IzM3NveVlnTjhjN3pwU0dTZzY3bV9ScThUSzRBeGpjVEp2MXZZUjY3MmhvTnc0eE5kcjNnUUFjOFlQWUZsY1NSckVHLVFoUDR1OHYtVE5sZ01uYjB4Zkgxd1ZRck1ZYTJpLXhzTjJMa190Y0E1ek91RktEcUhzZzd0T3o2RTd5cjlnek1vd3gxbG1XS2xNTHBPVmVJdEpqWFl2T1IxRXlvSlNqMzh5SXI5WjROWlEybXpPWnVCYzBSSUloMVg0SExWTUNXdV82S21tbWJ3VnA5clNodGtpWHN4a29wX1JCTUxjQWwwQkYtb3BUZw?oc=5\" target=\"_blank\" rel=\"noopener\">Journal en fran\u00e7ais facile &#8211; Nouvelle offensive de l&rsquo;AFC\/M23 en RDC \/ Maria Corina Machado \u00e0 Oslo \/ Le compas inscrit au patrimoine culturel immat\u00e9riel de l&rsquo;Unesco&#8230;<\/a>&nbsp;&nbsp;Le fran\u00e7ais facile avec RFI<\/li>\n<li><a href=\"https:\/\/news.google.com\/rss\/articles\/CBMisAFBVV95cUxPS1BudXdYTS0tbERyb1EwRmJ5aFpqb3RVN3VzcnFLZ05pclYtN1hRbWlJdWd6eG5Ba2JqdEQ0X2FRaG9wcTBSSVVGQy1rX29CQVlYa1d4RTFjRXZ5eTlZZ3BNNm9wUnBMRUotajlSYm1UVlM0TmgxUHpWSVpfLS1MMmJkODA1bzBzdWJMZHBRMUdPaDQ3MXNhcTJQdEJObUZJYXpmYW5YenMyUGxaQURWVA?oc=5\" target=\"_blank\" rel=\"noopener\">Grands Lacs africains : la paix illusoire de Trump<\/a>&nbsp;&nbsp;Alternatives Economiques<\/li>\n<li><a href=\"https:\/\/news.google.com\/rss\/articles\/CBMixAFBVV95cUxNVFdDVmFBVFpzV09WS2xkc0pJQnp0eHYwbXdIQV92VjR5LUNQQ0ZHUzNHZ2J3ekdjRkZwRzJzVGROU2djSmhIeEFxYU5od3VOdXZRTXpBcmRkVllJcGQ1V2tTTFZCeGlvRDVjMllQejN2cnU0VG9KXzNLVXl0TzNGVXpZTnZkdnd0SzR1NDhUMk0xLTBzQkRFN0tDSGI5T3UxREZXOF80RUxTQ3F3elI2N1Bhc1pLNHpTTWpUc0dhZF9TMlJk?oc=5\" target=\"_blank\" rel=\"noopener\">Le Rwanda accuse la RD Congo et le Burundi de violations des processus de paix<\/a>&nbsp;&nbsp;France 24<\/li>\n<\/ol>\n","protected":false},"excerpt":{"rendered":"Invit\u00e9 international &#8211; Accord \u00abmiracle\u00bb am\u00e9ricain RDC\/Rwanda: \u00abTout le monde \u00e0 int\u00e9r\u00eat \u00e0 faire semblant\u00bb&nbsp;&nbsp;RFI RDC : apr\u00e8s&hellip;\n","protected":false},"author":2,"featured_media":395849,"comment_status":"","ping_status":"","sticky":false,"template":"","format":"standard","meta":{"footnotes":""},"categories":[5],"tags":[11,1011,27,14,12,28],"class_list":{"0":"post-594155","1":"post","2":"type-post","3":"status-publish","4":"format-standard","5":"has-post-thumbnail","7":"category-international","8":"tag-actualites","9":"tag-fr","10":"tag-france","11":"tag-international","12":"tag-news","13":"tag-world"},"share_on_mastodon":{"url":"https:\/\/pubeurope.com\/@fr\/115704504503181507","error":""},"_links":{"self":[{"href":"https:\/\/www.europesays.com\/fr\/wp-json\/wp\/v2\/posts\/594155","targetHints":{"allow":["GET"]}}],"collection":[{"href":"https:\/\/www.europesays.com\/fr\/wp-json\/wp\/v2\/posts"}],"about":[{"href":"https:\/\/www.europesays.com\/fr\/wp-json\/wp\/v2\/types\/post"}],"author":[{"embeddable":true,"href":"https:\/\/www.europesays.com\/fr\/wp-json\/wp\/v2\/users\/2"}],"replies":[{"embeddable":true,"href":"https:\/\/www.europesays.com\/fr\/wp-json\/wp\/v2\/comments?post=594155"}],"version-history":[{"count":0,"href":"https:\/\/www.europesays.com\/fr\/wp-json\/wp\/v2\/posts\/594155\/revisions"}],"wp:featuredmedia":[{"embeddable":true,"href":"https:\/\/www.europesays.com\/fr\/wp-json\/wp\/v2\/media\/395849"}],"wp:attachment":[{"href":"https:\/\/www.europesays.com\/fr\/wp-json\/wp\/v2\/media?parent=594155"}],"wp:term":[{"taxonomy":"category","embeddable":true,"href":"https:\/\/www.europesays.com\/fr\/wp-json\/wp\/v2\/categories?post=594155"},{"taxonomy":"post_tag","embeddable":true,"href":"https:\/\/www.europesays.com\/fr\/wp-json\/wp\/v2\/tags?post=594155"}],"curies":[{"name":"wp","href":"https:\/\/api.w.org\/{rel}","templated":true}]}}