{"id":594162,"date":"2025-12-12T03:46:42","date_gmt":"2025-12-12T03:46:42","guid":{"rendered":"https:\/\/www.europesays.com\/fr\/594162\/"},"modified":"2025-12-12T03:46:42","modified_gmt":"2025-12-12T03:46:42","slug":"photos-les-feminines-de-las-pagny-handball-et-le-volleyeur-nanceien-bastien-scherer-elus-sportifs-de-lannee-en-meurthe-et-moselle","status":"publish","type":"post","link":"https:\/\/www.europesays.com\/fr\/594162\/","title":{"rendered":"Photos. Les f\u00e9minines de l&rsquo;AS Pagny Handball et le volleyeur nanc\u00e9ien Bastien Scherer \u00e9lus sportifs de l&rsquo;ann\u00e9e en Meurthe-et-Moselle"},"content":{"rendered":"<p>En partenariat avec le Conseil d\u00e9partemental et l&rsquo;Est R\u00e9publicain, la traditionnelle c\u00e9r\u00e9monie des troph\u00e9es sportifs de Meurthe-et-Moselle s&rsquo;est d\u00e9roul\u00e9e ce mardi soir en lever de rideau du match entre le VNVB et Cannes. Elus sportifs de l&rsquo;ann\u00e9e par les lecteurs, les f\u00e9minines de l&rsquo;AS Pagny Handball et le volleyeur nanc\u00e9ien Bastien Scherer ont \u00e9t\u00e9 mis \u00e0 l&rsquo;honneur.<\/p>\n","protected":false},"excerpt":{"rendered":"En partenariat avec le Conseil d\u00e9partemental et l&rsquo;Est R\u00e9publicain, la traditionnelle c\u00e9r\u00e9monie des troph\u00e9es sportifs de Meurthe-et-Moselle s&rsquo;est&hellip;\n","protected":false},"author":2,"featured_media":594163,"comment_status":"","ping_status":"","sticky":false,"template":"","format":"standard","meta":{"footnotes":""},"categories":[9635],"tags":[1111,11,1791,13740,1707,1704,1706,1705,1777,674,107,1701,63,1011,27,5325,2798,775,1792,13739,1702,12,25,517,1700,5711,1632],"class_list":{"0":"post-594162","1":"post","2":"type-post","3":"status-publish","4":"format-standard","5":"has-post-thumbnail","7":"category-nancy","8":"tag-actu","9":"tag-actualites","10":"tag-basket-ball","11":"tag-boxe","12":"tag-edition-luneville","13":"tag-edition-nancy-et-agglomeration","14":"tag-edition-pont-a-mousson","15":"tag-edition-toul","16":"tag-eu","17":"tag-europe","18":"tag-fil-info","19":"tag-fil-info-sport","20":"tag-football","21":"tag-fr","22":"tag-france","23":"tag-galerie-media","24":"tag-galerie-photo","25":"tag-grand-est","26":"tag-handball","27":"tag-judo","28":"tag-nancy","29":"tag-news","30":"tag-republique-francaise","31":"tag-sport","32":"tag-sport-lorrain","33":"tag-vandoeuvre-les-nancy","34":"tag-volley-ball"},"share_on_mastodon":{"url":"https:\/\/pubeurope.com\/@fr\/115704547478111467","error":""},"_links":{"self":[{"href":"https:\/\/www.europesays.com\/fr\/wp-json\/wp\/v2\/posts\/594162","targetHints":{"allow":["GET"]}}],"collection":[{"href":"https:\/\/www.europesays.com\/fr\/wp-json\/wp\/v2\/posts"}],"about":[{"href":"https:\/\/www.europesays.com\/fr\/wp-json\/wp\/v2\/types\/post"}],"author":[{"embeddable":true,"href":"https:\/\/www.europesays.com\/fr\/wp-json\/wp\/v2\/users\/2"}],"replies":[{"embeddable":true,"href":"https:\/\/www.europesays.com\/fr\/wp-json\/wp\/v2\/comments?post=594162"}],"version-history":[{"count":0,"href":"https:\/\/www.europesays.com\/fr\/wp-json\/wp\/v2\/posts\/594162\/revisions"}],"wp:featuredmedia":[{"embeddable":true,"href":"https:\/\/www.europesays.com\/fr\/wp-json\/wp\/v2\/media\/594163"}],"wp:attachment":[{"href":"https:\/\/www.europesays.com\/fr\/wp-json\/wp\/v2\/media?parent=594162"}],"wp:term":[{"taxonomy":"category","embeddable":true,"href":"https:\/\/www.europesays.com\/fr\/wp-json\/wp\/v2\/categories?post=594162"},{"taxonomy":"post_tag","embeddable":true,"href":"https:\/\/www.europesays.com\/fr\/wp-json\/wp\/v2\/tags?post=594162"}],"curies":[{"name":"wp","href":"https:\/\/api.w.org\/{rel}","templated":true}]}}