{"id":594176,"date":"2025-12-12T03:57:13","date_gmt":"2025-12-12T03:57:13","guid":{"rendered":"https:\/\/www.europesays.com\/fr\/594176\/"},"modified":"2025-12-12T03:57:13","modified_gmt":"2025-12-12T03:57:13","slug":"achats-publics-et-prives-le-conseil-regional-choisit-la-preference-bretonne","status":"publish","type":"post","link":"https:\/\/www.europesays.com\/fr\/594176\/","title":{"rendered":"Achats publics et priv\u00e9s\u00a0: le conseil r\u00e9gional choisit la pr\u00e9f\u00e9rence bretonne"},"content":{"rendered":"<p>Les collectivit\u00e9s locales ont-elles un r\u00f4le \u00e0 jouer en termes de protection des entreprises, de souverainet\u00e9 et de localisme\u00a0? L\u2019ex\u00e9cutif r\u00e9gional breton a r\u00e9pondu oui, lors de la <a href=\"https:\/\/saint-brieuc.maville.com\/actu\/actudet_--vous-developpez-l-ideologie-tiers-mondiste-et-immigrationniste-l-extreme-droite-se-lache-a-la-region-bretagne-_5-7104839_actu.Htm\" target=\"_blank\" rel=\"noopener\">session d\u2019orientation budg\u00e9taire du conseil, \u00e0 Rennes (Ille-et-Vilaine)<\/a>, le 11\u00a0d\u00e9cembre 2025, en voulant faire de la commande publique, 300\u00a0millions d\u2019euros par an, un levier strat\u00e9gique pour favoriser l\u2019achat local, dans un plan sur 2026-2028 au petit nom de Spaser, pour Sch\u00e9ma de promotion des achats socialement et \u00e9cologiquement responsables.<\/p>\n<p>Le conseiller r\u00e9gional en charge de l\u2019achat public, Simon Uzenat, d\u00e9taille les objectifs\u00a0: \u00a070\u00a0% des contrats doivent \u00eatre attribu\u00e9s aux tr\u00e8s petites, petites et moyennes entreprises\u00a0; 70\u00a0% devront comporter une clause sociale\u00a0; 100\u00a0% devront comporter une clause sur l\u2019\u00e9galit\u00e9 femmes-hommes\u00a0; 100\u00a0% devront avoir un crit\u00e8re environnemental\u00a0; 65\u00a0% des denr\u00e9es servies dans les cantines seront sous signe de qualit\u00e9 et 40\u00a0% issues de l\u2019agriculture bio.\u00a0<\/p>\n<p>Pour la droite et l\u2019extr\u00eame droite, le Spaser est \u00a0un outil technocratique\u00a0 qui p\u00e9naliserait les plus petites entreprises. Quand St\u00e9phane de Sallier Dupin, du groupe Hissons haut la Bretagne, droite, centre et r\u00e9gionalistes, cite Georges Pompidou pour dire \u00a0qu\u2019il faut arr\u00eater d\u2019emmerder les Fran\u00e7ais\u00a0 avec toujours plus de normes, Gilles Pennelle, du Rassemblement national, estime qu\u2019il s\u2019agit \u00a0d\u2019un manifeste id\u00e9ologique plus qu\u2019un outil de gestion\u00a0.<\/p>\n<p>Un outil de protection<\/p>\n<p>Des propos qui poussent Simon Uzenat, du groupe Bretagne sociale d\u00e9mocrate, \u00e9cologiste et r\u00e9gionaliste, \u00e0 d\u00e9fendre la d\u00e9marche\u00a0: \u00a0Si c\u2019est cela votre analyse, alors ce ne sont pas les entreprises bretonnes qui seront choisies. Avec la concurrence internationale de plus en plus f\u00e9roce, c\u2019est un outil de protection de nos entreprises.\u00a0<\/p>\n<p>Cette politique li\u00e9e la commande publique s\u2019inscrit aussi dans une d\u00e9marche plus large de relocalisation des achats port\u00e9e par Lo\u00efc H\u00e9naff, du m\u00eame groupe politique. Estimant que \u00a0notre \u00e9conomie est beaucoup trop vuln\u00e9rable et trop d\u00e9pendante\u00a0, l\u2019industriel et \u00e9lu rappelle que \u00a0nous consommons ce que les autres produisent\u00a0.<\/p>\n<p>Le programme Relocalisons.bzh vise ainsi \u00e0 aider les entreprises et les collectivit\u00e9s \u00e0 s\u2019approvisionner de pr\u00e9f\u00e9rence en Bretagne, Loire-Atlantique comprise. \u00a0Il y a un potentiel de 130\u00a0000\u00a0emplois et 5,3\u00a0milliards d\u2019euros de chiffres d\u2019affaires relocalisables \u00e0 horizon 2030 et une r\u00e9duction de 3,9\u00a0millions de tonnes de CO2\u00a0, d\u00e9taille-t-il, se f\u00e9licitant aussi d\u2019avoir le soutient actif et engag\u00e9 des principales organisations professionnelles (Medef, UIMM, ABEA, Produit en Bretagne, CCI, FFB\u2026).<\/p>\n<p>Une fois n\u2019est pas coutume, l\u2019extr\u00eame droite et la droite ont approuv\u00e9 cette d\u00e9marche, m\u00eame si Isabelle Le Callennec, du groupe Hissons haut la Bretagne, droite, centre et r\u00e9gionalistes, pr\u00e9vient que la relocalisation des achats \u00a0peut s\u2019av\u00e9rer plus co\u00fbteuse\u00a0. Un argument que Lo\u00efc H\u00e9naff ne nie pas \u00a0pour certains produits, mais pas pour tous\u00a0\u00bb.<\/p>\n<p>Et il propose une m\u00e9thode. \u00a0Il faut consid\u00e9rer le co\u00fbt complet d\u2019un produit en additionnant d\u2019autres co\u00fbts que le prix net. Le transport, le d\u00e9douanement, le co\u00fbt de r\u00e9ception, la non-qualit\u00e9 qui n\u00e9cessite parfois des retours, le taux de change\u2026 Cela r\u00e9duit l\u2019\u00e9cart\u00a0, assure l\u2019\u00e9lu, qui a incontestablement la cr\u00e9dibilit\u00e9 du chef d\u2019entreprise.\u00a0Quant \u00e0 la question de laisser la libert\u00e9 aux entreprises de choisir o\u00f9 elles font leurs achats, Lo\u00efc H\u00e9naff veut temp\u00e9rer. \u00a0On ne veut pas forcer mais bousculer les choses.\u00a0<\/p>\n<p>\u00a0<\/p>\n","protected":false},"excerpt":{"rendered":"Les collectivit\u00e9s locales ont-elles un r\u00f4le \u00e0 jouer en termes de protection des entreprises, de souverainet\u00e9 et de&hellip;\n","protected":false},"author":2,"featured_media":594177,"comment_status":"","ping_status":"","sticky":false,"template":"","format":"standard","meta":{"footnotes":""},"categories":[2821],"tags":[34909,1111,11,829,12103,16040,7516,1777,674,1011,27,12,46138,24036,18889,14190,584,25],"class_list":{"0":"post-594176","1":"post","2":"type-post","3":"status-publish","4":"format-standard","5":"has-post-thumbnail","7":"category-rennes","8":"tag-achats","9":"tag-actu","10":"tag-actualites","11":"tag-bretagne","12":"tag-bretonne","13":"tag-choisit","14":"tag-conseil","15":"tag-eu","16":"tag-europe","17":"tag-fr","18":"tag-france","19":"tag-news","20":"tag-preference","21":"tag-prives","22":"tag-publics","23":"tag-regional","24":"tag-rennes","25":"tag-republique-francaise"},"share_on_mastodon":{"url":"https:\/\/pubeurope.com\/@fr\/115704590784728394","error":""},"_links":{"self":[{"href":"https:\/\/www.europesays.com\/fr\/wp-json\/wp\/v2\/posts\/594176","targetHints":{"allow":["GET"]}}],"collection":[{"href":"https:\/\/www.europesays.com\/fr\/wp-json\/wp\/v2\/posts"}],"about":[{"href":"https:\/\/www.europesays.com\/fr\/wp-json\/wp\/v2\/types\/post"}],"author":[{"embeddable":true,"href":"https:\/\/www.europesays.com\/fr\/wp-json\/wp\/v2\/users\/2"}],"replies":[{"embeddable":true,"href":"https:\/\/www.europesays.com\/fr\/wp-json\/wp\/v2\/comments?post=594176"}],"version-history":[{"count":0,"href":"https:\/\/www.europesays.com\/fr\/wp-json\/wp\/v2\/posts\/594176\/revisions"}],"wp:featuredmedia":[{"embeddable":true,"href":"https:\/\/www.europesays.com\/fr\/wp-json\/wp\/v2\/media\/594177"}],"wp:attachment":[{"href":"https:\/\/www.europesays.com\/fr\/wp-json\/wp\/v2\/media?parent=594176"}],"wp:term":[{"taxonomy":"category","embeddable":true,"href":"https:\/\/www.europesays.com\/fr\/wp-json\/wp\/v2\/categories?post=594176"},{"taxonomy":"post_tag","embeddable":true,"href":"https:\/\/www.europesays.com\/fr\/wp-json\/wp\/v2\/tags?post=594176"}],"curies":[{"name":"wp","href":"https:\/\/api.w.org\/{rel}","templated":true}]}}