{"id":594184,"date":"2025-12-12T04:03:25","date_gmt":"2025-12-12T04:03:25","guid":{"rendered":"https:\/\/www.europesays.com\/fr\/594184\/"},"modified":"2025-12-12T04:03:25","modified_gmt":"2025-12-12T04:03:25","slug":"et-si-la-surprise-du-jour-etait-pour-vous","status":"publish","type":"post","link":"https:\/\/www.europesays.com\/fr\/594184\/","title":{"rendered":"et si la surprise du jour \u00e9tait pour vous\u00a0?"},"content":{"rendered":"<p>                                                <strong>Des cadeaux incroyables \u00e0 gagner chaque jour<\/strong><\/p>\n<p class=\"fs-5 \">\u00c0 l\u2019approche de No\u00ebl, il y a cette atmosph\u00e8re si particuli\u00e8re qui s\u2019installe\u00a0: les lumi\u00e8res qui scintillent en ville, les derniers pr\u00e9paratifs qui s\u2019organisent, l\u2019envie de vivre encore quelques instants de douceur avant de tourner la page de l\u2019ann\u00e9e.<\/p>\n<p class=\"fs-5 \">C\u2019est pr\u00e9cis\u00e9ment \u00e0 ce moment que Nice-Matin a choisi de glisser une surprise dans votre quotidien\u00a0: un <strong>Grand Jeu de l\u2019hiver <\/strong>pens\u00e9 comme un calendrier de l\u2019Avent, o\u00f9 chaque case pourrait bien changer votre journ\u00e9e\u00a0!<\/p>\n<p class=\"fs-5 \">Derri\u00e8re ces cases, des attentions soigneusement s\u00e9lectionn\u00e9es sont \u00e0 gagner\u00a0: <strong>cartes cadeaux, d\u00eeners dans des restaurants embl\u00e9matiques de la C\u00f4te d\u2019Azur, escapades bien-\u00eatre<\/strong>\u2026 Des cadeaux qui offrent une pause dans le quotidien, une nouvelle d\u00e9couverte sur la C\u00f4te d\u2019Azur ou un joli souvenir. Et autant d\u2019occasions de se laisser surprendre avant les f\u00eates\u00a0!<\/p>\n<p>                                                <strong>Comment participer au Grand Jeu d\u2019Hiver\u00a0Nice-Matin ?<\/strong><\/p>\n<p class=\"fs-5 \">Pour participer, rien de plus simple\u00a0: il vous suffit de vous connecter chaque jour du 12 au 21 d\u00e9cembre sur notre site pour <a href=\"https:\/\/nicematin1.qualifioapp.com\/20\/A8AE1141-EAC7-47B5-90D6-35777BCA217C\/_uvpec1\/v1.cfm?id=A8AE1141-EAC7-47B5-90D6-35777BCA217C\" target=\"_blank\" rel=\"noopener\">tenter votre chance<\/a> et laisser la magie op\u00e9rer. Une case, un cadeau en jeu, un clic et une chance de remporter l\u2019un des <strong>10 000 \u20ac de lots<\/strong> mis en jeu. Une petite habitude quotidienne qui pourrait bien devenir votre rituel pr\u00e9f\u00e9r\u00e9 de cette fin d\u2019ann\u00e9e\u00a0!<\/p>\n<\/p>\n<p class=\"fs-5 \">Cette aventure n\u2019aurait tout simplement pas la m\u00eame magie sans ceux qui l\u2019enrichissent.<br \/>En effet, derri\u00e8re chaque case, et derri\u00e8re chaque surprise, il y a la g\u00e9n\u00e9rosit\u00e9 de nos partenaires\u00a0: <strong>Nice \u00c9toile, Yolo Baby, Mama Shelter, Printemps, Ghibaudo Traiteur, Comtesse du Barry, Carrefour Lingosti\u00e8re, Saint Endr\u00e9ol<\/strong> et l\u2019<strong>A\u00e9roport Nice C\u00f4te d\u2019Azur<\/strong>. Chacun apporte sa touche, sa signature, son univers et transforment ce calendrier en une v\u00e9ritable f\u00eate.<\/p>\n<p class=\"fs-5 \">Gr\u00e2ce \u00e0 eux, chaque ouverture de case devient un petit moment d\u2019\u00e9motion. Et qui sait\u00a0? Derri\u00e8re la prochaine case se cache peut-\u00eatre un cadeau qui marquera votre fin d\u2019ann\u00e9e d\u2019un souvenir aussi doux qu\u2019inattendu\u00a0!<\/p>\n","protected":false},"excerpt":{"rendered":"Des cadeaux incroyables \u00e0 gagner chaque jour \u00c0 l\u2019approche de No\u00ebl, il y a cette atmosph\u00e8re si particuli\u00e8re&hellip;\n","protected":false},"author":2,"featured_media":594185,"comment_status":"","ping_status":"","sticky":false,"template":"","format":"standard","meta":{"footnotes":""},"categories":[2819],"tags":[1111,11,1777,674,1011,27,12,2401,882,25],"class_list":{"0":"post-594184","1":"post","2":"type-post","3":"status-publish","4":"format-standard","5":"has-post-thumbnail","7":"category-nice","8":"tag-actu","9":"tag-actualites","10":"tag-eu","11":"tag-europe","12":"tag-fr","13":"tag-france","14":"tag-news","15":"tag-nice","16":"tag-provence-alpes-cote-dazur","17":"tag-republique-francaise"},"share_on_mastodon":{"url":"https:\/\/pubeurope.com\/@fr\/115704614305298168","error":""},"_links":{"self":[{"href":"https:\/\/www.europesays.com\/fr\/wp-json\/wp\/v2\/posts\/594184","targetHints":{"allow":["GET"]}}],"collection":[{"href":"https:\/\/www.europesays.com\/fr\/wp-json\/wp\/v2\/posts"}],"about":[{"href":"https:\/\/www.europesays.com\/fr\/wp-json\/wp\/v2\/types\/post"}],"author":[{"embeddable":true,"href":"https:\/\/www.europesays.com\/fr\/wp-json\/wp\/v2\/users\/2"}],"replies":[{"embeddable":true,"href":"https:\/\/www.europesays.com\/fr\/wp-json\/wp\/v2\/comments?post=594184"}],"version-history":[{"count":0,"href":"https:\/\/www.europesays.com\/fr\/wp-json\/wp\/v2\/posts\/594184\/revisions"}],"wp:featuredmedia":[{"embeddable":true,"href":"https:\/\/www.europesays.com\/fr\/wp-json\/wp\/v2\/media\/594185"}],"wp:attachment":[{"href":"https:\/\/www.europesays.com\/fr\/wp-json\/wp\/v2\/media?parent=594184"}],"wp:term":[{"taxonomy":"category","embeddable":true,"href":"https:\/\/www.europesays.com\/fr\/wp-json\/wp\/v2\/categories?post=594184"},{"taxonomy":"post_tag","embeddable":true,"href":"https:\/\/www.europesays.com\/fr\/wp-json\/wp\/v2\/tags?post=594184"}],"curies":[{"name":"wp","href":"https:\/\/api.w.org\/{rel}","templated":true}]}}