{"id":594186,"date":"2025-12-12T04:05:18","date_gmt":"2025-12-12T04:05:18","guid":{"rendered":"https:\/\/www.europesays.com\/fr\/594186\/"},"modified":"2025-12-12T04:05:18","modified_gmt":"2025-12-12T04:05:18","slug":"lol-assure-de-jouer-au-moins-les-barrages-de-ligue-europa-lille-et-nice-sinclinent","status":"publish","type":"post","link":"https:\/\/www.europesays.com\/fr\/594186\/","title":{"rendered":"L\u2019OL assur\u00e9 de jouer au moins les barrages de Ligue Europa\u00a0; Lille et Nice s\u2019inclinent"},"content":{"rendered":"<p>                      <img loading=\"lazy\" decoding=\"async\" src=\"https:\/\/www.europesays.com\/fr\/wp-content\/uploads\/2025\/12\/322f155_ftp-1-dx9ghadcxvth-2025-12-11t201801z-609870558-up1elcb1kdzca-rtrmadp-3-soccer-europa-ol-gae.jpeg\" alt=\"Le joueur de l\u2019OL Pavel Sulc c\u00e9l\u00e8bre son but, au Groupama Stadium de Lyon, le 11\u00a0d\u00e9cembre\u00a02025.\"   width=\"664\" height=\"443\"\/>    Le joueur de l\u2019OL Pavel Sulc c\u00e9l\u00e8bre son but, au Groupama Stadium de Lyon, le 11\u00a0d\u00e9cembre\u00a02025.  MANON CRUZ \/ REUTERS                          <\/p>\n<p class=\"article__paragraph  \">L\u2019Olympique lyonnais (OL) a atteint son \u00ab\u00a0principal objectif\u00a0\u00bb, selon son entra\u00eeneur, Paulo Fonseca, en s\u2019assurant de disputer au moins les barrages de Ligue Europa, gr\u00e2ce \u00e0 un nouveau succ\u00e8s, jeudi 11\u00a0d\u00e9cembre, en phase de groupes.<\/p>\n<p class=\"article__paragraph  \">L\u2019OL occupe m\u00eame la premi\u00e8re place du classement avec cinq victoires et 15\u00a0points \u2013 un total \u00e9gal \u00e0 celui de la saison derni\u00e8re sur huit matchs \u2013 apr\u00e8s avoir battu les N\u00e9erlandais de Go Ahead Eagles (2-1), au Groupama Stadium, au terme d\u2019un match de faible intensit\u00e9 de la 6e journ\u00e9e. Les Lyonnais n\u2019ont perdu que sur le terrain du Betis S\u00e9ville (2-0), lors de la 4e journ\u00e9e.<\/p>\n<p class=\"article__paragraph  \">Jeudi, les Rhodaniens, avec une animation offensive tr\u00e8s collective, ont domin\u00e9 sans partage un adversaire assez faible. Ils ont rapidement ouvert la marque gr\u00e2ce au Portugais Afonso Moreira qui a converti une passe de l\u2019Anglais Tyler Morton, d\u00e8s la 4e minute. Go Ahead a \u00e9galis\u00e9 en profitant d\u2019une maladresse sur phase de l\u2019OL, Corentin Tolisso effectuant un mauvais contr\u00f4le sur une relance trop forte adress\u00e9e par le gardien R\u00e9my Descamps dont Milan Smit a profit\u00e9 (6e). Mais Lyon a rapidement repris l\u2019avantage avec un but du Tch\u00e8que Pavel Sulc qui a repris victorieusement un ballon repouss\u00e9 par le gardien Jari De Busser apr\u00e8s un tir d\u2019Ainsley Maitland-Niles (11e). L\u2019OL aurait pu ajouter un troisi\u00e8me but dans la foul\u00e9e avec un tir de l\u2019Uruguayen Martin Satriano, heurtant le poteau.<\/p>\n<p class=\"article__paragraph  \">En seconde p\u00e9riode, les Lyonnais ont conserv\u00e9 la possession du ballon en d\u00e9veloppant quelques bonnes offensives mais sans r\u00e9ussite \u00e0 l\u2019image d\u2019un tir envoy\u00e9 sur la barre par Corentin Tolisso (90e) ou alors de la tentative de Moussa Niakhat\u00e9 repouss\u00e9e sur la ligne par Joris Kramer alors que le gardien \u00e9tait battu (90\u00a0+ 2).<\/p>\n<p class=\"article__paragraph  \">S\u00e9curiser au minimum les barrages en assurant une place dans les 24\u00a0premiers (sur 36) est \u00ab\u00a0une premi\u00e8re \u00e9tape dont on peut \u00eatre satisfait\u00a0\u00bb, a comment\u00e9 Paulo Fonseca. \u00ab\u00a0Mais nous voulons terminer dans les huit premiers\u00a0\u00bb pour atteindre directement les huiti\u00e8mes de finale, a ajout\u00e9 le technicien portugais A deux journ\u00e9es de la fin, Lyon partage la t\u00eate du classement avec les Danois de Midtjylland et les Anglais d\u2019Aston Villa, victorieux respectivement de Genk (1-0) et \u00e0 B\u00e2le (2-1).<\/p>\n<p>                    Lille craque en inf\u00e9riorit\u00e9 num\u00e9rique                    <\/p>\n<p class=\"article__paragraph  \">De son c\u00f4t\u00e9, Lille (LOSC) a manqu\u00e9 l\u2019occasion de s\u2019inviter dans le top 8 de cette Ligue Europa en c\u00e9dant en inf\u00e9riorit\u00e9 num\u00e9rique face aux Young Boys de Berne (1-0), plomb\u00e9 par l\u2019expulsion d\u2019Ayyoub Bouaddi en premi\u00e8re p\u00e9riode. Les hommes de Bruno Genesio ont domin\u00e9 la premi\u00e8re demi-heure mais sur une offensive bernoise, l\u2019international espoir de 18\u00a0ans a ceintur\u00e9 Alan Virginius dans la surface (33e), r\u00e9coltant un carton rouge. Le gardien lillois, Berke \u00d6zer, a par deux fois sauv\u00e9 les siens, en se couchant sur le penalty trop \u00e9cras\u00e9 de Chris Bedia avant de repousser la reprise \u00e0 bout portant de Virginius.<\/p>\n<p class=\"article__paragraph  \">Offensivement, Olivier Giroud n\u2019a pas suffisamment appuy\u00e9 sa talonnade en seconde p\u00e9riode pour marquer, Romain Perraud a d\u00e9viss\u00e9 son tir sur une belle contre-attaque, et le LOSC a fini par craquer sur une chevauch\u00e9e \u00e0 gauche de Virginius, reprise au premier poteau par Darian Males (61e).<\/p>\n<p> Newsletter  <\/p>\n<p> <a href=\"https:\/\/www.lemonde.fr\/newsletters\/sport\/\" class=\"inread__link js-services-inread-link\" target=\"_blank\" rel=\"noopener\">  <\/p>\n<p>\u00ab Sport \u00bb<\/p>\n<p>Enqu\u00eates, reportages, analyses : l&rsquo;actualit\u00e9 du sport dans votre bo\u00eete e-mail chaque samedi<\/p>\n<p>S&rsquo;inscrire<\/p>\n<p> <\/a>          <\/p>\n<p> Le Monde Guides d\u2019achat  <\/p>\n<p> <a href=\"https:\/\/www.lemonde.fr\/guides-d-achat\/article\/2018\/06\/30\/les-meilleurs-antivols-pour-attacher-son-velo_5323670_5306571.html\" class=\"inread__link js-services-inread-link\" target=\"_blank\" rel=\"noopener\">  <\/p>\n<p>Cadenas de v\u00e9lo<\/p>\n<p>Les meilleurs cadenas de v\u00e9lo<\/p>\n<p>Lire<\/p>\n<p> <\/a>      <\/p>\n<p> Newsletter  <\/p>\n<p> <a href=\"https:\/\/www.lemonde.fr\/newsletters\/sport\/\" class=\"inread__link js-services-inread-link\" target=\"_blank\" rel=\"noopener\">  <\/p>\n<p>\u00ab Sport \u00bb<\/p>\n<p>Enqu\u00eates, reportages, analyses : l&rsquo;actualit\u00e9 du sport dans votre bo\u00eete e-mail chaque samedi<\/p>\n<p>S&rsquo;inscrire<\/p>\n<p> <\/a>             <\/p>\n<p class=\"article__paragraph  \">Plusieurs centaines de supporters lillois avaient fait le d\u00e9placement dans la capitale suisse, alors que la rencontre n\u2019\u00e9tait pas retransmise en France en raison de la pr\u00e9sence sur le maillot bernois d\u2019un sponsor dont la publicit\u00e9 est interdite par la l\u00e9gislation fran\u00e7aise.<\/p>\n<p class=\"article__paragraph  \">Avec ce troisi\u00e8me revers en six rencontres europ\u00e9ennes, les Dogues chutent de la 11e \u00e0 la 16e position, avec 9 points, tandis que les Young Boys (19e) s\u2019offrent la premi\u00e8re victoire de leur histoire face \u00e0 un club fran\u00e7ais.<\/p>\n<p>                    Huiti\u00e8me revers de suite pour Nice                    <\/p>\n<p class=\"article__paragraph  \">Tout en bas de classement, l\u2019OGC Nice est officiellement \u00e9limin\u00e9 de la Ligue Europa apr\u00e8s sa nouvelle d\u00e9faite contre Braga (0-1), la huiti\u00e8me cons\u00e9cutive toutes comp\u00e9titions confondues, ce qui constitue un nouveau triste record dans l\u2019histoire d\u2019un club o\u00f9 rien ne va plus. Dernier avec z\u00e9ro point (six d\u00e9faites en six journ\u00e9es), Nice a aussi allong\u00e9 sa s\u00e9rie catastrophique en Coupe d\u2019Europe avec une 18e rencontre sans victoire.<\/p>\n<p class=\"article__paragraph  \">Alors que l\u2019appel au boycott par les supporteurs a \u00e9t\u00e9 largement suivi puisque l\u2019Allianz Riviera ne comptait pas plus de 4\u00a0000 spectateurs (contre les 12\u00a0169 annonc\u00e9s par le club), les Aiglons n\u2019ont rien offert pour \u00ab\u00a0recoller les morceaux\u00a0\u00bb, comme l\u2019avait demand\u00e9 le pr\u00e9sident Fabrice Bocquet dimanche soir.<\/p>\n<p class=\"article__paragraph  \">Avec en t\u00eate le d\u00e9placement \u00e0 venir en Ligue 1\u00a0\u00e0 Lens, l\u2019entra\u00eeneur ni\u00e7ois, Franck Haise, avait d\u00e9cid\u00e9 de pr\u00e9server de nombreux joueurs. Et la premi\u00e8re p\u00e9riode a \u00e9t\u00e9 catastrophique. Avec 133 passes effectu\u00e9es en quarante-cinq minutes, soit trois fois moins que les Portugais, avec 32\u00a0% de possession, l\u2019\u00e9quipe azur\u00e9enne, amorphe, a \u00e9t\u00e9 domin\u00e9e \u00e0 tous les niveaux.<\/p>\n<p class=\"article__paragraph  \">Encore une fois cette saison, c\u2019est Melvin Bard, capitaine d\u00e9sorient\u00e9, qui a \u00e9t\u00e9 \u00e0 l\u2019origine du but encaiss\u00e9. Il a relanc\u00e9 directement sur Bright Arrey-Mbi, qui a d\u00e9velopp\u00e9 une action d\u2019\u00e9cole, conclue par Victor (28e).<\/p>\n<p class=\"article__paragraph  \">Apr\u00e8s la pause, les Ni\u00e7ois ont \u00e9t\u00e9 plus combatifs. Mais ni Kevin Carlos (53e), ni Isak Jansson (59e) n\u2019ont \u00e9t\u00e9 assez pr\u00e9cis. Les entr\u00e9es de Mendy, Clauss, siffl\u00e9 \u00e0 chaque prise de balle, Diop, Vanhoutte et Cho n\u2019y ont rien chang\u00e9. Comme un symbole, ce dernier, seul \u00e0 dix m\u00e8tres des buts adverses, a trouv\u00e9 le moyen de frapper quatre m\u00e8tres au-dessus (82e). Sorti sans gloire en Ligue Europa, d\u00e9sormais, Nice doit assurer son maintien en Ligue 1.<\/p>\n<p>                    Strasbourg sans trembler                    <\/p>\n<p class=\"article__paragraph  \">Enfin, en Ligue Conf\u00e9rence, Strasbourg, avec une \u00e9quipe remani\u00e9e, a ramen\u00e9 jeudi d\u2019Aberdeen un nouveau succ\u00e8s europ\u00e9en (1-0) synonyme de premi\u00e8re place et de qualification pour les huiti\u00e8mes de finale avant m\u00eame l\u2019ultime journ\u00e9e. Mal en point en Ligue 1 apr\u00e8s trois revers d\u2019affil\u00e9e, les Alsaciens ont fait le plein dans le nord-est de l\u2019Ecosse pour porter leur total \u00e0 13\u00a0unit\u00e9s.<\/p>\n<p class=\"article__paragraph  \">L\u2019entra\u00eeneur Liam Rosenior avait align\u00e9 une \u00e9quipe remani\u00e9e au coup d\u2019envoi, par contrainte (forfait d\u2019Emmanuel Emegha et d\u2019Abdoul Ouattara) et pour m\u00e9nager ses troupes avant la r\u00e9ception de Lorient, dimanche en Ligue 1. Cela a permis notamment \u00e0 Martial Godo, 22\u00a0ans, de s\u2019illustrer en marquant (35e, 1-0), en contraignant le gardien adverse \u00e0 de beaux arr\u00eats ensuite (53e, 57e) et en obtenant un penalty, manqu\u00e9 par Isma\u00ebl Doukour\u00e9 (72e).<\/p>\n<p class=\"article__paragraph  \">Le succ\u00e8s du Racing s\u2019est \u00e9crit aussi gr\u00e2ce au gardien Mike Penders, imp\u00e9rial sur une t\u00eate de Mats Knoester (40e) et devant Marko Lazetic (52e), alors que les \u00ab\u00a0Dons\u00a0\u00bb d\u2019Aberdeen, avec deux points seulement, sont dor\u00e9navant \u00e9limin\u00e9s.<\/p>\n<p class=\"article__paragraph  \">Les Strasbourgeois termineront la phase de ligue la semaine prochaine \u00e0 la Meinau contre les Islandais de Breidablik sans aucune pression, si ce n\u2019est celle d\u2019entretenir la belle histoire europ\u00e9enne.<\/p>\n<p class=\"author__detail\">  Le Monde avec AFP  <\/p>\n<p>                <a href=\"https:\/\/www.lemonde.fr\/syndication\/\" class=\"reuse__content\" title=\"R\u00e9utiliser ce contenu\" target=\"_blank\" rel=\"noopener\">R\u00e9utiliser ce contenu<\/a>      <\/p>\n","protected":false},"excerpt":{"rendered":"Le joueur de l\u2019OL Pavel Sulc c\u00e9l\u00e8bre son but, au Groupama Stadium de Lyon, le 11\u00a0d\u00e9cembre\u00a02025. MANON CRUZ&hellip;\n","protected":false},"author":2,"featured_media":594187,"comment_status":"","ping_status":"","sticky":false,"template":"","format":"standard","meta":{"footnotes":""},"categories":[2819],"tags":[1111,11,1777,674,1011,27,12,2401,882,25],"class_list":{"0":"post-594186","1":"post","2":"type-post","3":"status-publish","4":"format-standard","5":"has-post-thumbnail","7":"category-nice","8":"tag-actu","9":"tag-actualites","10":"tag-eu","11":"tag-europe","12":"tag-fr","13":"tag-france","14":"tag-news","15":"tag-nice","16":"tag-provence-alpes-cote-dazur","17":"tag-republique-francaise"},"share_on_mastodon":{"url":"https:\/\/pubeurope.com\/@fr\/115704623052299392","error":""},"_links":{"self":[{"href":"https:\/\/www.europesays.com\/fr\/wp-json\/wp\/v2\/posts\/594186","targetHints":{"allow":["GET"]}}],"collection":[{"href":"https:\/\/www.europesays.com\/fr\/wp-json\/wp\/v2\/posts"}],"about":[{"href":"https:\/\/www.europesays.com\/fr\/wp-json\/wp\/v2\/types\/post"}],"author":[{"embeddable":true,"href":"https:\/\/www.europesays.com\/fr\/wp-json\/wp\/v2\/users\/2"}],"replies":[{"embeddable":true,"href":"https:\/\/www.europesays.com\/fr\/wp-json\/wp\/v2\/comments?post=594186"}],"version-history":[{"count":0,"href":"https:\/\/www.europesays.com\/fr\/wp-json\/wp\/v2\/posts\/594186\/revisions"}],"wp:featuredmedia":[{"embeddable":true,"href":"https:\/\/www.europesays.com\/fr\/wp-json\/wp\/v2\/media\/594187"}],"wp:attachment":[{"href":"https:\/\/www.europesays.com\/fr\/wp-json\/wp\/v2\/media?parent=594186"}],"wp:term":[{"taxonomy":"category","embeddable":true,"href":"https:\/\/www.europesays.com\/fr\/wp-json\/wp\/v2\/categories?post=594186"},{"taxonomy":"post_tag","embeddable":true,"href":"https:\/\/www.europesays.com\/fr\/wp-json\/wp\/v2\/tags?post=594186"}],"curies":[{"name":"wp","href":"https:\/\/api.w.org\/{rel}","templated":true}]}}