{"id":594189,"date":"2025-12-12T04:07:13","date_gmt":"2025-12-12T04:07:13","guid":{"rendered":"https:\/\/www.europesays.com\/fr\/594189\/"},"modified":"2025-12-12T04:07:13","modified_gmt":"2025-12-12T04:07:13","slug":"un-deuxieme-super-coup-passe-sous-le-nez-du-fc-nantes","status":"publish","type":"post","link":"https:\/\/www.europesays.com\/fr\/594189\/","title":{"rendered":"Un deuxi\u00e8me super coup passe sous le nez du FC Nantes\u00a0!"},"content":{"rendered":"\n<p>\t\t\t\t\t\t\t<img decoding=\"async\" alt=\"Ayoub El Kaabi\" src=\"https:\/\/www.europesays.com\/fr\/wp-content\/uploads\/2025\/12\/Ayoub_El_Kaabi.jpg\"\/><\/p>\n<p>Ayoub El Kaabi, Cr\u00e9dit photo :Laloumance, CC BY 4.0, via Wikimedia Commons<\/p>\n<p><strong>En qu\u00eate de renforts, le FC Nantes pistait Ayoub El Kaabi, qui devrait finalement rejoindre l\u2019OM. Un dossier qui rappelle celui de Maxime Bernauer \u00e0 l\u2019ASSE.<\/strong><\/p>\n<p data=\"intro\">Le FC Nantes ne trouve pas la solution en Ligue 1 et le salut des Canaris pourrait bien passer par le mercato. Les dirigeants nantais ont cibl\u00e9 plusieurs postes cl\u00e9s qui font d\u00e9faut au FC Nantes pour se renforcer cet hiver, notamment en attaque. Les Nantais auraient alors cibl\u00e9 plusieurs profils au poste de buteur, parmi eux : Ayoub El Kaabi. En fin de contrat en juin prochain, le buteur marocain serait un renfort de poids pour le FC Nantes.<\/p>\n<p>L\u2019OM vole El Kaabi au FC Nantes<\/p>\n<p>Mais le FC Nantes pourrait bien se faire snober par l\u2019attaquant de l\u2019Olympiakos. En effet, l\u2019OM pourrait bien passer devant les Canaris dans ce dossier et recruter Ayoub El Kaabi. Ce n\u2019est d\u2019ailleurs pas la premi\u00e8re fois qu\u2019un joueur privil\u00e9gie un autre club fran\u00e7ais que le FC Nantes. Arriv\u00e9 \u00e0 l\u2019ASSE d\u00e9finitivement l\u2019\u00e9t\u00e9 dernier, Maxime Bernauer a, lui aussi, snob\u00e9 le FC Nantes pour rejoindre les Verts.<\/p>\n<p><\/p>\n<p>\u00ab C&rsquo;\u00e9tait Nantes ou Saint-\u00c9tienne \u00bb<\/p>\n<p>\u00ab C&rsquo;\u00e9tait Nantes ou Saint-\u00c9tienne. Je n&rsquo;avais jamais jou\u00e9 en Ligue 1, et m\u00eame si le contexte \u00e9tait compliqu\u00e9 ici \u00e0 Saint-\u00c9tienne, c&rsquo;est un club historique. J&rsquo;avais envie de revenir en France, mon deuxi\u00e8me enfant venait de na\u00eetre. Le confort ici, on ne l&rsquo;a pas forc\u00e9ment ailleurs. En plus, l&rsquo;ASSE venait de recruter un nouvel entra\u00eeneur, quelqu&rsquo;un qui aime le foot et avec lequel je partage les id\u00e9es. M\u00eame si on ne gagnait pas beaucoup, on voyait l&rsquo;\u00e9volution dans le jeu et il est arriv\u00e9 \u00e0 mettre en place des choses int\u00e9ressantes. Et moi, \u00e7a correspondait bien \u00e0 mes qualit\u00e9s \u00bb, explique l\u2019ancienne piste du FC Nantes pour Tribune Verte.<\/p>\n<p style=\"width:100%;text-align:center;  background-color: #003B6F; padding:5px; border-radius: 10px;color:white;font-size: 20px;\"><a href=\"#graphcomment\" style=\"color:white;\">Voir les commentaires<\/a><\/p>\n<p><\/p>\n<p>\t\t\t\t\t\t&#13;<br \/>\n\t\t\t\t\t\t\t&#13;<\/p>\n","protected":false},"excerpt":{"rendered":"Ayoub El Kaabi, Cr\u00e9dit photo :Laloumance, CC BY 4.0, via Wikimedia Commons En qu\u00eate de renforts, le FC&hellip;\n","protected":false},"author":2,"featured_media":594190,"comment_status":"","ping_status":"","sticky":false,"template":"","format":"standard","meta":{"footnotes":""},"categories":[2818],"tags":[1111,11,1777,674,1011,27,766,12,2636,25],"class_list":{"0":"post-594189","1":"post","2":"type-post","3":"status-publish","4":"format-standard","5":"has-post-thumbnail","7":"category-nantes","8":"tag-actu","9":"tag-actualites","10":"tag-eu","11":"tag-europe","12":"tag-fr","13":"tag-france","14":"tag-nantes","15":"tag-news","16":"tag-pays-de-la-loire","17":"tag-republique-francaise"},"share_on_mastodon":{"url":"https:\/\/pubeurope.com\/@fr\/115704631031339234","error":""},"_links":{"self":[{"href":"https:\/\/www.europesays.com\/fr\/wp-json\/wp\/v2\/posts\/594189","targetHints":{"allow":["GET"]}}],"collection":[{"href":"https:\/\/www.europesays.com\/fr\/wp-json\/wp\/v2\/posts"}],"about":[{"href":"https:\/\/www.europesays.com\/fr\/wp-json\/wp\/v2\/types\/post"}],"author":[{"embeddable":true,"href":"https:\/\/www.europesays.com\/fr\/wp-json\/wp\/v2\/users\/2"}],"replies":[{"embeddable":true,"href":"https:\/\/www.europesays.com\/fr\/wp-json\/wp\/v2\/comments?post=594189"}],"version-history":[{"count":0,"href":"https:\/\/www.europesays.com\/fr\/wp-json\/wp\/v2\/posts\/594189\/revisions"}],"wp:featuredmedia":[{"embeddable":true,"href":"https:\/\/www.europesays.com\/fr\/wp-json\/wp\/v2\/media\/594190"}],"wp:attachment":[{"href":"https:\/\/www.europesays.com\/fr\/wp-json\/wp\/v2\/media?parent=594189"}],"wp:term":[{"taxonomy":"category","embeddable":true,"href":"https:\/\/www.europesays.com\/fr\/wp-json\/wp\/v2\/categories?post=594189"},{"taxonomy":"post_tag","embeddable":true,"href":"https:\/\/www.europesays.com\/fr\/wp-json\/wp\/v2\/tags?post=594189"}],"curies":[{"name":"wp","href":"https:\/\/api.w.org\/{rel}","templated":true}]}}