{"id":594195,"date":"2025-12-12T04:10:13","date_gmt":"2025-12-12T04:10:13","guid":{"rendered":"https:\/\/www.europesays.com\/fr\/594195\/"},"modified":"2025-12-12T04:10:13","modified_gmt":"2025-12-12T04:10:13","slug":"le-tribunal-valide-la-reprise-de-wiseed-par-advenis","status":"publish","type":"post","link":"https:\/\/www.europesays.com\/fr\/594195\/","title":{"rendered":"le tribunal valide la reprise de Wiseed par Advenis"},"content":{"rendered":"<p>C\u2019est la fin d\u2019une longue p\u00e9riode d\u2019incertitude pour Wiseed. <a href=\"https:\/\/www.touleco.fr\/Wiseed-pionniere-du-crowdfunding-en-route-vers-une-reprise,48862\" class=\"spip_in\" target=\"_blank\" rel=\"noopener\">Plac\u00e9e en redressement judiciaire fin octobre<\/a>, au terme de deux ann\u00e9es \u00ab\u00a0tr\u00e8s difficiles\u00a0\u00bb, la pionni\u00e8re europ\u00e9enne du crowdfunding, n\u00e9e \u00e0 Toulouse en 2008, s\u2019en sort \u00ab\u00a0par le haut\u00a0\u00bb, selon sa pr\u00e9sidente Mathilde Iclanzan. Le tribunal de commerce a tranch\u00e9 ce jeudi en faveur de l\u2019entreprise Advenis, dont l\u2019offre a \u00e9t\u00e9 retenue parmi les cinq candidats \u00e0 la reprise.<\/p>\n<p>Il faut dire que le nouvel actionnaire de Wiseed coche \u00ab\u00a0toutes les cases ou presque\u00a0\u00bb. La compl\u00e9mentarit\u00e9 appara\u00eet \u00e9vidente\u00a0: d\u2019un c\u00f4t\u00e9, l\u2019expertise immobili\u00e8re reconnue d\u2019Advenis, qui g\u00e8re ou administre 4 milliards d\u2019euros d\u2019actifs\u00a0; de l\u2019autre, le positionnement digital de Wiseed et ses 33 000 investisseurs. \u00ab\u00a0Nous sommes la pi\u00e8ce du puzzle qu\u2019il leur manquait\u00a0\u00bb, se r\u00e9jouit Mathilde Iclanzan.<\/p>\n<p>M\u00eame enthousiasme du c\u00f4t\u00e9 d\u2019Advenis. Pour le groupe de gestion de patrimoine et d\u2019investissement immobilier cr\u00e9\u00e9 en 1995, cot\u00e9 en bourse, qui compte 300 collaborateurs en France et en Europe, l\u2019acquisition de cette \u00ab\u00a0nouvelle brique digitale\u00a0\u00bb repr\u00e9sente un levier de d\u00e9veloppement strat\u00e9gique. \u00ab\u00a0D\u2019abord, nous int\u00e9grons un canal de distribution suppl\u00e9mentaire, BtoC, en ligne et en direct. Et puis, nous sommes sp\u00e9cialistes des produits de long terme alors que Wiseed, sur le volet immobilier, privil\u00e9gie la maturit\u00e9 courte. De plus, elle intervient aussi pour des start-up, notamment dans la sant\u00e9 et la transition \u00e9nerg\u00e9tique\u00a0\u00bb, salue Rodolphe Manasterski, directeur g\u00e9n\u00e9ral d\u00e9l\u00e9gu\u00e9 du groupe. \u00ab\u00a0Ensemble, nous pourrons cr\u00e9er de nouveaux produits innovants, pour mieux r\u00e9pondre aux attentes de diversification des investisseurs\u00a0\u00bb, r\u00e9sument-ils d\u2019une m\u00eame voix.<\/p>\n<p>Une transition en deux temps<\/p>\n<p>La reprise s\u2019effectuera progressivement. Durant une p\u00e9riode transitoire, \u00ab\u00a0probablement entre six et neuf mois\u00a0\u00bb, Wiseed continuera d\u2019op\u00e9rer avec ses propres agr\u00e9ments PSI\u00a0[<a href=\"#nb1\" class=\"spip_note\" rel=\"appendix\" title=\"Prestataire de services d\u2019investissement\" id=\"nh1\">1<\/a>] et PSFP\u00a0[<a href=\"#nb2\" class=\"spip_note\" rel=\"appendix\" title=\"Prestataire de services de financement participatif\" id=\"nh2\">2<\/a>] d\u00e9livr\u00e9s par l\u2019Autorit\u00e9 des march\u00e9s financiers (AMF) et l\u2019Autorit\u00e9 de contr\u00f4le prudentiel et de r\u00e9solution (ACPR), avant que l\u2019ensemble des activit\u00e9s ne soit transf\u00e9r\u00e9 vers une filiale sp\u00e9cialement cr\u00e9\u00e9e par Advenis, une fois ses propres agr\u00e9ments obtenus. \u00ab\u00a0Ces deux s\u00e9quences permettent la conformit\u00e9 r\u00e9glementaire et la continuit\u00e9 op\u00e9rationnelle\u00a0\u00bb, pr\u00e9cise le communiqu\u00e9 des deux entreprises.<\/p>\n<p>Mathilde Iclanzan restera directrice g\u00e9n\u00e9rale jusqu\u2019\u00e0 la fin de la p\u00e9riode transitoire. La marque sera \u00e9galement conserv\u00e9e. Et ensuite\u00a0? \u00ab\u00a0Nous y r\u00e9fl\u00e9chirons. Mais il est clair que Wiseed est un nom tr\u00e8s fort, embl\u00e9matique du secteur, auquel la communaut\u00e9 est extr\u00eamement attach\u00e9e\u00a0\u00bb, indique Rodolphe Manasterski.<\/p>\n<p>Objectif, recruter \u00e0 nouveau<\/p>\n<p>Dix-huit salari\u00e9s, sur les vingt-et-un que compte actuellement Wiseed, font partie de la reprise. Pour la plupart d\u2019entre eux, la bascule est d\u2019ailleurs imm\u00e9diate\u00a0: \u00ab\u00a0D\u00e8s ce vendredi 12\u00a0d\u00e9cembre, quinze personnes dont les m\u00e9tiers ne sont pas purement r\u00e8glement\u00e9s deviennent collaborateurs Advenis\u00a0\u00bb, confirme le directeur, qui tient \u00e0 rassurer\u00a0: \u00ab\u00a0Notre objectif est clairement de repartir dans une dynamique de recrutement. Des postes sont d\u00e9j\u00e0 identifi\u00e9s, notamment sur les m\u00e9tiers de la relation client ou encore le d\u00e9veloppement informatique\u00a0\u00bb, ajoute-t-il.<\/p>\n<p>Une histoire tourment\u00e9e qui finit bien, gr\u00e2ce, en partie \u00e0 la mise en \u0153uvre du dispositif de \u00ab\u00a0prepack cession\u00a0\u00bb\u00a0: cette proc\u00e9dure acc\u00e9l\u00e9r\u00e9e, qui aura permis de boucler la proc\u00e9dure en quelques semaines seulement, un \u00e9l\u00e9ment cl\u00e9 du succ\u00e8s de l\u2019op\u00e9ration. D\u2019autant plus notable que Wiseed avait elle-m\u00eame sollicit\u00e9e le tribunal, face au blocage d\u2019un actionnaire minoritaire qui refusait toute ouverture du capital.<br class=\"autobr\"\/><br \/>\nMarie-Dominique Lacour<\/p>\n<p>Sur la photo\u00a0: Mathilde Iclanzan (Wiseed) et Rodolphe Manasterski, (Advenis). Cr\u00e9dit\u00a0: DR. <\/p>\n<p>Notes<\/p>\n<p>[<a href=\"#nh1\" class=\"spip_note\" title=\"Notes 1\" rev=\"appendix\">1<\/a>]\u00a0Prestataire de services d\u2019investissement<\/p>\n<p>[<a href=\"#nh2\" class=\"spip_note\" title=\"Notes 2\" rev=\"appendix\">2<\/a>]\u00a0Prestataire de services de financement participatif<\/p>\n","protected":false},"excerpt":{"rendered":"C\u2019est la fin d\u2019une longue p\u00e9riode d\u2019incertitude pour Wiseed. Plac\u00e9e en redressement judiciaire fin octobre, au terme de&hellip;\n","protected":false},"author":2,"featured_media":594196,"comment_status":"","ping_status":"","sticky":false,"template":"","format":"standard","meta":{"footnotes":""},"categories":[2816],"tags":[1111,11,63048,1777,674,1011,27,1116,39247,12,2680,25,2312,63709],"class_list":{"0":"post-594195","1":"post","2":"type-post","3":"status-publish","4":"format-standard","5":"has-post-thumbnail","7":"category-toulouse","8":"tag-actu","9":"tag-actualites","10":"tag-crowdfunding","11":"tag-eu","12":"tag-europe","13":"tag-fr","14":"tag-france","15":"tag-immobilier","16":"tag-investisseur","17":"tag-news","18":"tag-occitanie","19":"tag-republique-francaise","20":"tag-toulouse","21":"tag-wiseed"},"share_on_mastodon":{"url":"https:\/\/pubeurope.com\/@fr\/115704641904076834","error":""},"_links":{"self":[{"href":"https:\/\/www.europesays.com\/fr\/wp-json\/wp\/v2\/posts\/594195","targetHints":{"allow":["GET"]}}],"collection":[{"href":"https:\/\/www.europesays.com\/fr\/wp-json\/wp\/v2\/posts"}],"about":[{"href":"https:\/\/www.europesays.com\/fr\/wp-json\/wp\/v2\/types\/post"}],"author":[{"embeddable":true,"href":"https:\/\/www.europesays.com\/fr\/wp-json\/wp\/v2\/users\/2"}],"replies":[{"embeddable":true,"href":"https:\/\/www.europesays.com\/fr\/wp-json\/wp\/v2\/comments?post=594195"}],"version-history":[{"count":0,"href":"https:\/\/www.europesays.com\/fr\/wp-json\/wp\/v2\/posts\/594195\/revisions"}],"wp:featuredmedia":[{"embeddable":true,"href":"https:\/\/www.europesays.com\/fr\/wp-json\/wp\/v2\/media\/594196"}],"wp:attachment":[{"href":"https:\/\/www.europesays.com\/fr\/wp-json\/wp\/v2\/media?parent=594195"}],"wp:term":[{"taxonomy":"category","embeddable":true,"href":"https:\/\/www.europesays.com\/fr\/wp-json\/wp\/v2\/categories?post=594195"},{"taxonomy":"post_tag","embeddable":true,"href":"https:\/\/www.europesays.com\/fr\/wp-json\/wp\/v2\/tags?post=594195"}],"curies":[{"name":"wp","href":"https:\/\/api.w.org\/{rel}","templated":true}]}}