{"id":594199,"date":"2025-12-12T04:12:35","date_gmt":"2025-12-12T04:12:35","guid":{"rendered":"https:\/\/www.europesays.com\/fr\/594199\/"},"modified":"2025-12-12T04:12:35","modified_gmt":"2025-12-12T04:12:35","slug":"volotea-annonce-trois-nouvelles-destinations-ensoleillees-avec-des-plages-de-reve","status":"publish","type":"post","link":"https:\/\/www.europesays.com\/fr\/594199\/","title":{"rendered":"Volotea annonce trois nouvelles destinations ensoleill\u00e9es avec des plages de r\u00eave"},"content":{"rendered":"<p>                    Par<br \/>\n        <strong><br \/>\n            <a href=\"https:\/\/actu.fr\/auteur\/nicolas-demollien\" title=\"Consulter tous les articles de Nicolas Demollien\" target=\"_blank\" rel=\"noopener\">Nicolas Demollien<\/a><br \/>\n                    <\/strong><\/p>\n<p>        Publi\u00e9 le<\/p>\n<p>            11 d\u00e9c. 2025 \u00e0 12h00        <\/p>\n<p>Vous aimez le <b>soleil<\/b> et les <b>plages de sable fin<\/b> ? Alors les <b>trois nouvelles destinations<\/b> propos\u00e9es par la compagnie <a href=\"https:\/\/actu.fr\/tag\/volotea\" target=\"_blank\" rel=\"noopener\">Volotea<\/a> \u00e0 l\u2019<b>a\u00e9roport<\/b> de <a href=\"https:\/\/actu.fr\/hauts-de-france\/lille_59350\" target=\"_blank\" rel=\"noopener\">Lille<\/a> (Nord) vont vous ravir.<\/p>\n<p>Trois nouvelles destinations ensoleill\u00e9es au d\u00e9part de Lille avec Volotea<\/p>\n<p class=\" wall-content\">La compagnie espagnole poursuit en effet son expansion sur sa base de <a href=\"https:\/\/actu.fr\/hauts-de-france\/lesquin_59343\" target=\"_blank\" rel=\"noopener\">Lesquin<\/a> avec l\u2019annonce de trois nouvelles lignes <b>vers d\u2019autres contr\u00e9es europ\u00e9ennes pour 2026<\/b>. Le tout alors qu\u2019elle vient de c\u00e9l\u00e9brer le cap des 80 millions de passagers transport\u00e9s sur l\u2019ensemble de son r\u00e9seau.<\/p>\n<p class=\" wall-content\">Les nouvelles destinations sont les suivantes :\u00a0<\/p>\n<ul class=\" wall-content\">\n<li><b>Valence (Espagne), <\/b><\/li>\n<li><b>Grande Canarie (Espagne),<\/b><\/li>\n<li><b>Bourgas (Bulgarie). <\/b><\/li>\n<\/ul>\n<p class=\" wall-content\">Vous pourrez profiter de <b>vols directs avec plusieurs fr\u00e9quences par semaine<\/b> pour ces trois villes.<\/p>\n<p class=\" wall-content\">Les <b>vols pour Valence d\u00e9buteront le 21 mai 2026<\/b>, \u00e0 raison de deux vols par semaine les jeudis et dimanches. \u00ab\u00a0Les voyageurs pourront d\u00e9couvrir cette ville portuaire vivante et berceau de la paella, connue pour ses monuments historiques, son avant-gardisme architectural et sa c\u00e9l\u00e8bre Cit\u00e9 des Arts et des Sciences\u00a0\u00bb, sourit-on du c\u00f4t\u00e9 de la compagnie.<\/p>\n<p data-end=\"2306\" class=\" wall-content\">Pour <b>Grande Canarie, il faudra patienter jusqu\u2019au 26 mai 2026<\/b>. Un vol hebdomadaire sera op\u00e9r\u00e9 tous les mardis. Et vous pourrez voyager l\u00e9ger puisque cette destination est r\u00e9put\u00e9e pour \u00eatre ensoleill\u00e9e toute l\u2019ann\u00e9e. Vous y d\u00e9couvrirez ses paysages volcaniques, ses plages embl\u00e9matiques et son atmosph\u00e8re chaleureuse.<\/p>\n<p>Votre r\u00e9gion, votre actu !<\/p>\n<p>Recevez chaque jour les infos qui comptent pour vous.<\/p>\n<p>\t<a href=\"https:\/\/actu.fr\/newsletter\" class=\"ac-btn ac-btn--corner ac-btn--medium ac-btn--blue800\" target=\"_blank\" rel=\"noopener\">S&rsquo;incrire<\/a><\/p>\n<p data-end=\"448\" class=\" wall-content\">Le <b>premier vol pour Bourgas, enfin, interviendra le 27 mai 2026<\/b>. Un vol par semaine sera propos\u00e9, chaque mercredi. Une belle opportunit\u00e9 d\u2019acc\u00e9der \u00e0 cette perle rare de la mer Noire, \u00ab\u00a0promettant des panoramas vari\u00e9s, des plages pr\u00e9serv\u00e9es, sans oublier la richesse de son patrimoine culturel\u00a0\u00bb.<\/p>\n<p data-end=\"3124\" class=\" wall-content\">\u00ab\u00a0L\u2019ann\u00e9e 2025 s\u2019est r\u00e9v\u00e9l\u00e9e particuli\u00e8rement dynamique pour Volotea \u00e0 Lille avec l\u2019annonce et l\u2019inauguration de 11 nouvelles routes au total et l\u2019arriv\u00e9e d\u2019un nouvel avion. Ce d\u00e9veloppement significatif illustre notre volont\u00e9 d\u2019ancrer durablement notre pr\u00e9sence dans la r\u00e9gion Nord\u00a0\u00bb, souligne Carlos Mu\u00f1oz, fondateur et PDG de Volotea.<\/p>\n<p data-end=\"3124\" class=\" wall-content\">Informations et r\u00e9servations sur le site <a href=\"https:\/\/www.volotea.com\/fr\/\" target=\"_blank\" rel=\"noopener\">volotea.com<\/a><\/p>\n<p class=\" wall-content\">Personnalisez votre actualit\u00e9 en ajoutant vos villes et m\u00e9dias en favori avec <a href=\"https:\/\/moncompte.actu.fr\" title=\"D\u00e9couvez Mon Actu\" rel=\"nofollow noopener\" data-trk=\"{&quot;cta&quot;:{&quot;action&quot;:&quot;https:\\\/\\\/moncompte.actu.fr&quot;,&quot;category&quot;:&quot;mon compte&quot;,&quot;from&quot;:&quot;article footer&quot;,&quot;name&quot;:&quot;Mon actu&quot;,&quot;type&quot;:&quot;cta&quot;}}\" target=\"_blank\">Mon Actu<\/a>.<\/p>\n","protected":false},"excerpt":{"rendered":"Par Nicolas Demollien Publi\u00e9 le 11 d\u00e9c. 2025 \u00e0 12h00 Vous aimez le soleil et les plages de&hellip;\n","protected":false},"author":2,"featured_media":594200,"comment_status":"","ping_status":"","sticky":false,"template":"","format":"standard","meta":{"footnotes":""},"categories":[2815],"tags":[1111,11,1777,674,1011,27,811,1307,12,25,104,602,11756,586],"class_list":{"0":"post-594199","1":"post","2":"type-post","3":"status-publish","4":"format-standard","5":"has-post-thumbnail","7":"category-lille","8":"tag-actu","9":"tag-actualites","10":"tag-eu","11":"tag-europe","12":"tag-fr","13":"tag-france","14":"tag-hauts-de-france","15":"tag-lille","16":"tag-news","17":"tag-republique-francaise","18":"tag-societe","19":"tag-tourisme","20":"tag-volotea","21":"tag-voyage"},"share_on_mastodon":{"url":"https:\/\/pubeurope.com\/@fr\/115704649749161450","error":""},"_links":{"self":[{"href":"https:\/\/www.europesays.com\/fr\/wp-json\/wp\/v2\/posts\/594199","targetHints":{"allow":["GET"]}}],"collection":[{"href":"https:\/\/www.europesays.com\/fr\/wp-json\/wp\/v2\/posts"}],"about":[{"href":"https:\/\/www.europesays.com\/fr\/wp-json\/wp\/v2\/types\/post"}],"author":[{"embeddable":true,"href":"https:\/\/www.europesays.com\/fr\/wp-json\/wp\/v2\/users\/2"}],"replies":[{"embeddable":true,"href":"https:\/\/www.europesays.com\/fr\/wp-json\/wp\/v2\/comments?post=594199"}],"version-history":[{"count":0,"href":"https:\/\/www.europesays.com\/fr\/wp-json\/wp\/v2\/posts\/594199\/revisions"}],"wp:featuredmedia":[{"embeddable":true,"href":"https:\/\/www.europesays.com\/fr\/wp-json\/wp\/v2\/media\/594200"}],"wp:attachment":[{"href":"https:\/\/www.europesays.com\/fr\/wp-json\/wp\/v2\/media?parent=594199"}],"wp:term":[{"taxonomy":"category","embeddable":true,"href":"https:\/\/www.europesays.com\/fr\/wp-json\/wp\/v2\/categories?post=594199"},{"taxonomy":"post_tag","embeddable":true,"href":"https:\/\/www.europesays.com\/fr\/wp-json\/wp\/v2\/tags?post=594199"}],"curies":[{"name":"wp","href":"https:\/\/api.w.org\/{rel}","templated":true}]}}