{"id":594203,"date":"2025-12-12T04:15:37","date_gmt":"2025-12-12T04:15:37","guid":{"rendered":"https:\/\/www.europesays.com\/fr\/594203\/"},"modified":"2025-12-12T04:15:37","modified_gmt":"2025-12-12T04:15:37","slug":"des-trottinettes-immergees-depuis-plus-de-6-ans-sorties-du-vieux-port-de-marseille","status":"publish","type":"post","link":"https:\/\/www.europesays.com\/fr\/594203\/","title":{"rendered":"des trottinettes immerg\u00e9es depuis plus de 6 ans sorties du Vieux-Port de Marseille"},"content":{"rendered":"<p>Sur le quai du port, les \u00e9paves et l\u2019eau noire qui en ruisselle attisent la curiosit\u00e9 des passants. La p\u00eache a &#8211; h\u00e9las &#8211; encore \u00e9t\u00e9 bonne. En trois quarts d\u2019heure,<strong> 18 trottinettes ont \u00e9t\u00e9 rep\u00each\u00e9es<\/strong> dans le Vieux-Port de <a href=\"https:\/\/www.laprovence.com\/bouches-du-rhone\/marseille-13055\" target=\"_blank\" rel=\"noopener\">Marseille<\/a>, ce jeudi en d\u00e9but d\u2019apr\u00e8s-midi. Elles viennent s\u2019ajouter aux plus de <strong>1\u00a0500 deux-roues<\/strong> (trottinettes et v\u00e9los) <a href=\"https:\/\/www.laprovence.com\/article\/papier\/5551374\/les-trottinettes-terminent-leur-route-au-fond-de-leau.html\" target=\"_blank\" rel=\"noopener\">d\u00e9j\u00e0 sortis de l\u2019eau, depuis\u00a02019<\/a>, par la Soci\u00e9t\u00e9 nautique de la Corniche (SNC). \u00ab\u00a0Nous en sommes \u00e0 242 en\u00a02025\u00a0\u00bb, pose Roland Guillier, tr\u00e9sorier de la SNC, avant le d\u00e9but de l\u2019op\u00e9ration.<\/p>\n<p>Sous l\u2019eau, c\u2019est <strong>Patrick Rom\u00e9o<\/strong>, le pr\u00e9sident du club, qui plonge\u00a0: tous les m\u00e8tres, une nouvelle trottinette est remont\u00e9e \u00e0 terre. Recouvertes de mollusques, elles sont \u00e0 peine identifiables. \u00ab\u00a0<a href=\"https:\/\/www.laprovence.com\/actu\/en-direct\/5580683\/marseille-tout-au-long-de-la-corniche-les-trottinettes-dans-leau-se-ramassent-a-la-pelle.html\" target=\"_blank\" rel=\"noopener\">Elles sont l\u00e0 depuis\u00a02019 au moins<\/a>\u00ab\u00a0, estime le plongeur. Ce que confirme <strong>Octave Labb\u00e9<\/strong>, responsable des op\u00e9rations marseillaises chez <a href=\"https:\/\/www.laprovence.com\/article\/region\/4511407669922214\/les-trottinettes-electriques-rempilent-pour-deux-ans-a-marseille\" target=\"_blank\" rel=\"noopener\">Lime<\/a>, l\u2019un des deux op\u00e9rateurs \u00e0 Marseille avec Voi\u00a0: \u00ab\u00a0Ce sont d\u2019anciens mod\u00e8les, en effet\u2026\u00a0\u00bb<\/p>\n<p><img alt=\"Lime, Voi, Bird et m\u00eame Circ : tous les op\u00e9rateurs sont concern\u00e9s par la probl\u00e9matique des trottinettes jet\u00e9es dans l'eau \u00e0 Marseille.\" loading=\"lazy\" decoding=\"async\" data-nimg=\"fill\" class=\" TwicCore_img__i9TC1 undefined  undefined\" style=\"position:absolute;height:100%;width:100%;left:0;top:0;right:0;bottom:0;color:transparent;background-size:cover;background-position:50% 50%;background-repeat:no-repeat;background-image:url(&quot;data:image\/svg+xml;charset=utf-8,%3Csvg xmlns='http:\/\/www.w3.org\/2000\/svg' %3E%3Cfilter id='b' color-interpolation-filters='sRGB'%3E%3CfeGaussianBlur stdDeviation='20'\/%3E%3CfeColorMatrix values='1 0 0 0 0 0 1 0 0 0 0 0 1 0 0 0 0 0 100 -1' result='s'\/%3E%3CfeFlood x='0' y='0' width='100%25' height='100%25'\/%3E%3CfeComposite operator='out' in='s'\/%3E%3CfeComposite in2='SourceGraphic'\/%3E%3CfeGaussianBlur stdDeviation='20'\/%3E%3C\/filter%3E%3Cimage width='100%25' height='100%25' x='0' y='0' preserveAspectRatio='none' style='filter: url(%23b);' href='https:\/\/pictures.laprovence.com\/cdn-cgi\/image\/blur=250\/media\/melody\/2025\/12\/11\/operation-de-repechage-de-trottinettes-dans-le-vieux-port-de-marseille-photo-noa-thevenin-trottinett-1765472595_d4452978da396d8452978da39ac452v_.jpg'\/%3E%3C\/svg%3E&quot;)\"   src=\"https:\/\/www.europesays.com\/fr\/wp-content\/uploads\/2025\/12\/operation-de-repechage-de-trottinettes-dans-le-vieux-port-de-marseille-photo-noa-thevenin-trottinett.jpeg\"\/>Lime, Voi, Bird et m\u00eame Circ : tous les op\u00e9rateurs sont concern\u00e9s par la probl\u00e9matique des trottinettes jet\u00e9es dans l&rsquo;eau \u00e0 Marseille. \/ PHOTO Noa Thevenin<\/p>\n<p>Si vieux que la marque n\u2019existe parfois m\u00eame plus, comme ces Circ, entreprise rachet\u00e9e par Bird en\u00a02020, ou justement des Bird, <a href=\"https:\/\/www.laprovence.com\/article\/region\/26749329803644\/excusif-marseille-voi-et-lime-obtiennent-le-marche-des-trottinettes-en-libre-service\" target=\"_blank\" rel=\"noopener\">qui n\u2019op\u00e8re plus dans la cit\u00e9 phoc\u00e9enne depuis\u00a02023<\/a>.<\/p>\n<p>Des v\u00e9hicules emp\u00eatr\u00e9s dans la vase<\/p>\n<p>Comment expliquer que ces trottinettes polluent depuis si longtemps le Vieux-Port alors m\u00eame que la soci\u00e9t\u00e9 nautique du 7e arrondissement indique effectuer des op\u00e9rations de ramassage une fois par semaine en \u00e9t\u00e9 et deux fois par mois en hiver\u00a0? \u00ab\u00a0Il y a beaucoup de c\u00e2bles, de cordages, de cha\u00eenes, tout est emm\u00eal\u00e9 avec les trottinettes au milieu, r\u00e9pond Patrick Rom\u00e9o. Au fond, il y a plusieurs m\u00e8tres de vase, quand on bouge un peu, tout se trouble et on ne voit plus rien. Et \u00e0 cet endroit pr\u00e9cis, on n\u2019avait plus plong\u00e9 depuis plusieurs ann\u00e9es.\u00a0\u00bb<\/p>\n<p>La SNC effectue des rep\u00e9rages quelques jours avant les op\u00e9rations. \u00ab\u00a0On surveille les trottinettes qui basculent en veille prolong\u00e9e, compl\u00e8te le responsable de Lime. Si elles sont g\u00e9olocalis\u00e9es dans l\u2019eau, on envoie leurs coordonn\u00e9es \u00e0 la soci\u00e9t\u00e9 nautique pour qu\u2019elle les rep\u00eache.\u00a0\u00bb<\/p>\n<p><img alt=\"Sur le Vieux-Port, des trottinettes ayant pass\u00e9 plus de six ans dans l'eau ont \u00e9t\u00e9 remont\u00e9es \u00e0 la surface par la Soci\u00e9t\u00e9 nautique de la Corniche.\" loading=\"lazy\" decoding=\"async\" data-nimg=\"fill\" class=\" TwicCore_img__i9TC1 undefined  undefined\" style=\"position:absolute;height:100%;width:100%;left:0;top:0;right:0;bottom:0;color:transparent;background-size:cover;background-position:50% 50%;background-repeat:no-repeat;background-image:url(&quot;data:image\/svg+xml;charset=utf-8,%3Csvg xmlns='http:\/\/www.w3.org\/2000\/svg' %3E%3Cfilter id='b' color-interpolation-filters='sRGB'%3E%3CfeGaussianBlur stdDeviation='20'\/%3E%3CfeColorMatrix values='1 0 0 0 0 0 1 0 0 0 0 0 1 0 0 0 0 0 100 -1' result='s'\/%3E%3CfeFlood x='0' y='0' width='100%25' height='100%25'\/%3E%3CfeComposite operator='out' in='s'\/%3E%3CfeComposite in2='SourceGraphic'\/%3E%3CfeGaussianBlur stdDeviation='20'\/%3E%3C\/filter%3E%3Cimage width='100%25' height='100%25' x='0' y='0' preserveAspectRatio='none' style='filter: url(%23b);' href='https:\/\/pictures.laprovence.com\/cdn-cgi\/image\/blur=250\/media\/melody\/2025\/12\/11\/operation-de-repechage-de-trottinettes-dans-le-vieux-port-de-marseille-photo-noa-thevenin-trottinett-1765472595_a1b9a868da396a5b9a868da3999b9av_.jpg'\/%3E%3C\/svg%3E&quot;)\"   src=\"https:\/\/www.europesays.com\/fr\/wp-content\/uploads\/2025\/12\/1765512934_203_operation-de-repechage-de-trottinettes-dans-le-vieux-port-de-marseille-photo-noa-thevenin-trottinett.jpeg\"\/>Sur le Vieux-Port, des trottinettes ayant pass\u00e9 plus de six ans dans l&rsquo;eau ont \u00e9t\u00e9 remont\u00e9es \u00e0 la surface par la Soci\u00e9t\u00e9 nautique de la Corniche. \/ PHOTO Noa Thevenin<\/p>\n<p>Certaines trottinettes \u00e9taient visibles depuis la surface. Et en moins d\u2019une heure, le zodiaque \u00e9tait plein. \u00ab\u00a0Ensuite, on les nettoie un peu, on les identifie avec le QR code et <a href=\"https:\/\/www.laprovence.com\/article\/region\/31156610279748\/maison-des-mobilites-douces-racks-de-stationnement-les-projets-2026-de-voi-pour-ses-trottinettes-a-marseille\" target=\"_blank\" rel=\"noopener\">on pr\u00e9vient les op\u00e9rateurs<\/a> pour qu\u2019ils viennent les chercher\u00a0\u00bb, poursuit Roland Guillier. Celles qui le peuvent sont remises en service, les autres partent pour le recyclage. Ce sera le cas pour ces 6 Lime, 3 Voi et 9 Bird (dont 2 Circ).<\/p>\n<p>Beaucoup de bonbonnes de gaz hilarant<\/p>\n<p>Si la SNC \u0153uvre entre la Pointe-Rouge et Corbi\u00e8res, \u00ab\u00a0c\u2019est autour du Vieux-Port qu\u2019on en trouve toute l\u2019ann\u00e9e et, en \u00e9t\u00e9, au Mucem et <a href=\"https:\/\/www.laprovence.com\/article\/ecoplanete\/57907229977106\/a-marseille-100-trottinettes-sorties-des-eaux-de-la-fausse-monnaie\" target=\"_blank\" rel=\"noopener\">entre la Fausse-Monnaie et le Proph\u00e8te<\/a>\u00ab\u00a0, note le tr\u00e9sorier de l\u2019association d\u00e9fray\u00e9e par les deux op\u00e9rateurs. \u00ab\u00a0Il y en a de moins en moins, les gens font plus attention et ont compris les enjeux environnementaux, nuance Octave Labb\u00e9. Actuellement, on en d\u00e9nombre moins de 10 chaque mois.\u00a0\u00bb<\/p>\n<p>Sous l\u2019eau, les plongeurs trouvent aussi \u00ab\u00a0beaucoup de bonbonnes de protoxyde d\u2019azote\u00a0\u00bb, des barri\u00e8res et des v\u00e9los, notamment ceux de la M\u00e9tropole. \u00ab\u00a0Mais on arr\u00eate de les rep\u00eacher parce qu\u2019on n\u2019a pas d\u2019accord avec elle et qu\u2019on se retrouve \u00e0 les stocker\u00a0\u00bb, pr\u00e9vient le tr\u00e9sorier. Outre \u00ab\u00a0des bouteilles de vin encore ferm\u00e9es qu\u2019on a bues\u00a0\u00bb, les plongeurs sont aussi tomb\u00e9s sur \u00ab\u00a0une moto immerg\u00e9e depuis plus d\u2019un an autour de la capitainerie\u00a0\u00bb ou de la vaisselle en tout genre. <a href=\"https:\/\/www.laprovence.com\/article\/region\/25712843035934\/depollution-du-vieux-port-de-marseille-2-tonnes-de-dechets-dont-une-centaine-de-trottinettes-et-velos-sortis-de-leau\" target=\"_blank\" rel=\"noopener\">La d\u00e9pollution du Vieux-Port<\/a> est loin d\u2019\u00eatre termin\u00e9e\u2026<\/p>\n","protected":false},"excerpt":{"rendered":"Sur le quai du port, les \u00e9paves et l\u2019eau noire qui en ruisselle attisent la curiosit\u00e9 des passants.&hellip;\n","protected":false},"author":2,"featured_media":594204,"comment_status":"","ping_status":"","sticky":false,"template":"","format":"standard","meta":{"footnotes":""},"categories":[2814],"tags":[48843,17,1111,11,70703,394,154,31407,1777,674,1011,27,70704,884,12,882,25,104,37328],"class_list":{"0":"post-594203","1":"post","2":"type-post","3":"status-publish","4":"format-standard","5":"has-post-thumbnail","7":"category-marseille","8":"tag-48843","9":"tag-17","10":"tag-actu","11":"tag-actualites","12":"tag-datent","13":"tag-depuis","14":"tag-des","15":"tag-elles","16":"tag-eu","17":"tag-europe","18":"tag-fr","19":"tag-france","20":"tag-immergees","21":"tag-marseille","22":"tag-news","23":"tag-provence-alpes-cote-dazur","24":"tag-republique-francaise","25":"tag-societe","26":"tag-trottinettes"},"share_on_mastodon":{"url":"https:\/\/pubeurope.com\/@fr\/115704662314721323","error":""},"_links":{"self":[{"href":"https:\/\/www.europesays.com\/fr\/wp-json\/wp\/v2\/posts\/594203","targetHints":{"allow":["GET"]}}],"collection":[{"href":"https:\/\/www.europesays.com\/fr\/wp-json\/wp\/v2\/posts"}],"about":[{"href":"https:\/\/www.europesays.com\/fr\/wp-json\/wp\/v2\/types\/post"}],"author":[{"embeddable":true,"href":"https:\/\/www.europesays.com\/fr\/wp-json\/wp\/v2\/users\/2"}],"replies":[{"embeddable":true,"href":"https:\/\/www.europesays.com\/fr\/wp-json\/wp\/v2\/comments?post=594203"}],"version-history":[{"count":0,"href":"https:\/\/www.europesays.com\/fr\/wp-json\/wp\/v2\/posts\/594203\/revisions"}],"wp:featuredmedia":[{"embeddable":true,"href":"https:\/\/www.europesays.com\/fr\/wp-json\/wp\/v2\/media\/594204"}],"wp:attachment":[{"href":"https:\/\/www.europesays.com\/fr\/wp-json\/wp\/v2\/media?parent=594203"}],"wp:term":[{"taxonomy":"category","embeddable":true,"href":"https:\/\/www.europesays.com\/fr\/wp-json\/wp\/v2\/categories?post=594203"},{"taxonomy":"post_tag","embeddable":true,"href":"https:\/\/www.europesays.com\/fr\/wp-json\/wp\/v2\/tags?post=594203"}],"curies":[{"name":"wp","href":"https:\/\/api.w.org\/{rel}","templated":true}]}}