{"id":59421,"date":"2025-04-28T14:14:13","date_gmt":"2025-04-28T14:14:13","guid":{"rendered":"https:\/\/www.europesays.com\/fr\/59421\/"},"modified":"2025-04-28T14:14:13","modified_gmt":"2025-04-28T14:14:13","slug":"provence-ouvre-sa-boutique-a-marseille-une-adresse-au-panier","status":"publish","type":"post","link":"https:\/\/www.europesays.com\/fr\/59421\/","title":{"rendered":"Provence ouvre sa boutique \u00e0 Marseille : une adresse au Panier"},"content":{"rendered":"<p><img loading=\"lazy\" decoding=\"async\" alt=\"\u00a9 AZ - Provence tourisme ouvre une boutique d\u00e9di\u00e9e \u00e0 sa marque Provence au sein de Jog \u00e9ditions, une boutique marseillaise situ\u00e9e dans le Panier.\" data-zoom-src=\"https:\/\/www.europesays.com\/fr\/wp-content\/uploads\/2025\/04\/initial-provence-marque.jpg\" data-zoomable=\"\" height=\"702\" src=\"https:\/\/www.europesays.com\/fr\/wp-content\/uploads\/2025\/04\/initial-provence-marque.jpg\" width=\"1248\"\/>  <\/p>\n<p class=\"article-desc\">\u00a9 AZ &#8211; Provence tourisme ouvre une boutique d\u00e9di\u00e9e \u00e0 sa marque Provence au sein de Jog \u00e9ditions, une boutique marseillaise situ\u00e9e dans le Panier. <\/p>\n<p>C\u2019est la boutique Jog \u00e9ditions, situ\u00e9e rue Caisserie, dans le 2e arrondissement d Marseille, qui propose d\u00e9sormais les diff\u00e9rents produits estampill\u00e9s \u00ab\u00a0Provence\u00a0\u00bb. <\/p>\n<p>Une marque pens\u00e9e comme un outil strat\u00e9gique <\/p>\n<p>La marque Provence \u2013 enjoy the unexpected a \u00e9t\u00e9 imagin\u00e9e dans le cadre du Contrat de destination Provence, lanc\u00e9 en 2015 partout en France. <strong>Un contrat qui octroie chaque ann\u00e9e \u00e0 Provence tourisme quelques 2M\u20ac pour faire rayonner notre territoire\u2026 <\/strong>et qui r\u00e9unit une trentaine de partenaires institutionnels touristiques. <\/p>\n<p>Cette marque met donc en avant depuis deux ans quelques fleurons de notre artisanat r\u00e9gional, tels que<strong> le savon La Corvette, les douceurs gourmandes de Maison Craquelin et du Roy Ren\u00e9<\/strong>, ou encore les senteurs et th\u00e9s sign\u00e9s Terre d\u2019Oc, seule entreprise hors 13 puisqu\u2019elle est situ\u00e9e dans les Alpes-de-Haute-Provence.<\/p>\n<p> <img decoding=\"async\" alt=\"\" data-zoomable=\"\" height=\"1500\" loading=\"lazy\" src=\"https:\/\/www.europesays.com\/fr\/wp-content\/uploads\/2025\/04\/marque-provence-jog-editions.jpg\" width=\"2000\"\/> \u00a0\u00a9 AZ- Jog \u00e9ditions vend des reproductions d&rsquo;oeuvres sur le th\u00e8me de la Provence.  Une boutique pour les touristes\u2026 mais pas seulement <\/p>\n<p>Les six entreprises retenues pour cr\u00e9er la marque Provence \u00e9ditent pour elle <strong>des produits exclusifs<\/strong>. Bien s\u00fbr, la cible reste prioritairement les touristes, avec cette boutique en lisi\u00e8re du Panier, quartier incontournable lors de leurs balades marseillaises. <\/p>\n<p>Mais Provence tourisme rappelle aussi que : <\/p>\n<blockquote>\n<p>\u00a0\u00e0 l\u2019heure des cadeaux d\u2019entreprise responsables, la marque Provence est une bonne id\u00e9e pour consommer local et faire rayonner notre territoire \u00bb. <\/p>\n<\/blockquote>\n<p>  <img decoding=\"async\" alt=\"\" data-zoomable=\"\" height=\"1500\" loading=\"lazy\" src=\"https:\/\/www.europesays.com\/fr\/wp-content\/uploads\/2025\/04\/marque-provence.jpg\" width=\"2000\"\/> \u00a0\u00a9 AZ- Ces aquarelles sont sign\u00e9e Alice Van de Valle. <\/p>\n<p>Les six marques qui composent Provence \u2013 enjoy the unexpected sont\u00a0: Terre d\u2019Oc \u2013 th\u00e9 vert bio lavande et p\u00eache, encens et parfum d\u2019ambiance, Jog \u00e9ditions \u2013 affiches, cartes postales et marque-pages sign\u00e9s de l\u2019artiste Alice van de Walle, La Corvette \u2013 cube de savon, savon liquide et savonnettes bio, La Barbotine \u2013 six assiettes \u00e0 dessert illustr\u00e9es par Alice Van de Walle, Elsa Lenthal \u2013 coussin de relaxation \u00e0 la lavande et sachets de fleurs de lavandin bio, Maison Craquelin \u2013 cookies au chocolat blanc, amandes et abricots, Le Roy Ren\u00e9 \u2013 nougat blanc et calissons <\/p>\n","protected":false},"excerpt":{"rendered":"\u00a9 AZ &#8211; Provence tourisme ouvre une boutique d\u00e9di\u00e9e \u00e0 sa marque Provence au sein de Jog \u00e9ditions,&hellip;\n","protected":false},"author":2,"featured_media":59422,"comment_status":"","ping_status":"","sticky":false,"template":"","format":"standard","meta":{"footnotes":""},"categories":[2814],"tags":[1111,11,1477,11647,1777,674,1011,27,884,12,1186,882,25],"class_list":{"0":"post-59421","1":"post","2":"type-post","3":"status-publish","4":"format-standard","5":"has-post-thumbnail","7":"category-marseille","8":"tag-actu","9":"tag-actualites","10":"tag-artisanat","11":"tag-boutique","12":"tag-eu","13":"tag-europe","14":"tag-fr","15":"tag-france","16":"tag-marseille","17":"tag-news","18":"tag-provence","19":"tag-provence-alpes-cote-dazur","20":"tag-republique-francaise"},"share_on_mastodon":{"url":"https:\/\/pubeurope.com\/@fr\/114416010320999716","error":""},"_links":{"self":[{"href":"https:\/\/www.europesays.com\/fr\/wp-json\/wp\/v2\/posts\/59421","targetHints":{"allow":["GET"]}}],"collection":[{"href":"https:\/\/www.europesays.com\/fr\/wp-json\/wp\/v2\/posts"}],"about":[{"href":"https:\/\/www.europesays.com\/fr\/wp-json\/wp\/v2\/types\/post"}],"author":[{"embeddable":true,"href":"https:\/\/www.europesays.com\/fr\/wp-json\/wp\/v2\/users\/2"}],"replies":[{"embeddable":true,"href":"https:\/\/www.europesays.com\/fr\/wp-json\/wp\/v2\/comments?post=59421"}],"version-history":[{"count":0,"href":"https:\/\/www.europesays.com\/fr\/wp-json\/wp\/v2\/posts\/59421\/revisions"}],"wp:featuredmedia":[{"embeddable":true,"href":"https:\/\/www.europesays.com\/fr\/wp-json\/wp\/v2\/media\/59422"}],"wp:attachment":[{"href":"https:\/\/www.europesays.com\/fr\/wp-json\/wp\/v2\/media?parent=59421"}],"wp:term":[{"taxonomy":"category","embeddable":true,"href":"https:\/\/www.europesays.com\/fr\/wp-json\/wp\/v2\/categories?post=59421"},{"taxonomy":"post_tag","embeddable":true,"href":"https:\/\/www.europesays.com\/fr\/wp-json\/wp\/v2\/tags?post=59421"}],"curies":[{"name":"wp","href":"https:\/\/api.w.org\/{rel}","templated":true}]}}