{"id":594215,"date":"2025-12-12T04:26:14","date_gmt":"2025-12-12T04:26:14","guid":{"rendered":"https:\/\/www.europesays.com\/fr\/594215\/"},"modified":"2025-12-12T04:26:14","modified_gmt":"2025-12-12T04:26:14","slug":"paul-simon-annonce-deux-concerts-en-2026-au-grand-rex-a-paris","status":"publish","type":"post","link":"https:\/\/www.europesays.com\/fr\/594215\/","title":{"rendered":"Paul Simon annonce deux concerts en 2026 au Grand Rex \u00e0 Paris"},"content":{"rendered":"<p class=\"article-p mdl\">Le retour inesp\u00e9r\u00e9 d&rsquo;une l\u00e9gende de la musique. Dix ans apr\u00e8s un concert touch\u00e9 par la gr\u00e2ce au Palais des congr\u00e8s, Paul Simon annonce deux dates exceptionnelles\u00a0les 3 et 4 mai 2026 au Grand Rex, \u00e0 Paris. L&rsquo;ancien membre du duo Simon &amp; Garfunkel revient en Europe pour une poign\u00e9e de shows intimistes dans le cadre de\u00a0de sa tourn\u00e9e A Quiet Celebration.<\/p>\n<p class=\"article-p mdl\">L&rsquo;auteur-compositeur de 84 ans avait fait ses adieux \u00e0 la sc\u00e8ne le 22 septembre 2018 au Corona Park de Flushing Meadows, dans le Queens, \u00e0 New York. Atteint d&rsquo;une soudaine perte d&rsquo;audition, le musicien pensait \u00eatre contraint d&rsquo;arr\u00eater de se produire en live.\u00a0<\/p>\n<p class=\"article-p mdl\">L&rsquo;artiste \u00e0 qui l&rsquo;on doit les tubes\u00a0The Sound of Silence\u00a0ou\u00a0Bridge Over Troubled Water\u00a0a pourtant r\u00e9ussi \u00e0 trouver le moyen de\u00a0remonter sur sc\u00e8ne. Avec l&rsquo;aide de la Stanford Initiative to Cure Hearing Loss, Paul Simon a cr\u00e9\u00e9 une nouvelle installation qui lui permet de se produire de nouveau.<\/p>\n<p class=\"article-p mdl\">Sa derni\u00e8re tourn\u00e9e intitul\u00e9e A Quiet Celebration Tour, a rencontr\u00e9 un succ\u00e8s retentissant aux\u00a0\u00c9tats-Unis. Le chanteur interpr\u00e8te l\u2019int\u00e9gralit\u00e9 de son album Seven Psalms, sorti en 2023, avant de reprendre nombreux classiques, notamment de son chef-d\u2019\u0153uvre Graceland, dans la deuxi\u00e8me partie du show.\u00a0<\/p>\n<p class=\"article-p mdl\">Les billets pour tous les concerts seront mis en vente le mercredi 17 d\u00e9cembre \u00e0 10h, heure locale.<\/p>\n<p>    La r\u00e9daction vous recommande<\/p>\n<p class=\"s-newsletter__title\">\n                L\u2019actualit\u00e9 par la r\u00e9daction de RTL dans votre bo\u00eete mail.\n            <\/p>\n<p class=\"s-newsletter__subtitle\">\n                Gr\u00e2ce \u00e0 votre compte RTL abonnez-vous \u00e0 la newsletter RTL info pour suivre toute l&rsquo;actualit\u00e9 au quotidien\n            <\/p>\n<p>\n                                    Lire la suite\n                                <\/p>\n","protected":false},"excerpt":{"rendered":"Le retour inesp\u00e9r\u00e9 d&rsquo;une l\u00e9gende de la musique. Dix ans apr\u00e8s un concert touch\u00e9 par la gr\u00e2ce au&hellip;\n","protected":false},"author":2,"featured_media":594216,"comment_status":"","ping_status":"","sticky":false,"template":"","format":"standard","meta":{"footnotes":""},"categories":[1888],"tags":[1111,1928,11,1927,898,1697,1777,674,2414,107,1011,27,873,12,1926,626,1925,25],"class_list":{"0":"post-594215","1":"post","2":"type-post","3":"status-publish","4":"format-standard","5":"has-post-thumbnail","7":"category-paris","8":"tag-actu","9":"tag-actu-paris","10":"tag-actualites","11":"tag-actualites-paris","12":"tag-alerte","13":"tag-concert","14":"tag-eu","15":"tag-europe","16":"tag-fil-culture","17":"tag-fil-info","18":"tag-fr","19":"tag-france","20":"tag-musique","21":"tag-news","22":"tag-news-paris","23":"tag-paris","24":"tag-paris-news","25":"tag-republique-francaise"},"share_on_mastodon":{"url":"https:\/\/pubeurope.com\/@fr\/115704704861964601","error":""},"_links":{"self":[{"href":"https:\/\/www.europesays.com\/fr\/wp-json\/wp\/v2\/posts\/594215","targetHints":{"allow":["GET"]}}],"collection":[{"href":"https:\/\/www.europesays.com\/fr\/wp-json\/wp\/v2\/posts"}],"about":[{"href":"https:\/\/www.europesays.com\/fr\/wp-json\/wp\/v2\/types\/post"}],"author":[{"embeddable":true,"href":"https:\/\/www.europesays.com\/fr\/wp-json\/wp\/v2\/users\/2"}],"replies":[{"embeddable":true,"href":"https:\/\/www.europesays.com\/fr\/wp-json\/wp\/v2\/comments?post=594215"}],"version-history":[{"count":0,"href":"https:\/\/www.europesays.com\/fr\/wp-json\/wp\/v2\/posts\/594215\/revisions"}],"wp:featuredmedia":[{"embeddable":true,"href":"https:\/\/www.europesays.com\/fr\/wp-json\/wp\/v2\/media\/594216"}],"wp:attachment":[{"href":"https:\/\/www.europesays.com\/fr\/wp-json\/wp\/v2\/media?parent=594215"}],"wp:term":[{"taxonomy":"category","embeddable":true,"href":"https:\/\/www.europesays.com\/fr\/wp-json\/wp\/v2\/categories?post=594215"},{"taxonomy":"post_tag","embeddable":true,"href":"https:\/\/www.europesays.com\/fr\/wp-json\/wp\/v2\/tags?post=594215"}],"curies":[{"name":"wp","href":"https:\/\/api.w.org\/{rel}","templated":true}]}}