{"id":594221,"date":"2025-12-12T04:29:30","date_gmt":"2025-12-12T04:29:30","guid":{"rendered":"https:\/\/www.europesays.com\/fr\/594221\/"},"modified":"2025-12-12T04:29:30","modified_gmt":"2025-12-12T04:29:30","slug":"qui-aidera-le-venezuela-si-les-etats-unis-attaquent","status":"publish","type":"post","link":"https:\/\/www.europesays.com\/fr\/594221\/","title":{"rendered":"qui aidera le Venezuela si les \u00c9tats-Unis attaquent ?"},"content":{"rendered":"\n<p>Gardes du corps cubains, radars chinois, navires iraniens et missiles russes\u00a0: le gouvernement v\u00e9n\u00e9zu\u00e9lien a d\u00e9pens\u00e9 plusieurs milliards de dollars, ces derni\u00e8res ann\u00e9es, pour \u00e9toffer son arsenal militaire et recruter des hommes aupr\u00e8s des ennemis des \u00c9tats-Unis tandis que les relations entre les deux pays s\u2019enfon\u00e7aient dans l\u2019impasse.<\/p>\n<p>Aujourd\u2019hui, les menaces de Donald Trump, qui laissent pr\u00e9sager une escalade des tensions, mettent ces alliances \u00e0 l\u2019\u00e9preuve.<\/p>\n<p>[Au cours des derniers mois], les \u00c9tats-Unis ont envoy\u00e9 quelque 15\u00a0000\u00a0soldats et plusieurs de leurs b\u00e2timents les plus modernes aux Cara\u00efbes, ont qualifi\u00e9 le pr\u00e9sident Nicol\u00e1s Maduro d\u2019\u201cill\u00e9gitime\u201d et l\u2019ont accus\u00e9 d\u2019\u00eatre \u00e0 la t\u00eate d\u2019un r\u00e9seau narcoterroriste. [En novembre], Donald Trump a clairement \u00e9tabli un lien entre ce d\u00e9ploiement militaire et la pr\u00e9sidence de Maduro, expliquant aux journalistes qu\u2019il n\u2019\u201c[\u00e9tait] pas tr\u00e8s fan\u201d du dirigeant v\u00e9n\u00e9zu\u00e9lien.<\/p>\n<p> Menaces ou diplomatie\u00a0? <\/p>\n<p>\u201cNous devons nous occuper du Venezuela\u201d, a-t-il ajout\u00e9. Ces derni\u00e8res semaines, le pr\u00e9sident am\u00e9ricain oscille entre les menaces de frappes imminentes et la voie diplomatique en engageant le dialogue avec son homologue v\u00e9n\u00e9zu\u00e9lien.<\/p>\n<p>\u00c0 Washington comme \u00e0 Caracas, les sp\u00e9cialistes ne croient gu\u00e8re en la capacit\u00e9 de r\u00e9sistance de l\u2019arm\u00e9e v\u00e9n\u00e9zu\u00e9lienne <\/p>\n<p>  Offres sp\u00e9ciales  Pour lire la suite de cet article, abonnez-vous <\/p>\n<p class=\"paywall-text\">Acc\u00e9dez \u00e0\u00a0l\u2019int\u00e9gralit\u00e9 de\u00a0nos contenus sur le\u00a0site et\u00a0l\u2019application en\u00a0vous abonnant \u00e0\u00a0<strong>l\u2019offre sp\u00e9ciale.<\/strong><\/p>\n<p class=\"price\">D\u00e8s <strong>2,99\u00a0\u20ac<\/strong>\/mois<\/p>\n<p> Sans engagement \u2022 R\u00e9siliable en ligne                             Offres sp\u00e9ciales  <\/p>\n<p class=\"popin-title\"> <strong>Profitez d\u2019un acc\u00e8s illimit\u00e9 (-57%)<\/strong> <\/p>\n<p>    <img loading=\"lazy\" decoding=\"async\" class=\"popin-img\" src=\"https:\/\/www.europesays.com\/fr\/wp-content\/uploads\/2025\/12\/1765428924_319_fe6cca3_upload-1-y50fm5af5abj-pop-in.png\"  alt=\"Image d'illustration pour l'abonnement\" width=\"300\" height=\"250\"\/>    <\/p>\n<p class=\"price\"> 2,99 \u20ac par mois <\/p>\n<p class=\"popin-engagement\">au lieu de 6,99 \u20ac, r\u00e9siliable \u00e0 tout moment<\/p>\n<p>  <a class=\"ithal-element\" href=\"https:\/\/macommande.courrierinternational.com\/account\/create\/CWADIMENS299PRIO\/CW365N3600ADD1FPRIO?marketing=RCWSITEDISPLAY01\" data-model=\"button\" data-ithal=\"popin_offre_speciale\" data-ithalc=\"[cta_abo]\" id=\"click_popin_offre_speciale\" target=\"_blank\" rel=\"noopener\">J\u2019en profite<\/a>             <\/p>\n<p class=\"article-authors\">                         <a href=\"https:\/\/www.courrierinternational.com\/auteur\/anatoly-kurmanaev\" target=\"_blank\" rel=\"noopener\">Anatoly Kurmanaev<\/a>    <\/p>\n<p class=\"article-vo\"><a href=\"https:\/\/www.nytimes.com\/2025\/11\/18\/world\/americas\/us-venezuela-military-maduro-trump.html\" rel=\"noopener\" target=\"_blank\">Lire l\u2019article original<\/a><\/p>\n<p>Nos lecteurs ont lu\u00a0aussi<\/p>\n<p>Source de l\u2019article<\/p>\n<p>   <img decoding=\"async\" class=\"source-logo\" src=\"https:\/\/www.europesays.com\/fr\/wp-content\/uploads\/2025\/08\/c878735_1643653451901-the-new-york-times.jpg\"  alt=\"Logo\" loading=\"lazy\" width=\"32\" height=\"32\"\/>  The New York Times  (New York)       <\/p>\n<p>Avec 1\u00a0700 journalistes, une trentaine de bureaux \u00e0 l\u2019\u00e9tranger, plus de 130 prix Pulitzer et\u00a0plus de 11\u00a0millions d\u2019abonn\u00e9s au total \u00e0 la fin de l\u2019ann\u00e9e 2024, The New York Times est le quotidien de r\u00e9f\u00e9rence aux \u00c9tats-Unis, dans lequel on peut lire \u201call the news that\u2019s fit to print\u201d (\u201ctoute l\u2019information digne d\u2019\u00eatre publi\u00e9e\u201d).<\/p>\n<p>Dans son \u00e9dition dominicale, on trouve notamment The New York Times Book Review, un suppl\u00e9ment livres qui fait autorit\u00e9, et l\u2019in\u00e9gal\u00e9 New York Times Magazine. La famille Ochs-Sulzberger, qui, en 1896, a pris la direction de ce journal cr\u00e9\u00e9 en 1851, est toujours \u00e0 la t\u00eate du quotidien de centre gauche.<\/p>\n<p>Quant \u00e0 l\u2019\u00e9dition web, qui revendique \u00e0 elle seule plus de 10\u00a0millions d\u2019abonn\u00e9s \u00e0 la fin de 2024, elle propose tout ce que l\u2019on peut attendre d\u2019un service en ligne, avec en plus des dizaines de rubriques sp\u00e9cifiques. Les archives regroupent des articles parus depuis 1851, consultables en ligne \u00e0 partir de 1981.<\/p>\n<p>      <a href=\"https:\/\/www.courrierinternational.com\/notule-source\/the-new-york-times\" class=\"source-link\" target=\"_blank\" rel=\"noopener\">Lire la suite<\/a>                 <\/p>\n<p>Nos services<\/p>\n","protected":false},"excerpt":{"rendered":"Gardes du corps cubains, radars chinois, navires iraniens et missiles russes\u00a0: le gouvernement v\u00e9n\u00e9zu\u00e9lien a d\u00e9pens\u00e9 plusieurs milliards&hellip;\n","protected":false},"author":2,"featured_media":594222,"comment_status":"","ping_status":"","sticky":false,"template":"","format":"standard","meta":{"footnotes":""},"categories":[1591],"tags":[11,3822,309,19551,75,1887,1892,3019,12,52230,1885,1886,132,70705,770,337],"class_list":{"0":"post-594221","1":"post","2":"type-post","3":"status-publish","4":"format-standard","5":"has-post-thumbnail","7":"category-russie","8":"tag-actualites","9":"tag-amu00e9riques","10":"tag-chine","11":"tag-cuba","12":"tag-donald-trump","13":"tag-federation-de-russie","14":"tag-gu00e9opolitique","15":"tag-iran","16":"tag-news","17":"tag-nicolu00e1s-maduro","18":"tag-russia","19":"tag-russian-federation","20":"tag-russie","21":"tag-tensions-u00e9tats-unis-venezuela","22":"tag-u00e9tats-unis","23":"tag-venezuela"},"share_on_mastodon":{"url":"https:\/\/pubeurope.com\/@fr\/115704718135416634","error":""},"_links":{"self":[{"href":"https:\/\/www.europesays.com\/fr\/wp-json\/wp\/v2\/posts\/594221","targetHints":{"allow":["GET"]}}],"collection":[{"href":"https:\/\/www.europesays.com\/fr\/wp-json\/wp\/v2\/posts"}],"about":[{"href":"https:\/\/www.europesays.com\/fr\/wp-json\/wp\/v2\/types\/post"}],"author":[{"embeddable":true,"href":"https:\/\/www.europesays.com\/fr\/wp-json\/wp\/v2\/users\/2"}],"replies":[{"embeddable":true,"href":"https:\/\/www.europesays.com\/fr\/wp-json\/wp\/v2\/comments?post=594221"}],"version-history":[{"count":0,"href":"https:\/\/www.europesays.com\/fr\/wp-json\/wp\/v2\/posts\/594221\/revisions"}],"wp:featuredmedia":[{"embeddable":true,"href":"https:\/\/www.europesays.com\/fr\/wp-json\/wp\/v2\/media\/594222"}],"wp:attachment":[{"href":"https:\/\/www.europesays.com\/fr\/wp-json\/wp\/v2\/media?parent=594221"}],"wp:term":[{"taxonomy":"category","embeddable":true,"href":"https:\/\/www.europesays.com\/fr\/wp-json\/wp\/v2\/categories?post=594221"},{"taxonomy":"post_tag","embeddable":true,"href":"https:\/\/www.europesays.com\/fr\/wp-json\/wp\/v2\/tags?post=594221"}],"curies":[{"name":"wp","href":"https:\/\/api.w.org\/{rel}","templated":true}]}}