{"id":594228,"date":"2025-12-12T04:35:26","date_gmt":"2025-12-12T04:35:26","guid":{"rendered":"https:\/\/www.europesays.com\/fr\/594228\/"},"modified":"2025-12-12T04:35:26","modified_gmt":"2025-12-12T04:35:26","slug":"edff-mondial-ihf-2025-presentation-france-allemagne","status":"publish","type":"post","link":"https:\/\/www.europesays.com\/fr\/594228\/","title":{"rendered":"EdFF &#8211; MONDIAL IHF 2025 &#8211; PR\u00c9SENTATION FRANCE\/ALLEMAGNE"},"content":{"rendered":"<p><strong>Apr\u00e8s leur victoire face au Danemark en quarts, les Bleues affronteront ce vendredi \u00e0 17h45 \u00e0 l\u2019Ahoy Arena de Rotterdam, l\u2019Allemagne en demi-finale. Une victoire leur permettrait d\u2019acc\u00e9der \u00e0 la finale de ce Mondial IHF 2025 face aux Pays-Bas ou \u00e0 la Norv\u00e8ge adversaires dans l\u2019autre demi-finale. France-Allemagne \u00e0 suivre en direct sur beIN SPORTS et sur TFX.<\/strong><\/p>\n<p>C\u2019est une \u00e9quipe tr\u00e8s puissante physiquement, avec une base arri\u00e8re particuli\u00e8rement performante. Leur jeu alterne entre tirs longue distance et tirs en appui. Elles s\u2019appuient notamment sur une joueuse tr\u00e8s imposante, Leichter, qui tente beaucoup de tirs de loin et qui est plut\u00f4t efficace. Il y a aussi Engel et Vogel. Sans oublier leurs deux bonnes gardiennes.<\/p>\n<p>On peut s\u2019attendre \u00e0 un match intense et tr\u00e8s physique. Les Allemandes cherchent toujours \u00e0 imposer leur rythme, et cette g\u00e9n\u00e9ration a d\u00e9sormais de l\u2019exp\u00e9rience, leur \u00e9quipe est arriv\u00e9e \u00e0 maturit\u00e9. Leurs aili\u00e8res sont \u00e9galement de bonnes finisseuses.<\/p>\n<p>Ce qui est particulier, c\u2019est le jeu qu\u2019elles d\u00e9veloppent lors de ce mondial, bas\u00e9 sur quatre arri\u00e8res. C\u2019est un dispositif assez inhabituel, avec quatre joueuses puissantes capables de poser de gros probl\u00e8mes. Comme nous n\u2019avons pas l\u2019habitude d\u2019affronter ce type de syst\u00e8me, elles vont chercher \u00e0 mettre notre d\u00e9fense \u00e0 rude \u00e9preuve.<\/p>\n<p>D\u00e9fensivement aussi, elles sont tr\u00e8s solides et rugueuses. En r\u00e9sum\u00e9, ce sera un match d\u2019une grande intensit\u00e9 physique. Il faudra r\u00e9ussir \u00e0 d\u00e9velopper notre jeu, r\u00e9cup\u00e9rer des ballons en d\u00e9fense et imposer notre propre rythme pour faire la diff\u00e9rence.<\/p>\n<ul class=\"wp-block-list\">\n<li>La paire d\u2019arbitres pour ce match sera d\u00e9sign\u00e9e vendredi matin.<\/li>\n<li>Deux joueuses \u00e9voluent actuellement dans le championnat fran\u00e7ais :\u00a0<strong>Xenia Smits<\/strong>, pass\u00e9e par Metz entre<strong>\u00a0<\/strong>2015 et 2020\u00a0et de retour depuis\u00a02025, ainsi qu\u2019<strong>Annika Lott<\/strong>, l\u2019arri\u00e8re gauche de l\u2019Allemagne, qui joue aux c\u00f4t\u00e9s des Brestoises depuis\u00a02024. La plupart des autres internationales allemandes \u00e9voluent quant \u00e0 elles dans le\u00a0championnat allemand, notamment au\u00a0BVB Dortmund, \u00e0\u00a0Blomberg-Lippe, ou encore \u00e0\u00a0Oldenburg. <\/li>\n<li>L\u2019Allemagne a remport\u00e9\u00a0<strong>4 fois<\/strong>\u00a0le Championnat du monde f\u00e9minin de handball : 3 titres pour l\u2019Allemagne de l\u2019Est (RDA)\u00a0en 1971,\u00a01975,\u00a01978 et 1 titre pour l\u2019Allemagne r\u00e9unifi\u00e9e\u00a0:\u00a01993<\/li>\n<li>Depuis 1991, la France et l\u2019Allemagne se sont affront\u00e9es \u00e0 46 reprises.\u00a0Leurs derni\u00e8res rencontres remontent\u00a0\u00e0 avril 2025 \u00e0 Tr\u00eaves et \u00e0 Besan\u00e7on dans le cadre de deux matchs amicaux. \u00c0 cette occasion, Suzanne Wajoka, Nina Dury et Lilou Pintat\u00a0avaient fait leurs premiers pas\u00a0en \u00e9quipe de France.<\/li>\n<li>Le match se d\u00e9roulera dans la salle de l\u2019Ahoy Arena (9500 places), \u00e0 Rotterdam (Pays-Bas).<\/li>\n<li><strong>Cette rencontre est \u00e0 suivre ce vendredi \u00e0 17h45 en direct sur beIN SPORT et sur TFX<\/strong>.<\/li>\n<\/ul>\n<p><img loading=\"lazy\" decoding=\"async\" width=\"1024\" height=\"672\" src=\"https:\/\/www.europesays.com\/fr\/wp-content\/uploads\/2025\/12\/Capture-decran-2025-12-11-a-17.35.07-1024x672.png\" alt=\"\" class=\"wp-image-61355\"  \/><\/p>\n<p>05.12.2015\u00a0\u00a0\u00a0\u00a0\u00a0\u00a0\u00a0Kolding\u00a0\u00a0\u00a0\u00a0\u00a0\u00a0\u00a0\u00a0\u00a0\u00a0\u00a0\u00a0\u00a0\u00a0\u00a0\u00a0\u00a0\u00a0\u00a0\u00a0\u00a0\u00a0\u00a0\u00a0MONDIAL\u00a0\u00a0\u00a0\u00a0\u00a0\u00a0\u00a0\u00a0\u00a0\u00a0\u00a0\u00a0\u00a0\u00a0\u00a0\u00a0\u00a0\u00a0\u00a0\u00a0\u00a0\u00a0\u00a0\u00a0\u00a0\u00a0\u00a0\u00a0\u00a0\u00a0\u00a0\u00a0\u00a0\u00a0\u00a0\u00a0\u00a0\u00a0\u00a0\u00a0\u00a0\u00a0\u00a0\u00a030-20<\/p>\n<p>09.03.2016\u00a0\u00a0\u00a0\u00a0\u00a0\u00a0Bietigheim-Bissingen\u00a0\u00a0\u00a0\u00a0QUALIFICATION EURO\u00a0\u00a0\u00a0\u00a0\u00a0\u00a0\u00a0\u00a0\u00a0\u00a0\u00a0\u00a0\u00a0\u00a0\u00a0\u00a0\u00a0\u00a0\u00a0\u00a0\u00a0\u00a0\u00a024-21<\/p>\n<p>12.03.2016\u00a0\u00a0\u00a0\u00a0\u00a0\u00a0\u00a0Nimes\u00a0\u00a0\u00a0\u00a0\u00a0\u00a0\u00a0\u00a0\u00a0\u00a0\u00a0\u00a0\u00a0\u00a0\u00a0\u00a0\u00a0\u00a0\u00a0\u00a0\u00a0\u00a0\u00a0\u00a0\u00a0\u00a0QUALIFICATION EURO\u00a0\u00a0\u00a0\u00a0\u00a0\u00a0\u00a0\u00a0\u00a0\u00a0\u00a0\u00a0\u00a0\u00a0\u00a0\u00a0\u00a0\u00a0\u00a0\u00a0\u00a0\u00a0\u00a025-19<\/p>\n<p>04.12.2019\u00a0\u00a0\u00a0\u00a0\u00a0\u00a0\u00a0Yamaga\u00a0\u00a0\u00a0\u00a0\u00a0\u00a0\u00a0\u00a0\u00a0\u00a0\u00a0\u00a0\u00a0\u00a0\u00a0\u00a0\u00a0\u00a0\u00a0\u00a0\u00a0\u00a0\u00a0MONDIAL\u00a0\u00a0\u00a0\u00a0\u00a0\u00a0\u00a0\u00a0\u00a0\u00a0\u00a0\u00a0\u00a0\u00a0\u00a0\u00a0\u00a0\u00a0\u00a0\u00a0\u00a0\u00a0\u00a0\u00a0\u00a0\u00a0\u00a0\u00a0\u00a0\u00a0\u00a0\u00a0\u00a0\u00a0\u00a0\u00a0\u00a0\u00a0\u00a0\u00a0\u00a0\u00a0\u00a0\u00a027-25 (14-12)<\/p>\n<p>30.09.2022\u00a0\u00a0\u00a0\u00a0\u00a0\u00a0Metz\u00a0\u00a0\u00a0\u00a0\u00a0\u00a0\u00a0\u00a0\u00a0\u00a0\u00a0\u00a0\u00a0\u00a0\u00a0\u00a0\u00a0\u00a0\u00a0\u00a0\u00a0\u00a0\u00a0\u00a0\u00a0\u00a0\u00a0\u00a0AMICAUX\u00a0\u00a0\u00a0\u00a0\u00a0\u00a0\u00a0\u00a0\u00a0\u00a0\u00a0\u00a0\u00a0\u00a0\u00a0\u00a0\u00a0\u00a0\u00a0\u00a0\u00a0\u00a0\u00a0\u00a0\u00a0\u00a0\u00a0\u00a0\u00a0\u00a0\u00a0\u00a0\u00a0\u00a0\u00a0\u00a0\u00a0\u00a0\u00a0\u00a0\u00a0\u00a0\u00a0\u00a034-31 (16-15)<\/p>\n<p>02.10.2022\u00a0\u00a0\u00a0\u00a0\u00a0\u00a0\u00a0Nancy\u00a0\u00a0\u00a0\u00a0\u00a0\u00a0\u00a0\u00a0\u00a0\u00a0\u00a0\u00a0\u00a0\u00a0\u00a0\u00a0\u00a0\u00a0\u00a0\u00a0\u00a0\u00a0\u00a0\u00a0\u00a0\u00a0AMICAUX\u00a0\u00a0\u00a0\u00a0\u00a0\u00a0\u00a0\u00a0\u00a0\u00a0\u00a0\u00a0\u00a0\u00a0\u00a0\u00a0\u00a0\u00a0\u00a0\u00a0\u00a0\u00a0\u00a0\u00a0\u00a0\u00a0\u00a0\u00a0\u00a0\u00a0\u00a0\u00a0\u00a0\u00a0\u00a0\u00a0\u00a0\u00a0\u00a0\u00a0\u00a0\u00a0\u00a0\u00a030-29 (18-13)<\/p>\n<p>15.11.2022\u00a0\u00a0\u00a0\u00a0\u00a0\u00a0\u00a0 Skopje\u00a0\u00a0\u00a0\u00a0\u00a0\u00a0\u00a0\u00a0\u00a0\u00a0\u00a0\u00a0\u00a0\u00a0\u00a0\u00a0\u00a0\u00a0\u00a0\u00a0\u00a0\u00a0\u00a0\u00a0\u00a0EHF EURO 2022\u00a0\u00a0\u00a0\u00a0\u00a0\u00a0\u00a0\u00a0\u00a0\u00a0\u00a0\u00a0\u00a0\u00a0\u00a0\u00a0\u00a0\u00a0\u00a0\u00a0\u00a0\u00a0\u00a0\u00a0\u00a0\u00a0\u00a0\u00a0\u00a0\u00a0\u00a0\u00a0\u00a029-21 (13-9)<\/p>\n<p>06.08.2024\u00a0\u00a0\u00a0\u00a0\u00a0\u00a0Lille\u00a0\u00a0\u00a0\u00a0\u00a0\u00a0\u00a0\u00a0\u00a0\u00a0\u00a0\u00a0\u00a0\u00a0\u00a0\u00a0\u00a0\u00a0\u00a0\u00a0\u00a0\u00a0\u00a0\u00a0\u00a0\u00a0\u00a0\u00a0\u00a0JEUX OLYMPIQUES\u00a0\u00a0\u00a0\u00a0\u00a0\u00a0\u00a0\u00a0\u00a0\u00a0\u00a0\u00a0\u00a0\u00a0\u00a0\u00a0\u00a0\u00a0\u00a0\u00a0\u00a0\u00a0\u00a0\u00a0\u00a0\u00a0\u00a026-23 (13-10)<\/p>\n<p>06.03.2025\u00a0\u00a0\u00a0\u00a0\u00a0\u00a0Tr\u00eaves\u00a0\u00a0\u00a0\u00a0\u00a0\u00a0\u00a0\u00a0\u00a0\u00a0\u00a0\u00a0\u00a0\u00a0\u00a0\u00a0\u00a0\u00a0\u00a0\u00a0\u00a0\u00a0\u00a0\u00a0\u00a0AMICAL\u00a0\u00a0\u00a0\u00a0\u00a0\u00a0\u00a0\u00a0\u00a0\u00a0\u00a0\u00a0\u00a0\u00a0\u00a0\u00a0\u00a0\u00a0\u00a0\u00a0\u00a0\u00a0\u00a0\u00a0\u00a0\u00a0\u00a0\u00a0\u00a0\u00a0\u00a0\u00a0\u00a0\u00a0\u00a0\u00a0\u00a0\u00a0\u00a0\u00a0\u00a0\u00a0\u00a0\u00a0\u00a0\u00a0\u00a028-25 (18-10)<\/p>\n<p>08.03.2025\u00a0\u00a0\u00a0\u00a0\u00a0\u00a0Besan\u00e7on\u00a0\u00a0\u00a0\u00a0\u00a0\u00a0\u00a0\u00a0\u00a0\u00a0\u00a0\u00a0\u00a0\u00a0\u00a0\u00a0\u00a0\u00a0\u00a0\u00a0\u00a0AMICAL\u00a0\u00a0\u00a0\u00a0\u00a0\u00a0\u00a0\u00a0\u00a0\u00a0\u00a0\u00a0\u00a0\u00a0\u00a0\u00a0\u00a0\u00a0\u00a0\u00a0\u00a0\u00a0\u00a0\u00a0\u00a0\u00a0\u00a0\u00a0\u00a0\u00a0\u00a0\u00a0\u00a0\u00a0\u00a0\u00a0\u00a0\u00a0\u00a0\u00a0\u00a0\u00a0\u00a0\u00a0\u00a0\u00a0\u00a030-29 (13-14)<\/p>\n<p><strong>Bilan de la totalit\u00e9 des rencontres : 46 rencontres \u2013 dont <strong>25 victoires, 18 d\u00e9faites, 3 nuls<\/strong><\/strong><\/p>\n<p><img loading=\"lazy\" decoding=\"async\" width=\"1024\" height=\"684\" src=\"https:\/\/www.europesays.com\/fr\/wp-content\/uploads\/2025\/12\/match_-_danemark_-_france_-_main_round_-_10_12_25_-_edf_f_-_ffhandball_-_brool_video-473-1024x684.jp.jpeg\" alt=\"\" class=\"wp-image-61357\"  \/>L\u00e9na Grandveau (FFHandball\/Brool Video)<\/p>\n<p>LE GROUPE<\/p>\n<p><strong>Gardiennes :<\/strong>\u00a0Floriane ANDR\u00c9 (Brest Bretagne Handball) \u2013 Camille DEPUISET (Brest Bretagne Handball) \u2013 Hatadou SAKO (Gyor Audi ETO KC)<\/p>\n<p><strong>Aili\u00e8res gauches :\u00a0<\/strong>\u00a0Nina DURY (JDA Bourgogne Dijon Handball) \u2013 Suzanne WAJOKA (Metz Handball)<\/p>\n<p><strong>Arri\u00e8res gauches :\u00a0<\/strong>Orlane KANOR (FTC Rail Cargo) \u2013 Clarisse MAIROT (Brest Bretagne Handball) \u2013\u00a0M\u00e9line NOCANDY (Brest Bretagne Handball)<\/p>\n<p><strong>Demi-centres :\u00a0<\/strong>L\u00e9na GRANDVEAU (Metz Handball) \u2013 Tamara HORACEK (RK Krim, cap)<\/p>\n<p><strong>Pivots :\u00a0<\/strong>Sarah BOUKTIT (Metz Handball) \u2013 Pauletta FOPPA (Brest Bretagne Handball) \u2013 Oriane ONDONO (Brest Bretagne Handball)<\/p>\n<p><strong>Arri\u00e8res droites :\u00a0<\/strong>Emma JACQUES (Esztergom Handball) \u2013 Fatou KARAMOKO (Stella Saint Maur) \u2013 Marie-H\u00e9l\u00e8ne SAJKA (OGC Nice C\u00f4te d\u2019Azur Handball)<\/p>\n<p><strong>D\u00e9fenseure<\/strong>\u00a0: Lilou Pintat (JDA Dijon)\u00a0<\/p>\n<p><strong>Aili\u00e8res droites :<\/strong>\u00a0Lucie GRANIER (Metz Handball) \u2013 Alicia TOUBLANC (Debrecen)\u00a0\u00a0<\/p>\n<p> LE STAFF<\/p>\n<p><strong>S\u00e9lectionneur :<\/strong>\u00a0S\u00e9bastien GARDILLOU \/\u00a0<strong>Adjoints :<\/strong>\u00a0David\u00a0BURGUIN, Amandine LEYNAUD\u00a0\/\u00a0<strong>Entra\u00eeneur :<\/strong>\u00a0Franck PROUFF \/\u00a0<strong>Pr\u00e9paration physique\u00a0:\u00a0<\/strong>Cl\u00e9ment LAMBERT \/\u00a0<strong>M\u00e9decin\u00a0:\u00a0<\/strong>Cindy CONORT \/<strong>\u00a0Kin\u00e9sith\u00e9rapeutes\u00a0:\u00a0<\/strong>Cesare COCUZZA, Julien KAMM, St\u00e9phane ROBIN\u00a0\/\u00a0<strong>Analyste\u00a0vid\u00e9o\u00a0:\u00a0<\/strong>Lucile BRUXELLES \/\u00a0<strong>Psychologue\u00a0:\u00a0<\/strong>Pascal NIGGEL \/\u00a0<strong>Responsable administrative et logistique des \u00e9quipes de France :\u00a0<\/strong>Aur\u00e9lie HARROUET \/\u00a0<strong>Responsable communication et m\u00e9dias :<\/strong>\u00a0Coline BILLOT \/\u00a0<strong>Intendant :\u00a0<\/strong>Guillaume SIMON \/\u00a0<strong>DTN\u00a0:\u00a0<\/strong>Pascal BOURGEAIS \/\u00a0<strong>Chef de d\u00e9l\u00e9gation\u00a0:\u00a0<\/strong>R\u00e9my L\u00c9VY<\/p>\n<p>R\u00c9SULTATS ET pROGRAMME DES BLEUES \u2013 MONDIAL IHF 2025<\/p>\n<p><strong>Mercredi 26 novembre au dimanche 14 d\u00e9cembre 2025 \u2013\u00a0<\/strong>Mondial IHF 2025<\/p>\n<p><strong>Tour pr\u00e9liminaire du 26 novembre au 2 d\u00e9cembre : \u00e0 suivre en int\u00e9gralit\u00e9 sur beIN SPORTS<br \/>* Vendredi 28 novembre \u00e0 21h00\u00a0\u2013 S-Hertogenbosch :\u00a0France<\/strong> \u2013 Tunisie\u00a0: <strong>43-18 (21-12)<\/strong><br \/><strong>* Dimanche 30 novembre \u00e0 18h00\u00a0\u2013 S-Hertogenbosch\u00a0<\/strong>: Chine \u2013\u00a0<strong>France<\/strong> : <strong>21-47 (12-26)<\/strong><br \/>*<strong>\u00a0Mardi 2 d\u00e9cembre<\/strong>\u00a0<strong>\u00e0 21h00\u00a0\u2013 S-Hertogenbosch\u00a0<\/strong>:\u00a0<strong>France<\/strong> \u2013\u00a0Pologne\u00a0<strong>42-28<\/strong>\u00a0<strong>(18-17)<\/strong><\/p>\n<p><strong>Tour principal du 4 au 8 d\u00e9cembre \u00e0 Rotterdam<\/strong>\u00a0<strong>\/ Groupe III\u00a0<\/strong><\/p>\n<p><strong>* Jeudi 4 d\u00e9cembre \u00e0 18h00 :\u00a0France<\/strong>\u00a0\u2013 Autriche :\u00a0<strong>29-17<\/strong>\u00a0<strong>(14-12)<\/strong><br \/><strong>* Samedi 6 d\u00e9cembre \u00e0 18h00\u00a0<\/strong>: Argentine \u2013\u00a0<strong>France<\/strong>\u00a0<strong>: 17-29 (8-14)<\/strong><br \/>*<strong>\u00a0Lundi 8 d\u00e9cembre<\/strong>\u00a0<strong>\u00e0 20h30\u00a0<\/strong>:\u00a0France \u2013\u00a0Pays-Bas\u00a0<strong>: 23-26 (13-14)\u00a0<\/strong><\/p>\n<p><strong>Tableau final du 9 au 14 d\u00e9cembre<\/strong><br \/><strong>\u2013 Mardi 9 d\u00e9cembre \u00e0 17h15 \u2013 Dortmund\u00a0:<\/strong>\u00a0Allemagne \u2013 Br\u00e9sil : 30 \u2013 23<br \/><strong>\u2013 Mardi 9 d\u00e9cembre \u00e0 20h30 \u2013 Dortmund<\/strong>\u00a0:\u00a0Norv\u00e8ge \u2013 Mont\u00e9n\u00e9gro : 32-23<br \/><strong>\u2013 Mercredi 10 d\u00e9cembre \u00e0 18h \u2013 Rotterdam\u00a0<\/strong>:\u00a0Pays-Bas-Hongrie<br \/><strong>*\u00a0Mercredi 10 d\u00e9cembre \u00e0 21h\u00a0\u2013 Rotterdam\u00a0:\u00a0<\/strong>Danemark<strong>\u00a0\u2013 France 26-31 (12-17)<\/strong><\/p>\n<p><strong>Demi-finales :\u00a012 d\u00e9cembre \u00e0 Rotterdam<\/strong> <br \/><strong>\u2013 Vendredi 12 d\u00e9cembre\u00a0\u00e0 17h45 :<\/strong>\u00a0France\u00a0\u2013 Allemagne\u00a0\u00a0<strong>(en direct sur beIN SPORTS et sur TFX)<\/strong><br \/><strong>\u2013 Vendredi 12 d\u00e9cembre \u00e0 20h45<\/strong>\u00a0:\u00a0Pays-Bas\u00a0\u2013 Norv\u00e8ge\u00a0<\/p>\n<p><strong>\u2013 Places 3-4 et finale :\u00a014 d\u00e9cembre \u00e0 Rotterdam \u2013\u00a0en direct sur beIN SPORTS\u00a0<\/strong><br \/><strong>(*Si la France dispute\u00a0la finale, la\u00a0rencontre\u00a0sera \u00e9galement \u00e0 suivre sur une\u00a0chaine\u00a0du Groupe TF1)<\/strong><\/p>\n","protected":false},"excerpt":{"rendered":"Apr\u00e8s leur victoire face au Danemark en quarts, les Bleues affronteront ce vendredi \u00e0 17h45 \u00e0 l\u2019Ahoy Arena&hellip;\n","protected":false},"author":2,"featured_media":594229,"comment_status":"","ping_status":"","sticky":false,"template":"","format":"standard","meta":{"footnotes":""},"categories":[1587],"tags":[11,5405,672,1804,1805,1803,64,1777,674,1801,12,1802],"class_list":{"0":"post-594228","1":"post","2":"type-post","3":"status-publish","4":"format-standard","5":"has-post-thumbnail","7":"category-allemagne","8":"tag-actualites","9":"tag-actualites-edff","10":"tag-allemagne","11":"tag-bundesrepublik-deutschland","12":"tag-de","13":"tag-deutschland","14":"tag-equipe-de-france","15":"tag-eu","16":"tag-europe","17":"tag-germany","18":"tag-news","19":"tag-republique-federale-dallemagne"},"share_on_mastodon":{"url":"https:\/\/pubeurope.com\/@fr\/115704740679619581","error":""},"_links":{"self":[{"href":"https:\/\/www.europesays.com\/fr\/wp-json\/wp\/v2\/posts\/594228","targetHints":{"allow":["GET"]}}],"collection":[{"href":"https:\/\/www.europesays.com\/fr\/wp-json\/wp\/v2\/posts"}],"about":[{"href":"https:\/\/www.europesays.com\/fr\/wp-json\/wp\/v2\/types\/post"}],"author":[{"embeddable":true,"href":"https:\/\/www.europesays.com\/fr\/wp-json\/wp\/v2\/users\/2"}],"replies":[{"embeddable":true,"href":"https:\/\/www.europesays.com\/fr\/wp-json\/wp\/v2\/comments?post=594228"}],"version-history":[{"count":0,"href":"https:\/\/www.europesays.com\/fr\/wp-json\/wp\/v2\/posts\/594228\/revisions"}],"wp:featuredmedia":[{"embeddable":true,"href":"https:\/\/www.europesays.com\/fr\/wp-json\/wp\/v2\/media\/594229"}],"wp:attachment":[{"href":"https:\/\/www.europesays.com\/fr\/wp-json\/wp\/v2\/media?parent=594228"}],"wp:term":[{"taxonomy":"category","embeddable":true,"href":"https:\/\/www.europesays.com\/fr\/wp-json\/wp\/v2\/categories?post=594228"},{"taxonomy":"post_tag","embeddable":true,"href":"https:\/\/www.europesays.com\/fr\/wp-json\/wp\/v2\/tags?post=594228"}],"curies":[{"name":"wp","href":"https:\/\/api.w.org\/{rel}","templated":true}]}}