{"id":594230,"date":"2025-12-12T04:36:21","date_gmt":"2025-12-12T04:36:21","guid":{"rendered":"https:\/\/www.europesays.com\/fr\/594230\/"},"modified":"2025-12-12T04:36:21","modified_gmt":"2025-12-12T04:36:21","slug":"jimmy-gressier-participera-aux-championnats-deurope-de-cross","status":"publish","type":"post","link":"https:\/\/www.europesays.com\/fr\/594230\/","title":{"rendered":"Jimmy Gressier participera aux championnats d\u2019Europe de cross"},"content":{"rendered":"<p>Sacr\u00e9 champion du monde du 10 000 m en septembre \u00e0 Tokyo, Jimmy Gressier a confirm\u00e9 lundi qu\u2019il participerait bien aux championnats d\u2019Europe de cross dimanche \u00e0 Lagoa (Portugal), o\u00f9 il esp\u00e8re d\u00e9crocher deux m\u00e9dailles d\u2019or en individuel et par \u00e9quipe.<\/p>\n<p>\u00ab\u00a0Ma d\u00e9cision est prise\u00a0: direction les championnats d\u2019Europe de cross \u00e0 Lagoa le week-end prochain pour aider l\u2019\u00e9quipe de France \u00e0 r\u00e9cup\u00e9rer son titre de championne d\u2019Europe de cross, et de tenter la m\u00eame chose en individuel\u00a0\u00bb, a \u00e9crit Gressier sur Instagram.<\/p>\n<p>S\u00e9lectionn\u00e9 sous r\u00e9serve pour le rendez-vous portugais, Gressier a pris la d\u00e9cision de participer apr\u00e8s son succ\u00e8s dimanche lors de la course de l\u2019Escalade \u00e0 Gen\u00e8ve, o\u00f9 il s\u2019est impos\u00e9 facilement pour son retour \u00e0 la comp\u00e9tition. Sacr\u00e9 champion du monde du 10 000 m en septembre \u00e0 Tokyo avant d\u2019arracher le bronze mondial sur 5 000 m, Gressier retrouvera le maillot bleu-blanc-rouge pour la premi\u00e8re fois depuis le Japon.<\/p>\n<p>Le Boulonnais fait son retour aux Europe de cross, comp\u00e9tition dans laquelle il a remport\u00e9 ses premiers succ\u00e8s internationaux en cat\u00e9gories jeunes, en s\u2019imposant chez les espoirs en 2017, 2018 et 2019.<\/p>\n<p>\u00ab\u00a0H\u00e2te de renouer avec mon premier amour, les Europe de cross\u00a0\u00bb, a ajout\u00e9 Gressier, qui ne s\u2019est plus align\u00e9 dans cette comp\u00e9tition depuis 2021 et sa 3\u00e8me place chez les seniors. Les Fran\u00e7ais, avec \u00e9galement Fabien Palcau, Simon B\u00e9dard, Luc Le Baron, Valentin Bresc et Hugo Hay, font figure de favoris pour le titre par \u00e9quipe.<\/p>\n<p>Yann Schrub, champion d\u2019Europe en 2023 et vainqueur du cross de s\u00e9lection en novembre, a d\u00e9cid\u00e9 de zapper le rendez-vous pour pr\u00e9parer les Mondiaux de cross en janvier en Floride, comp\u00e9tition \u00e0 laquelle Gressier devrait \u00e9galement participer. Le champion d\u2019Europe de cross en titre, Jakob Ingebrigtsen, a de son c\u00f4t\u00e9 d\u00e9clar\u00e9 forfait pour se concentrer pleinement sur la saison 2026.<\/p>\n","protected":false},"excerpt":{"rendered":"Sacr\u00e9 champion du monde du 10 000 m en septembre \u00e0 Tokyo, Jimmy Gressier a confirm\u00e9 lundi qu\u2019il&hellip;\n","protected":false},"author":2,"featured_media":594231,"comment_status":"","ping_status":"","sticky":false,"template":"","format":"standard","meta":{"footnotes":""},"categories":[1586],"tags":[11,4132,29089,29095,29098,7712,29100,10049,29094,29092,1777,674,29096,1011,27,8471,29090,8309,7178,29097,29086,12,29101,29102,29091,25,29093,8567,29088,29099,29087],"class_list":{"0":"post-594230","1":"post","2":"type-post","3":"status-publish","4":"format-standard","5":"has-post-thumbnail","7":"category-europe","8":"tag-actualites","9":"tag-athletisme","10":"tag-calendrier-des-marathons","11":"tag-competition-running","12":"tag-coureurs","13":"tag-course-a-pied","14":"tag-course-nature","15":"tag-course-sur-route","16":"tag-dossards","17":"tag-entrainement-course-a-pied","18":"tag-eu","19":"tag-europe","20":"tag-evenements-sportifs","21":"tag-fr","22":"tag-france","23":"tag-handisport","24":"tag-inscription-marathon","25":"tag-jogging","26":"tag-marathon","27":"tag-marathon-relais","28":"tag-marathons","29":"tag-news","30":"tag-performance-sportive","31":"tag-plan-d","32":"tag-preparation-marathon","33":"tag-republique-francaise","34":"tag-resultats-courses","35":"tag-semi-marathon","36":"tag-trail-running","37":"tag-ultra-trail","38":"tag-ultra-marathon"},"share_on_mastodon":{"url":"","error":"Validation failed: Text character limit of 500 exceeded"},"_links":{"self":[{"href":"https:\/\/www.europesays.com\/fr\/wp-json\/wp\/v2\/posts\/594230","targetHints":{"allow":["GET"]}}],"collection":[{"href":"https:\/\/www.europesays.com\/fr\/wp-json\/wp\/v2\/posts"}],"about":[{"href":"https:\/\/www.europesays.com\/fr\/wp-json\/wp\/v2\/types\/post"}],"author":[{"embeddable":true,"href":"https:\/\/www.europesays.com\/fr\/wp-json\/wp\/v2\/users\/2"}],"replies":[{"embeddable":true,"href":"https:\/\/www.europesays.com\/fr\/wp-json\/wp\/v2\/comments?post=594230"}],"version-history":[{"count":0,"href":"https:\/\/www.europesays.com\/fr\/wp-json\/wp\/v2\/posts\/594230\/revisions"}],"wp:featuredmedia":[{"embeddable":true,"href":"https:\/\/www.europesays.com\/fr\/wp-json\/wp\/v2\/media\/594231"}],"wp:attachment":[{"href":"https:\/\/www.europesays.com\/fr\/wp-json\/wp\/v2\/media?parent=594230"}],"wp:term":[{"taxonomy":"category","embeddable":true,"href":"https:\/\/www.europesays.com\/fr\/wp-json\/wp\/v2\/categories?post=594230"},{"taxonomy":"post_tag","embeddable":true,"href":"https:\/\/www.europesays.com\/fr\/wp-json\/wp\/v2\/tags?post=594230"}],"curies":[{"name":"wp","href":"https:\/\/api.w.org\/{rel}","templated":true}]}}