{"id":594232,"date":"2025-12-12T04:38:18","date_gmt":"2025-12-12T04:38:18","guid":{"rendered":"https:\/\/www.europesays.com\/fr\/594232\/"},"modified":"2025-12-12T04:38:18","modified_gmt":"2025-12-12T04:38:18","slug":"selon-logan-paul-travis-scott-aurait-eu-peur-de-lengagement-physique","status":"publish","type":"post","link":"https:\/\/www.europesays.com\/fr\/594232\/","title":{"rendered":"Selon Logan Paul, Travis Scott aurait eu Peur de l&rsquo;Engagement Physique"},"content":{"rendered":"<p>Logan Paul, star de YouTube et catcheur professionnel \u00e0 la WWE, a finalement lev\u00e9 le voile sur les raisons de l\u2019annulation d\u2019un match majeur pr\u00e9vu avec <a href=\"https:\/\/hiphopcorner.fr\/travis-scott-parmi-rappeurs-plus-ecoutes-tous-temps-spotify\/\" target=\"_blank\" rel=\"noopener\">le rappeur Travis Scott<\/a>. Lors de son podcast Impaulsive, Paul a r\u00e9v\u00e9l\u00e9 que les deux c\u00e9l\u00e9brit\u00e9s devaient s\u2019affronter dans un match \u00e0 trois contre trois, mais que Travis Scott aurait fait d\u00e9fection au dernier moment, un comportement que Logan Paul attribue \u00e0 une peur de l\u2019exigence physique du catch.<\/p>\n<p>Un Match \u00e0 Trois Contre Trois Avort\u00e9<\/p>\n<p>Logan Paul a expliqu\u00e9 que l\u2019id\u00e9e \u00e9tait de pr\u00e9senter un affrontement d\u2019envergure, impliquant <a href=\"https:\/\/hiphopcorner.fr\/rap-us\/travis-scott-cereales-reeses-puffs\/\" target=\"_blank\" rel=\"noopener\">Travis Scott<\/a>, lui-m\u00eame et un autre catcheur professionnel. Cependant, le jour m\u00eame o\u00f9 l\u2019annonce officielle de ce combat devait \u00eatre faite, le rappeur aurait tout simplement \u00ab disparu \u00bb.<\/p>\n<p>Pour Logan Paul, cette absence est symptomatique d\u2019une prise de conscience tardive de la difficult\u00e9 de la discipline. \u00ab Je pense qu\u2019il a probablement r\u00e9alis\u00e9 \u00e0 un moment donn\u00e9 que c\u2019est tr\u00e8s exigeant physiquement, tr\u00e8s difficile et que \u00e7a demande beaucoup de travail, \u00bb a avanc\u00e9 Paul. Il estime qu\u2019un tel engagement repr\u00e9sentait un fardeau trop lourd pour une star de la stature de Travis Scott. \u00c0 l\u2019inverse, Paul a salu\u00e9 l\u2019engagement d\u2019une autre star du rap, <a href=\"https:\/\/hiphopcorner.fr\/bad-bunny-poursuivi-en-justice-un-homme-age-laccuse-davoir-copie-sa-maison-dans-son-decor-de-tournee\/\" target=\"_blank\" rel=\"noopener\">Bad Bunny<\/a>, qui s\u2019est \u00ab investi \u00e0 fond \u00bb dans le catch et est devenu un bon lutteur.<\/p>\n<p>Le Catch : Plus Dur que ce que l\u2019on Imagine<\/p>\n<p>Logan Paul a insist\u00e9 sur le fait que le catch professionnel est loin d\u2019\u00eatre une simple performance chor\u00e9graphi\u00e9e ; c\u2019est avant tout une question de \u00ab gestion de la douleur \u00bb.<\/p>\n<p>Il a partag\u00e9 son exp\u00e9rience personnelle pour souligner l\u2019erreur d\u2019appr\u00e9ciation commune sur la discipline. Avant d\u2019int\u00e9grer la WWE, Logan Paul lui-m\u00eame pensait que le tapis de ring \u00e9tait \u00ab moelleux et rebondissant \u00bb. Il a racont\u00e9 sa surprise : \u00ab La premi\u00e8re fois que j\u2019ai touch\u00e9 le ring, je me suis dit : \u201cQuand est-ce qu\u2019ils vont sortir le tapis de trampoline ?\u201d Ils m\u2019ont r\u00e9pondu : \u201cNon\u201d \u00bb. Il a \u00e9galement pr\u00e9cis\u00e9 que m\u00eame les chaises utilis\u00e9es sont r\u00e9elles. \u00ab C\u2019est du vrai catch. \u00c7a fait mal, \u00bb a-t-il conclu. C\u2019est en r\u00e9alisant cette dure r\u00e9alit\u00e9 physique, selon Logan Paul, que Travis Scott aurait recul\u00e9 devant l\u2019ampleur de l\u2019engagement.<\/p>\n<p><strong>A LIRE AUSSI : <a href=\"https:\/\/hiphopcorner.fr\/album-travis-scott-sort-aujourdhui-son-astroworld\/\" target=\"_blank\" rel=\"noopener\">[Album] Travis Scott sort aujourd\u2019hui son \u201cAstroworld\u201d !<\/a><\/strong><\/p>\n<p>Un Emploi du Temps Surcharg\u00e9<\/p>\n<p>L\u2019annulation de ce match intervient alors que Travis Scott a connu une ann\u00e9e 2025 extr\u00eamement charg\u00e9e. L\u2019artiste a notamment entam\u00e9 la derni\u00e8re \u00e9tape de son tr\u00e8s lucratif Circus Maximus Tour d\u00e8s avril, se produisant aux \u00c9tats-Unis, en Europe, en Afrique du Sud, en Chine et au Japon.<\/p>\n<p>La tourn\u00e9e a \u00e9t\u00e9 un succ\u00e8s retentissant, rapportant 265,1 millions de dollars gr\u00e2ce \u00e0 la vente de 2,1 millions de billets, et devenant ainsi la tourn\u00e9e solo de rap la plus lucrative de tous les temps, selon Billboard. Bien que l\u2019engagement physique soit l\u2019explication avanc\u00e9e par Logan Paul, il est plausible que l\u2019intensit\u00e9 de cet emploi du temps ait \u00e9galement rendu un entra\u00eenement intensif pour la WWE impossible.<\/p>\n<blockquote class=\"twitter-tweet\" data-width=\"550\" data-dnt=\"true\" wp_automatic_readability=\"8.3783783783784\">\n<p lang=\"en\" dir=\"ltr\">Logan Paul on Travis Scott in WWE <\/p>\n<p>\u201cWe were supposed to team up with 1 other person. It was supposed to be 3 vs 3 and the day it was supposed to be announced he didn\u2019t show up.\u201d<\/p>\n<p>(Impaulsive)<a href=\"https:\/\/t.co\/iBpue707lU\">pic.twitter.com\/iBpue707lU<\/a><\/p>\n<p>\u2014 Vick (@Vick_8122) <a href=\"https:\/\/twitter.com\/Vick_8122\/status\/1998511232249384980?ref_src=twsrc%5Etfw\" target=\"_blank\" rel=\"noopener\">December 9, 2025<\/a><\/p><\/blockquote>\n<p>\t\t\t\t<script async src=\"https:\/\/platform.twitter.com\/widgets.js\" charset=\"utf-8\"><\/script><\/p>\n","protected":false},"excerpt":{"rendered":"Logan Paul, star de YouTube et catcheur professionnel \u00e0 la WWE, a finalement lev\u00e9 le voile sur les&hellip;\n","protected":false},"author":2,"featured_media":594233,"comment_status":"","ping_status":"","sticky":false,"template":"","format":"standard","meta":{"footnotes":""},"categories":[1586],"tags":[11,18274,1777,674,1779,1011,27,49112,12,25,70706,1778,364],"class_list":{"0":"post-594232","1":"post","2":"type-post","3":"status-publish","4":"format-standard","5":"has-post-thumbnail","7":"category-europe","8":"tag-actualites","9":"tag-bad-bunny","10":"tag-eu","11":"tag-europe","12":"tag-european-union","13":"tag-fr","14":"tag-france","15":"tag-logan-paul","16":"tag-news","17":"tag-republique-francaise","18":"tag-travis-scott","19":"tag-ue","20":"tag-union-europeenne"},"share_on_mastodon":{"url":"https:\/\/pubeurope.com\/@fr\/115704752096305956","error":""},"_links":{"self":[{"href":"https:\/\/www.europesays.com\/fr\/wp-json\/wp\/v2\/posts\/594232","targetHints":{"allow":["GET"]}}],"collection":[{"href":"https:\/\/www.europesays.com\/fr\/wp-json\/wp\/v2\/posts"}],"about":[{"href":"https:\/\/www.europesays.com\/fr\/wp-json\/wp\/v2\/types\/post"}],"author":[{"embeddable":true,"href":"https:\/\/www.europesays.com\/fr\/wp-json\/wp\/v2\/users\/2"}],"replies":[{"embeddable":true,"href":"https:\/\/www.europesays.com\/fr\/wp-json\/wp\/v2\/comments?post=594232"}],"version-history":[{"count":0,"href":"https:\/\/www.europesays.com\/fr\/wp-json\/wp\/v2\/posts\/594232\/revisions"}],"wp:featuredmedia":[{"embeddable":true,"href":"https:\/\/www.europesays.com\/fr\/wp-json\/wp\/v2\/media\/594233"}],"wp:attachment":[{"href":"https:\/\/www.europesays.com\/fr\/wp-json\/wp\/v2\/media?parent=594232"}],"wp:term":[{"taxonomy":"category","embeddable":true,"href":"https:\/\/www.europesays.com\/fr\/wp-json\/wp\/v2\/categories?post=594232"},{"taxonomy":"post_tag","embeddable":true,"href":"https:\/\/www.europesays.com\/fr\/wp-json\/wp\/v2\/tags?post=594232"}],"curies":[{"name":"wp","href":"https:\/\/api.w.org\/{rel}","templated":true}]}}