{"id":594248,"date":"2025-12-12T04:53:26","date_gmt":"2025-12-12T04:53:26","guid":{"rendered":"https:\/\/www.europesays.com\/fr\/594248\/"},"modified":"2025-12-12T04:53:26","modified_gmt":"2025-12-12T04:53:26","slug":"camille-santoro-recasee-son-ex-papa-solo-annonce-rencontrer-des-difficultes-avec-leur-fille-de-12-ans","status":"publish","type":"post","link":"https:\/\/www.europesays.com\/fr\/594248\/","title":{"rendered":"Camille Santoro recas\u00e9e : son ex, papa solo, annonce rencontrer des difficult\u00e9s avec leur fille de 12 ans"},"content":{"rendered":"<p>Nicolas Santoro doit apprendre et vivre en dig\u00e9rant plusieurs nouvelles. Depuis deux ans, il est un p\u00e8re c\u00e9libataire. En effet, l\u2019ancien candidat de l\u2019\u00e9mission de TF1, <strong>Familles nombreuses, la vie en XXL<\/strong>, se <a href=\"https:\/\/www.public.fr\/camille-santoro-en-couple-avec-un-autre-homme-depuis-7-mois-elle-prend-la-parole-et-retablit-la-verite\" target=\"_blank\" rel=\"noopener\">s\u00e9parait de sa compagne<\/a> Camille Santoro, avec qui il a eu six enfants Alessio, Nino, Emie, Mattia, Ma\u00e9 et Alba.<\/p>\n<p>La jeune maman annon\u00e7ant la triste nouvelle le dimanche 5 novembre 2023. Ce jour-l\u00e0, la m\u00e8re de famille annon\u00e7ait en effet son divorce. Deux ans apr\u00e8s cette \u00e9tape compliqu\u00e9e, <strong>celle-ci a retrouv\u00e9 l\u2019amour<\/strong> comme elle l\u2019annon\u00e7ait elle-m\u00eame sur ses r\u00e9seaux sociaux il y a quelques semaines.<\/p>\n<p>Camille Santoro en couple et heureuse avec une femme<\/p>\n<p>En novembre dernier, en r\u00e9pondant aux questions des internautes, Camille Santoro prenait la parole pour faire une r\u00e9v\u00e9lation de taille. Au cours de son live, les internautes pouvaient entendre une voix f\u00e9minine en fond qui interagissait. Intrigu\u00e9s, les internautes ont alors tent\u00e9 de creuser.\u00a0\u00ab\u00a0Il y a quand m\u00eame des gens tr\u00e8s forts\u00a0\u00bb, reconnaissait la m\u00e8re de famille nombreuse avant de tourner son t\u00e9l\u00e9phone vers la jeune femme. \u00ab\u00a0Elle est tr\u00e8s belle\u00a0\u00bb, \u00ab\u00a0Vous \u00eates belles\u00a0\u00bb, \u00ab\u00a0Soyez heureuses\u00a0\u00bb, commentaient alors les abonn\u00e9s de la jeune maman.<\/p>\n<p>C\u2019est finalement le 2 d\u00e9cembre dernier que l\u2019ancienne candidate de <strong>Familles nombreuses, la vie en XXL<\/strong>, a pris la d\u00e9cision <a href=\"https:\/\/www.public.fr\/camille-santoro-voici-le-visage-de-sa-cherie\" target=\"_blank\" rel=\"noopener\">d&rsquo;officialiser son couple et d\u00e9voiler le visage<\/a> de la nouvelle \u00e9lue de son c\u0153ur. En effet, c\u2019est bel et bien avec une femme qu\u2019elle coule aujourd\u2019hui des jours heureux. \u00c0 l\u2019occasion de son anniversaire, elle a partag\u00e9 des photos prises ces derniers mois. On peut ainsi les voir souriantes sur toutes les photos, ou encore tr\u00e8s proches regardant un coucher de soleil.<\/p>\n<p>Son ex-mari, Nicolas, en difficult\u00e9 avec sa fille <\/p>\n<p>En ce qui concerne son d\u00e9sormais ex-mari, la situation s\u2019av\u00e8re diff\u00e9rente. \u00c0 l\u2019heure actuelle, personne ne sait si le p\u00e8re de famille se trouve en couple ou toujours c\u00e9libataire. Le principal int\u00e9ress\u00e9 n\u2019ayant pas encore pris la parole \u00e0 ce sujet pour donner d\u2019\u00e9ventuelles informations.<\/p>\n<p>N\u00e9anmoins, l\u2019ex-compagnon de Camille Santoro vient de faire <a href=\"https:\/\/www.instagram.com\/p\/DSH3GVqDEbL\/?igsh=MTIybmx4NGNnNDAyYw%3D%3D\" target=\"_blank\" rel=\"noopener\">une publication sur ses r\u00e9seaux sociaux<\/a> \u00e0 l\u2019occasion de l\u2019anniversaire de sa fille Emie. Cette derni\u00e8re venant de c\u00e9l\u00e9brer ses 12 ans. Son papa a donc profit\u00e9 de ce jour pour lui souhaiter un joyeux anniversaire, mais aussi faire part de <strong>sa situation qui semble compliqu\u00e9e<\/strong> en termes de relation avec son enfant.\u00a0<\/p>\n<p><strong>\u00ab\u00a0Pas toujours \u00e9vidente, la relation d&rsquo;un papa solo avec sa fille de 12 ans. On me dit que c&rsquo;est normal, que c&rsquo;est l&rsquo;\u00e2ge qui veut \u00e7a\u00a0\u00bb<\/strong>, a-t-il avou\u00e9 dans un premier temps, avant de tendrement d\u00e9clarer : \u00ab\u00a0Comme il est difficile de vous laisser grandir&#8230;\u00a0 En attendant, je suis patient, je regarde, j&rsquo;apprends. Mais je suis l\u00e0, avec toi. Bon anniversaire ma fille !\u00a0\u00bb<\/p>\n<p>\n          Hits &amp; People en continu\n        <\/p>\n<p>\n          Public Radio\n        <\/p>\n<p>      Mentionn\u00e9s dans cet article<\/p>\n<p>      Sur le m\u00eame sujet<\/p>\n<p>  <script async src=\"\/\/www.instagram.com\/embed.js\"><\/script><\/p>\n","protected":false},"excerpt":{"rendered":"Nicolas Santoro doit apprendre et vivre en dig\u00e9rant plusieurs nouvelles. Depuis deux ans, il est un p\u00e8re c\u00e9libataire.&hellip;\n","protected":false},"author":2,"featured_media":594249,"comment_status":"","ping_status":"","sticky":false,"template":"","format":"standard","meta":{"footnotes":""},"categories":[1359],"tags":[1193,58,59,652,4980,1011,27,3306,973],"class_list":{"0":"post-594248","1":"post","2":"type-post","3":"status-publish","4":"format-standard","5":"has-post-thumbnail","7":"category-people","8":"tag-couple","9":"tag-divertissement","10":"tag-entertainment","11":"tag-famille","12":"tag-familles-nombreuses-la-vie-en-xxl","13":"tag-fr","14":"tag-france","15":"tag-parents","16":"tag-people"},"share_on_mastodon":{"url":"https:\/\/pubeurope.com\/@fr\/115704811103301468","error":""},"_links":{"self":[{"href":"https:\/\/www.europesays.com\/fr\/wp-json\/wp\/v2\/posts\/594248","targetHints":{"allow":["GET"]}}],"collection":[{"href":"https:\/\/www.europesays.com\/fr\/wp-json\/wp\/v2\/posts"}],"about":[{"href":"https:\/\/www.europesays.com\/fr\/wp-json\/wp\/v2\/types\/post"}],"author":[{"embeddable":true,"href":"https:\/\/www.europesays.com\/fr\/wp-json\/wp\/v2\/users\/2"}],"replies":[{"embeddable":true,"href":"https:\/\/www.europesays.com\/fr\/wp-json\/wp\/v2\/comments?post=594248"}],"version-history":[{"count":0,"href":"https:\/\/www.europesays.com\/fr\/wp-json\/wp\/v2\/posts\/594248\/revisions"}],"wp:featuredmedia":[{"embeddable":true,"href":"https:\/\/www.europesays.com\/fr\/wp-json\/wp\/v2\/media\/594249"}],"wp:attachment":[{"href":"https:\/\/www.europesays.com\/fr\/wp-json\/wp\/v2\/media?parent=594248"}],"wp:term":[{"taxonomy":"category","embeddable":true,"href":"https:\/\/www.europesays.com\/fr\/wp-json\/wp\/v2\/categories?post=594248"},{"taxonomy":"post_tag","embeddable":true,"href":"https:\/\/www.europesays.com\/fr\/wp-json\/wp\/v2\/tags?post=594248"}],"curies":[{"name":"wp","href":"https:\/\/api.w.org\/{rel}","templated":true}]}}