{"id":594250,"date":"2025-12-12T04:55:41","date_gmt":"2025-12-12T04:55:41","guid":{"rendered":"https:\/\/www.europesays.com\/fr\/594250\/"},"modified":"2025-12-12T04:55:41","modified_gmt":"2025-12-12T04:55:41","slug":"martin-bethenod-nomme-a-la-tete-du-centre-national-des-arts-plastiques-liberation","status":"publish","type":"post","link":"https:\/\/www.europesays.com\/fr\/594250\/","title":{"rendered":"Martin Bethenod nomm\u00e9 \u00e0 la t\u00eate du Centre national des arts plastiques \u2013 Lib\u00e9ration"},"content":{"rendered":"<p class=\"sc-cPiKLX AiZTS text-element\">C\u2019est un signal fort de soutien \u00e0 l\u2019institution qu\u2019envoie ce jeudi 11 d\u00e9cembre le minist\u00e8re de la Culture en nommant \u00e0 la t\u00eate du Cnap, le Centre national des arts plastiques, Martin Bethenod. Figure respect\u00e9e du milieu de l\u2019art,<b> <\/b>ex-agent du minist\u00e8re pass\u00e9 du public au priv\u00e9 (ancien d\u00e9l\u00e9gu\u00e9 aux arts plastiques au d\u00e9but des ann\u00e9es 2000, il a pris ensuite la t\u00eate de la Fiac <a href=\"https:\/\/www.liberation.fr\/culture\/2011\/04\/12\/martin-bethenod-second-souffle_728366\/\" target=\"_blank\" rel=\"noopener\">avant de rejoindre la collection Pinault<\/a> jusqu\u2019en 2021), il prendra ses fonctions le 6 janvier.<\/p>\n<p class=\"sc-cPiKLX AiZTS text-element\">Ces derniers mois, une guerre de tranch\u00e9e avait vu s\u2019affronter <a href=\"https:\/\/www.liberation.fr\/culture\/arts\/art-contemporain\/le-centre-des-arts-plastiques-pris-entre-deux-rapports-discordants-sur-son-avenir-qui-veut-la-peau-du-cnap-20250930_BFCYYZQAMZFQRBZKXEKUVDC4XU\/\" target=\"_blank\" rel=\"noopener\" title=\"https:\/\/www.liberation.fr\/culture\/arts\/art-contemporain\/le-centre-des-arts-plastiques-pris-entre-deux-rapports-discordants-sur-son-avenir-qui-veut-la-peau-du-cnap-20250930_BFCYYZQAMZFQRBZKXEKUVDC4XU\/\">deux rapports <\/a>compl\u00e8tement contradictoires sur l\u2019avenir du Cnap. Le premier, port\u00e9 par la Cour des comptes et dont nous r\u00e9v\u00e9lions les biais id\u00e9ologiques dans <a href=\"https:\/\/www.liberation.fr\/culture\/des-biais-evidents-le-rapport-de-la-cour-des-comptes-qui-veut-passer-le-cnap-a-la-trappe-20251121_7VUB72XHSJFTPBVC3E27DDNHZM\/\" target=\"_blank\" rel=\"noopener\" title=\"https:\/\/www.liberation.fr\/culture\/&lt;\/p&gt;&lt;\/div&gt;&lt;\/article&gt;&lt;\/div&gt;&lt;div data-fusion-lazy-id=\" f0f8vgvlad832fw=\"\"><\/p>\n","protected":false},"excerpt":{"rendered":"C\u2019est un signal fort de soutien \u00e0 l\u2019institution qu\u2019envoie ce jeudi 11 d\u00e9cembre le minist\u00e8re de la Culture&hellip;\n","protected":false},"author":2,"featured_media":594251,"comment_status":"","ping_status":"","sticky":false,"template":"","format":"standard","meta":{"footnotes":""},"categories":[1358],"tags":[1348,1384,1385,1386,58,59,1011,27,9231],"class_list":{"0":"post-594250","1":"post","2":"type-post","3":"status-publish","4":"format-standard","5":"has-post-thumbnail","7":"category-arts-et-design","8":"tag-arts","9":"tag-arts-and-design","10":"tag-arts-et-design","11":"tag-design","12":"tag-divertissement","13":"tag-entertainment","14":"tag-fr","15":"tag-france","16":"tag-ministere-de-la-culture"},"share_on_mastodon":{"url":"https:\/\/pubeurope.com\/@fr\/115704818824166617","error":""},"_links":{"self":[{"href":"https:\/\/www.europesays.com\/fr\/wp-json\/wp\/v2\/posts\/594250","targetHints":{"allow":["GET"]}}],"collection":[{"href":"https:\/\/www.europesays.com\/fr\/wp-json\/wp\/v2\/posts"}],"about":[{"href":"https:\/\/www.europesays.com\/fr\/wp-json\/wp\/v2\/types\/post"}],"author":[{"embeddable":true,"href":"https:\/\/www.europesays.com\/fr\/wp-json\/wp\/v2\/users\/2"}],"replies":[{"embeddable":true,"href":"https:\/\/www.europesays.com\/fr\/wp-json\/wp\/v2\/comments?post=594250"}],"version-history":[{"count":0,"href":"https:\/\/www.europesays.com\/fr\/wp-json\/wp\/v2\/posts\/594250\/revisions"}],"wp:featuredmedia":[{"embeddable":true,"href":"https:\/\/www.europesays.com\/fr\/wp-json\/wp\/v2\/media\/594251"}],"wp:attachment":[{"href":"https:\/\/www.europesays.com\/fr\/wp-json\/wp\/v2\/media?parent=594250"}],"wp:term":[{"taxonomy":"category","embeddable":true,"href":"https:\/\/www.europesays.com\/fr\/wp-json\/wp\/v2\/categories?post=594250"},{"taxonomy":"post_tag","embeddable":true,"href":"https:\/\/www.europesays.com\/fr\/wp-json\/wp\/v2\/tags?post=594250"}],"curies":[{"name":"wp","href":"https:\/\/api.w.org\/{rel}","templated":true}]}}