{"id":594258,"date":"2025-12-12T05:05:12","date_gmt":"2025-12-12T05:05:12","guid":{"rendered":"https:\/\/www.europesays.com\/fr\/594258\/"},"modified":"2025-12-12T05:05:12","modified_gmt":"2025-12-12T05:05:12","slug":"il-boit-8-canettes-de-boissons-energisantes-par-jour-le-quinquagenaire-finit-par-faire-un-avc-et-garde-des-sequelles-ladepeche-fr","status":"publish","type":"post","link":"https:\/\/www.europesays.com\/fr\/594258\/","title":{"rendered":"Il boit 8 canettes de boissons \u00e9nergisantes par jour, le quinquag\u00e9naire finit par faire un AVC et garde des s\u00e9quelles &#8211; ladepeche.fr"},"content":{"rendered":"<ol>\n<li><a href=\"https:\/\/news.google.com\/rss\/articles\/CBMi-AFBVV95cUxPZDZXRFBpVEpOWEJNZ3gwdHNnWHNUTUlabVY4UTduTGNvQ1ZkeUduUjVBU24xc25yWTJpWEo5bk8zT3JMUFJjcEJDWnBwczdpZjZOcEROSkIwZmtVbGNTMFhKWkxzN05RSG5QeWtTMHh6Ym96UFBaV2VTZkYyTFdPT3U0YTBMSHNpX25Cd3FCRk5FQmlfSmxTTE9kdUdKWlVRaEZfckI0YmltbjlIOWJlRzdLeEY5cUR3akF5NnJwVGJCb3JjS2Q4SkF6V2Nkc2lJc3R2ZHBsMTU2WmZPX0xsMGRXMGM2VjVScFVRUl8wcm91STJBZ016SA?oc=5\" target=\"_blank\" rel=\"noopener\">Il boit 8 canettes de boissons \u00e9nergisantes par jour, le quinquag\u00e9naire finit par faire un AVC et garde des s\u00e9quelles<\/a>&nbsp;&nbsp;ladepeche.fr<\/li>\n<li><a href=\"https:\/\/news.google.com\/rss\/articles\/CBMi_AFBVV95cUxPcmdzRUhBaS1wZ2c2LXl2eTlOaHNPZGhYTDgyVjJ0LWdOVHQ5d2N5UHQwVFR6ZW5SU2RjcHFYVkdKanBoT3dta1g2MEdsVHphU09vUTF5T0o1ajJXREZuc2VZRTZ3VWQ5NEdJTjNUd3U2X0lLVGQwSzE3cnFKYW4yMktZZ2lSZ0dzU0xHRHpERGRxbVJSTElNa2dKbDVrdUNsLU5kSTN3NHkxeW16WjNlWHc2VWlTZjhjaU9kX2J0OFVMQ0NCVmpqSWJPS3daVGZLWXczdm9TMVlXMHV4Q0V2MmZxTk8wZHE2b3hQZU5qVFJ0dy1CemR3Q2JKUzY?oc=5\" target=\"_blank\" rel=\"noopener\">Un homme en bonne sant\u00e9 a \u00e9t\u00e9 victime d&rsquo;un AVC : les m\u00e9decins confirment que cette boisson est coupable<\/a>&nbsp;&nbsp;Top Sant\u00e9<\/li>\n<li><a href=\"https:\/\/news.google.com\/rss\/articles\/CBMiqwJBVV95cUxOYUZaNFYzVVNtNm44SzBTWXRJcUlNVkFQUTRrNW5UZ0trMHFmcUJzUlRHUEJ3cVJQNTYwejlZcHllak8zZ0x2NG1ZNTZjdXVlOEd2eXV2LUttVXRoSWV2ZVlTNGdnYTlOTlpGUjVhY01pWVRoWFdsMGJUN2hLV1VsdElpaWZ1MTRHU2d2LTlGb1pNUlhKRU0yWkNjUGM3MUJZeko1bTNKb21HdEI2TkF3cmJzR2I3NzBPVVI4UDA4aHp6LVhXRjd5Tm9vTER2LURCZ3N0cXBDcXN3VG5aTmtNVE9VNnJoRUlLT2pxVGlZRU13TVd1RVRuRzhUQkp3M1hPdnN4QWo0VzQySTZHLXNQNVhDckYtUlhvQURfSFp3SG1DUy1oZ2hsRkY1QQ?oc=5\" target=\"_blank\" rel=\"noopener\">Huit canettes par jour et sa tension explose jusqu\u2019\u00e0 l\u2019AVC : les dangers m\u00e9connus de ces boissons<\/a>&nbsp;&nbsp;Doctissimo<\/li>\n<li><a href=\"https:\/\/news.google.com\/rss\/articles\/CBMiogJBVV95cUxNcWtLeWtybjg4R3ppRmNPTjRMWFRCMXJxeUZjaHZNMXhOZmo0ZzUzbDNYQ2ZzLVhYaHg4RV9FQXpRUlUxNzVFSUF5b2l5Q3F6QkRmRlk3NDZ0Zm5hN2N2R2lUUHNzdnpFTXNBRE9hOUdoRWFRNXZoRnBMeWFOVXZoQU11V09nR2x3MHJlOHRBbElVUW5GanVDbmVlM3RQeWpiemM5NHRaQzNCYklzV2hobHN2RFFFQ1J2c0hXMXRoT1JmNkhmRDBxZjhMc09OMUdVaWNiYTZLLVZGWV80Q1poOGVuUmZYUDh3Rk5rd0JhZ2pYUzlIekNfNHlxVlpaYWZtMUxjRUF2Y1g1SjdBMEcxLV84UzRPMzVKSWJMa0tjX0ttQQ?oc=5\" target=\"_blank\" rel=\"noopener\">Huit canettes par jour : comment cet homme en bonne sant\u00e9 a failli mourir \u00e0 cause des boissons \u00e9nergisantes<\/a>&nbsp;&nbsp;Ouest-France<\/li>\n<li><a href=\"https:\/\/news.google.com\/rss\/articles\/CBMi5AFBVV95cUxNTlZyLUk3VEVmNW9hZHVpZHk4ZEtoWWhJYVNjT0dDeGRCMmItSVlOcW91RzdCTThrLXA3WVlBeGtwdklxZ1lGbktCNS0wSVp6ZDJ4U2ZtX2QyUTcyUEFieHZEOWpycVgwWUM0bmZoWTU2aGc0dWZWSGJfeXR5WVc1SGRuTTM2WjNSdVpycUpXekpxZnZWV1lrYmlYXzFYbFVPUEdNMGFmWjI3UjJkNmxjQTMwMWZWN3E3cU5OcTc3ZFJONS1LVjdHSFpJS2lLR00yVGh2STZaazU1cWZYRllkV19VM2c?oc=5\" target=\"_blank\" rel=\"noopener\">Les boissons \u00e9nergisantes \u00abdevraient \u00eatre interdites\u00bb aux adolescents de moins de 16 ans, selon une nutritionniste<\/a>&nbsp;&nbsp;TVA Nouvelles<\/li>\n<\/ol>\n","protected":false},"excerpt":{"rendered":"Il boit 8 canettes de boissons \u00e9nergisantes par jour, le quinquag\u00e9naire finit par faire un AVC et garde&hellip;\n","protected":false},"author":2,"featured_media":395849,"comment_status":"","ping_status":"","sticky":false,"template":"","format":"standard","meta":{"footnotes":""},"categories":[10],"tags":[1011,27,72,71],"class_list":{"0":"post-594258","1":"post","2":"type-post","3":"status-publish","4":"format-standard","5":"has-post-thumbnail","7":"category-sante","8":"tag-fr","9":"tag-france","10":"tag-health","11":"tag-sante"},"share_on_mastodon":{"url":"https:\/\/pubeurope.com\/@fr\/115704858113831839","error":""},"_links":{"self":[{"href":"https:\/\/www.europesays.com\/fr\/wp-json\/wp\/v2\/posts\/594258","targetHints":{"allow":["GET"]}}],"collection":[{"href":"https:\/\/www.europesays.com\/fr\/wp-json\/wp\/v2\/posts"}],"about":[{"href":"https:\/\/www.europesays.com\/fr\/wp-json\/wp\/v2\/types\/post"}],"author":[{"embeddable":true,"href":"https:\/\/www.europesays.com\/fr\/wp-json\/wp\/v2\/users\/2"}],"replies":[{"embeddable":true,"href":"https:\/\/www.europesays.com\/fr\/wp-json\/wp\/v2\/comments?post=594258"}],"version-history":[{"count":0,"href":"https:\/\/www.europesays.com\/fr\/wp-json\/wp\/v2\/posts\/594258\/revisions"}],"wp:featuredmedia":[{"embeddable":true,"href":"https:\/\/www.europesays.com\/fr\/wp-json\/wp\/v2\/media\/395849"}],"wp:attachment":[{"href":"https:\/\/www.europesays.com\/fr\/wp-json\/wp\/v2\/media?parent=594258"}],"wp:term":[{"taxonomy":"category","embeddable":true,"href":"https:\/\/www.europesays.com\/fr\/wp-json\/wp\/v2\/categories?post=594258"},{"taxonomy":"post_tag","embeddable":true,"href":"https:\/\/www.europesays.com\/fr\/wp-json\/wp\/v2\/tags?post=594258"}],"curies":[{"name":"wp","href":"https:\/\/api.w.org\/{rel}","templated":true}]}}