{"id":594266,"date":"2025-12-12T05:10:17","date_gmt":"2025-12-12T05:10:17","guid":{"rendered":"https:\/\/www.europesays.com\/fr\/594266\/"},"modified":"2025-12-12T05:10:17","modified_gmt":"2025-12-12T05:10:17","slug":"des-inondations-aux-etats-unis-et-au-canada-conduisent-des-milliers-dhabitants-a-evacuer","status":"publish","type":"post","link":"https:\/\/www.europesays.com\/fr\/594266\/","title":{"rendered":"Des inondations aux Etats-Unis et au Canada conduisent des milliers d\u2019habitants \u00e0 \u00e9vacuer"},"content":{"rendered":"<p>                      <img loading=\"lazy\" decoding=\"async\" src=\"https:\/\/www.europesays.com\/fr\/wp-content\/uploads\/2025\/12\/2eddfba_ftp-1-bfkahbxkzx1b-2025-12-11t205819z-342226891-rc2jeiaq2x4o-rtrmadp-3-north-america-weather.jpeg\" alt=\"Des zones inond\u00e9es dans la ville de Sumas, dans l\u2019Etat de Washington, \u00e0 la fronti\u00e8re des Etats-Unis avec le Canada, le 11\u00a0d\u00e9cembre\u00a02025.\"   width=\"664\" height=\"443\"\/>    Des zones inond\u00e9es dans la ville de Sumas, dans l\u2019Etat de Washington, \u00e0 la fronti\u00e8re des Etats-Unis avec le Canada, le 11\u00a0d\u00e9cembre\u00a02025.  JESSE WINTER\/REUTERS                        <\/p>\n<p class=\"article__paragraph  \">Des dizaines de milliers de personnes se trouvaient, jeudi 11\u00a0d\u00e9cembre, sous le coup d\u2019un ordre d\u2019\u00e9vacuation dans l\u2019ouest des Etats-Unis et du Canada, apr\u00e8s plusieurs jours de fortes pluies qui ont fait d\u00e9border les cours d\u2019eau.<\/p>\n<p class=\"article__paragraph  \">Des temp\u00eates ont notamment frapp\u00e9 les Etats am\u00e9ricains de Washington et de l\u2019Oregon, o\u00f9 une \u00ab\u00a0rivi\u00e8re atmosph\u00e9rique\u00a0\u00bb a d\u00e9vers\u00e9 jusqu\u2019\u00e0 plus de 250\u00a0millim\u00e8tres de pr\u00e9cipitations par endroits, selon les services m\u00e9t\u00e9orologiques du pays (NWS).<\/p>\n<p class=\"article__paragraph  \">Les habitants de zones situ\u00e9es au sud de Seattle, dans l\u2019Etat de Washington, ont re\u00e7u l\u2019ordre d\u2019\u00e9vacuer leurs maisons, alors que des images a\u00e9riennes montraient des terres agricoles inond\u00e9es. Au nord de la ville, les localit\u00e9s de Snohomish et de Sumas \u00e9taient \u00e9galement sous l\u2019eau.<\/p>\n<p class=\"article__paragraph  \">Des dizaines de membres de la garde nationale de l\u2019Etat de Washington, un corps de r\u00e9serve de l\u2019arm\u00e9e, ont \u00e9t\u00e9 mobilis\u00e9s pour pr\u00eater main-forte aux secours, et 200 autres \u00e9taient en route, a annonc\u00e9 l\u2019arm\u00e9e.<\/p>\n<p>                                     Lire aussi |  Article r\u00e9serv\u00e9 \u00e0 nos abonn\u00e9s  <a href=\"https:\/\/www.lemonde.fr\/planete\/article\/2025\/12\/10\/pour-l-agence-de-protection-de-l-environnement-americaine-le-changement-climatique-est-du-au-changement-d-orbite-de-la-terre-et-aux-volcans_6656794_3244.html\" class=\"js-article-read-also catcher--favoris__link\" data-premium=\"1\" id=\"article-title-3450448\" target=\"_blank\" rel=\"noopener\">Pour l\u2019Agence de protection de l\u2019environnement am\u00e9ricaine, le changement climatique est d\u00fb au changement d\u2019orbite de la Terre et aux volcans<\/a>    <\/p>\n<p>   Lire plus tard  <\/p>\n<p>                        Des pr\u00e9cipitations en diminution                  <\/p>\n<p class=\"article__paragraph  \">De l\u2019autre c\u00f4t\u00e9 de la fronti\u00e8re, au Canada, de larges zones de la ville d\u2019Abbotsford ont \u00e9t\u00e9 submerg\u00e9es, mena\u00e7ant des centaines de propri\u00e9t\u00e9s. Plusieurs routes menant vers Vancouver, la plus grande ville de l\u2019Etat de Colombie-Britannique, ont par ailleurs \u00e9t\u00e9 ferm\u00e9es, selon les autorit\u00e9s.<\/p>\n<p class=\"article__paragraph  \">Les pr\u00e9cipitations ont diminu\u00e9 jeudi, mais les inondations \u00ab\u00a0devraient continuer pendant plusieurs jours dans certaines parties de l\u2019ouest de l\u2019Etat de Washington et du nord-ouest de l\u2019Oregon\u00a0\u00bb, a pr\u00e9venu le NWS.<\/p>\n<p class=\"article__paragraph  \">Selon les experts, le changement climatique engendre des \u00e9pisodes de pluie plus intenses, car une atmosph\u00e8re plus chaude contient davantage d\u2019humidit\u00e9, et des temp\u00e9ratures plus \u00e9lev\u00e9es dans les oc\u00e9ans peuvent amplifier les temp\u00eates.<\/p>\n<p>                                     Lire aussi |  Article r\u00e9serv\u00e9 \u00e0 nos abonn\u00e9s  <a href=\"https:\/\/www.lemonde.fr\/planete\/article\/2025\/10\/29\/le-cout-humain-et-sanitaire-toujours-plus-lourd-du-rechauffement-climatique_6650110_3244.html\" class=\"js-article-read-also catcher--favoris__link\" data-premium=\"1\" id=\"article-title-3443744\" target=\"_blank\" rel=\"noopener\">Le co\u00fbt humain et sanitaire toujours plus lourd du r\u00e9chauffement climatique<\/a>    <\/p>\n<p>   Lire plus tard  <\/p>\n<p class=\"author__detail\">  Le Monde avec AFP  <\/p>\n<p>                <a href=\"https:\/\/www.lemonde.fr\/syndication\/\" class=\"reuse__content\" title=\"R\u00e9utiliser ce contenu\" target=\"_blank\" rel=\"noopener\">R\u00e9utiliser ce contenu<\/a>      <\/p>\n","protected":false},"excerpt":{"rendered":"Des zones inond\u00e9es dans la ville de Sumas, dans l\u2019Etat de Washington, \u00e0 la fronti\u00e8re des Etats-Unis avec&hellip;\n","protected":false},"author":2,"featured_media":594267,"comment_status":"","ping_status":"","sticky":false,"template":"","format":"standard","meta":{"footnotes":""},"categories":[5],"tags":[11,1011,27,14,12,28],"class_list":{"0":"post-594266","1":"post","2":"type-post","3":"status-publish","4":"format-standard","5":"has-post-thumbnail","7":"category-international","8":"tag-actualites","9":"tag-fr","10":"tag-france","11":"tag-international","12":"tag-news","13":"tag-world"},"share_on_mastodon":{"url":"https:\/\/pubeurope.com\/@fr\/115704878859078431","error":""},"_links":{"self":[{"href":"https:\/\/www.europesays.com\/fr\/wp-json\/wp\/v2\/posts\/594266","targetHints":{"allow":["GET"]}}],"collection":[{"href":"https:\/\/www.europesays.com\/fr\/wp-json\/wp\/v2\/posts"}],"about":[{"href":"https:\/\/www.europesays.com\/fr\/wp-json\/wp\/v2\/types\/post"}],"author":[{"embeddable":true,"href":"https:\/\/www.europesays.com\/fr\/wp-json\/wp\/v2\/users\/2"}],"replies":[{"embeddable":true,"href":"https:\/\/www.europesays.com\/fr\/wp-json\/wp\/v2\/comments?post=594266"}],"version-history":[{"count":0,"href":"https:\/\/www.europesays.com\/fr\/wp-json\/wp\/v2\/posts\/594266\/revisions"}],"wp:featuredmedia":[{"embeddable":true,"href":"https:\/\/www.europesays.com\/fr\/wp-json\/wp\/v2\/media\/594267"}],"wp:attachment":[{"href":"https:\/\/www.europesays.com\/fr\/wp-json\/wp\/v2\/media?parent=594266"}],"wp:term":[{"taxonomy":"category","embeddable":true,"href":"https:\/\/www.europesays.com\/fr\/wp-json\/wp\/v2\/categories?post=594266"},{"taxonomy":"post_tag","embeddable":true,"href":"https:\/\/www.europesays.com\/fr\/wp-json\/wp\/v2\/tags?post=594266"}],"curies":[{"name":"wp","href":"https:\/\/api.w.org\/{rel}","templated":true}]}}