{"id":594268,"date":"2025-12-12T05:11:19","date_gmt":"2025-12-12T05:11:19","guid":{"rendered":"https:\/\/www.europesays.com\/fr\/594268\/"},"modified":"2025-12-12T05:11:19","modified_gmt":"2025-12-12T05:11:19","slug":"les-analyses-identifient-un-norovirus","status":"publish","type":"post","link":"https:\/\/www.europesays.com\/fr\/594268\/","title":{"rendered":"les analyses identifient un norovirus"},"content":{"rendered":"<p>\n    Saisie du dossier, l\u2019Autorit\u00e9 R\u00e9gionale de Sant\u00e9 d\u2019Occitanie a men\u00e9 une enqu\u00eate \u00e9pid\u00e9miologique aupr\u00e8s de 414 personnes. \u00abL\u2019analyse microbiologique des selles de personnes malades a permis d\u2019identifier un norovirus\u00bb, indique-t-elle.<\/p>\n<p class=\"fig-paragraph\">Au Soler (Pyr\u00e9n\u00e9es-Orientales), le coll\u00e8ge Jules Verne n\u2019est pas pr\u00eat d\u2019oublier les m\u00e9saventures de plus de 400 de ses \u00e9l\u00e8ves, frapp\u00e9s de\u00a0<a href=\"http:\/\/www.lefigaro.fr\/actualite-france\/pyrenees-orientales-jusqu-a-400-enfants-touches-par-une-mysterieuse-vague-de-vomissements-dans-un-college-20251208\" data-fig-type=\"Article\" data-gtm-custom-categorie=\"navigation\" data-gtm-custom-action=\"crossclick\" data-gtm-custom-label=\"Contextuel\" data-gtm-event=\"customEventSPE\" data-fig-domain=\"LEFIGARO\" target=\"_blank\" rel=\"noopener\">vomissements et de maux de t\u00eate<\/a>\u00a0vendredi dernier. D\u2019apr\u00e8s l\u2019enqu\u00eate de l\u2019Autorit\u00e9 R\u00e9gionale de Sant\u00e9 (ARS) d\u2019Occitanie publi\u00e9e ce jeudi soir, les cas constat\u00e9s sont probablement dus \u00e0 une infection au norovirus, principale cause des gastro-ent\u00e9rites aigu\u00ebs en France.<\/p>\n<p class=\"fig-paragraph\">Vendredi 5 d\u00e9cembre, \u00abdix \u00e9l\u00e8ves du coll\u00e8ge Jules-Verne ont \u00e9t\u00e9 malades. Ils ont commenc\u00e9 \u00e0 avoir des vomissements, des maux de t\u00eate, des maux de ventre et on a commenc\u00e9 un peu \u00e0 s\u2019inqui\u00e9ter\u00bb, avait racont\u00e9 la maire Armelle Revel-Fourcade \u00e0 l\u2019Agence France Presse (AFP), pr\u00e9cisant que ces dix cas avaient \u00e9t\u00e9 signal\u00e9s \u00e0 l\u2019Agence r\u00e9gionale de sant\u00e9 (ARS). La contamination s\u2019\u00e9tait ensuite tr\u00e8s rapidement r\u00e9pandue, allant m\u00eame jusqu\u2019\u00e0 contaminer des dizaines de parents d\u2019\u00e9l\u00e8ves.<\/p>\n<p>                                            <a class=\"fig-a11y-skip\" href=\"#fig-a11y-skip-main-inarticle\" data-module=\"a11y-skip\" data-context=\"was @visible\"><br \/>\n    Passer la publicit\u00e9<br \/>\n<\/a>            <\/p>\n<p>                                            Vigilance renforc\u00e9e<\/p>\n<p class=\"fig-paragraph\">Saisie du dossier, l\u2019ARS d\u2019Occitanie a men\u00e9 une enqu\u00eate \u00e9pid\u00e9miologique aupr\u00e8s de 414 personnes. \u00abL\u2019analyse microbiologique des selles de personnes malades a permis d\u2019identifier un norovirus\u00bb, a indiqu\u00e9 l\u2019ARS, \u00e9cartant d\u00e9finitivement l\u2019hypoth\u00e8se d\u2019une contamination du r\u00e9seau d\u2019eau ou des plats servis au r\u00e9fectoire. Lesdits virus se transmettent par les selles ou les mati\u00e8res vomies d\u2019une personne malade. Lors des vomissements, de fines gouttelettes projet\u00e9es dans l\u2019air peuvent contaminer les surfaces environnantes.<\/p>\n<p class=\"fig-paragraph\">En cons\u00e9quence, l\u2019autorit\u00e9 appelle \u00abtous les \u00e9l\u00e8ves et leurs proches, au sein de la communaut\u00e9 \u00e9ducative comme \u00e0 la maison, \u00e0 poursuivre une vigilance renforc\u00e9e dans l\u2019application des gestes barri\u00e8res (comme le lavage r\u00e9gulier des mains et des surfaces souill\u00e9es).\u00bb Quant \u00e0 l\u2019\u00e9tat de sant\u00e9 des \u00e9l\u00e8ves touch\u00e9s, l\u2019Autorit\u00e9, s\u2019est aussi voulue rassurante\u00a0: \u00abaucun cas grave n\u2019a \u00e9t\u00e9 constat\u00e9\u00bb, \u00abplus aucun enfant n\u2019est hospitalis\u00e9\u00bb. Elle pr\u00e9cise aussi que \u00abplus de 120 \u00e9l\u00e8ves avaient repris les cours d\u00e8s ce milieu de semaine\u00bb.<\/p>\n","protected":false},"excerpt":{"rendered":"Saisie du dossier, l\u2019Autorit\u00e9 R\u00e9gionale de Sant\u00e9 d\u2019Occitanie a men\u00e9 une enqu\u00eate \u00e9pid\u00e9miologique aupr\u00e8s de 414 personnes. \u00abL\u2019analyse&hellip;\n","protected":false},"author":2,"featured_media":594269,"comment_status":"","ping_status":"","sticky":false,"template":"","format":"standard","meta":{"footnotes":""},"categories":[4],"tags":[11,1122,1011,27,12,11548,25,71,5336],"class_list":{"0":"post-594268","1":"post","2":"type-post","3":"status-publish","4":"format-standard","5":"has-post-thumbnail","7":"category-france","8":"tag-actualites","9":"tag-ecole","10":"tag-fr","11":"tag-france","12":"tag-news","13":"tag-pyrenees-orientales","14":"tag-republique-francaise","15":"tag-sante","16":"tag-virus"},"share_on_mastodon":{"url":"https:\/\/pubeurope.com\/@fr\/115704882009785309","error":""},"_links":{"self":[{"href":"https:\/\/www.europesays.com\/fr\/wp-json\/wp\/v2\/posts\/594268","targetHints":{"allow":["GET"]}}],"collection":[{"href":"https:\/\/www.europesays.com\/fr\/wp-json\/wp\/v2\/posts"}],"about":[{"href":"https:\/\/www.europesays.com\/fr\/wp-json\/wp\/v2\/types\/post"}],"author":[{"embeddable":true,"href":"https:\/\/www.europesays.com\/fr\/wp-json\/wp\/v2\/users\/2"}],"replies":[{"embeddable":true,"href":"https:\/\/www.europesays.com\/fr\/wp-json\/wp\/v2\/comments?post=594268"}],"version-history":[{"count":0,"href":"https:\/\/www.europesays.com\/fr\/wp-json\/wp\/v2\/posts\/594268\/revisions"}],"wp:featuredmedia":[{"embeddable":true,"href":"https:\/\/www.europesays.com\/fr\/wp-json\/wp\/v2\/media\/594269"}],"wp:attachment":[{"href":"https:\/\/www.europesays.com\/fr\/wp-json\/wp\/v2\/media?parent=594268"}],"wp:term":[{"taxonomy":"category","embeddable":true,"href":"https:\/\/www.europesays.com\/fr\/wp-json\/wp\/v2\/categories?post=594268"},{"taxonomy":"post_tag","embeddable":true,"href":"https:\/\/www.europesays.com\/fr\/wp-json\/wp\/v2\/tags?post=594268"}],"curies":[{"name":"wp","href":"https:\/\/api.w.org\/{rel}","templated":true}]}}