{"id":594272,"date":"2025-12-12T05:13:14","date_gmt":"2025-12-12T05:13:14","guid":{"rendered":"https:\/\/www.europesays.com\/fr\/594272\/"},"modified":"2025-12-12T05:13:14","modified_gmt":"2025-12-12T05:13:14","slug":"le-festival-les-oreilles-en-pointe-doit-se-renouveler","status":"publish","type":"post","link":"https:\/\/www.europesays.com\/fr\/594272\/","title":{"rendered":"le festival Les Oreilles en pointe doit se renouveler"},"content":{"rendered":"<blockquote class=\"question\"><p>Quel bilan faites-vous de la 34 e \u00e9dition\u00a0?<\/p><\/blockquote>\n<p>\u00ab\u00a0Le bilan moral est tr\u00e8s bon avec une excellente fr\u00e9quentation, la m\u00eame que les autres ann\u00e9es. On d\u00e9passe les 2\u00a0500 spectateurs avec les concerts en entreprise (chez Seeb Automation et Bonnavion secure system) et dans les m\u00e9diath\u00e8ques. Hormis la Gorge et le Firmament, il s\u2019agit de petites salles de 150 \u00e0 300 places. Le taux de remplissage est vraiment convenable. Nous avons eu des \u00e9quipes de techniciens ou d\u2019artistes tr\u00e8s sympas et une \u00e9quipe de b\u00e9n\u00e9voles hyper efficaces. C\u2019est tr\u00e8s agr\u00e9able de voir les comp\u00e9tences prises par les \u00e9quipes. Nos stages et masterclass ont eu un gros succ\u00e8s. On pourrait proposer davantage d\u2019\u00e9v\u00e9nements de ce type l\u2019an prochain.\u00a0\u00bb<\/p>\n<blockquote class=\"question\"><p>Quel est le bilan financier\u00a0?<\/p><\/blockquote>\n<p>\u00ab\u00a0Le festival va devoir piocher dans ses petites r\u00e9serves parce qu\u2019on n\u2019arrive pas pour la premi\u00e8re ann\u00e9e depuis longtemps \u00e0 \u00e9quilibrer le budget. Il y a des menaces dessus. \u00c7a reste assez peu important. On est en dessous de 7\u00a0% de d\u00e9ficit (du budget global,&#8230;<\/p>\n","protected":false},"excerpt":{"rendered":"Quel bilan faites-vous de la 34 e \u00e9dition\u00a0? \u00ab\u00a0Le bilan moral est tr\u00e8s bon avec une excellente fr\u00e9quentation,&hellip;\n","protected":false},"author":2,"featured_media":594273,"comment_status":"","ping_status":"","sticky":false,"template":"","format":"standard","meta":{"footnotes":""},"categories":[9653],"tags":[1111,11,2430,1687,7539,1777,674,10282,10283,1011,27,873,12,25,4001,3140],"class_list":{"0":"post-594272","1":"post","2":"type-post","3":"status-publish","4":"format-standard","5":"has-post-thumbnail","7":"category-saint-etienne","8":"tag-actu","9":"tag-actualites","10":"tag-auvergne-rhone-alpes","11":"tag-culture-loisirs","12":"tag-edition-loire-sud","13":"tag-eu","14":"tag-europe","15":"tag-firminy","16":"tag-firminy-ville","17":"tag-fr","18":"tag-france","19":"tag-musique","20":"tag-news","21":"tag-republique-francaise","22":"tag-saint-etienne","23":"tag-spectacle"},"share_on_mastodon":{"url":"https:\/\/pubeurope.com\/@fr\/115704889789794882","error":""},"_links":{"self":[{"href":"https:\/\/www.europesays.com\/fr\/wp-json\/wp\/v2\/posts\/594272","targetHints":{"allow":["GET"]}}],"collection":[{"href":"https:\/\/www.europesays.com\/fr\/wp-json\/wp\/v2\/posts"}],"about":[{"href":"https:\/\/www.europesays.com\/fr\/wp-json\/wp\/v2\/types\/post"}],"author":[{"embeddable":true,"href":"https:\/\/www.europesays.com\/fr\/wp-json\/wp\/v2\/users\/2"}],"replies":[{"embeddable":true,"href":"https:\/\/www.europesays.com\/fr\/wp-json\/wp\/v2\/comments?post=594272"}],"version-history":[{"count":0,"href":"https:\/\/www.europesays.com\/fr\/wp-json\/wp\/v2\/posts\/594272\/revisions"}],"wp:featuredmedia":[{"embeddable":true,"href":"https:\/\/www.europesays.com\/fr\/wp-json\/wp\/v2\/media\/594273"}],"wp:attachment":[{"href":"https:\/\/www.europesays.com\/fr\/wp-json\/wp\/v2\/media?parent=594272"}],"wp:term":[{"taxonomy":"category","embeddable":true,"href":"https:\/\/www.europesays.com\/fr\/wp-json\/wp\/v2\/categories?post=594272"},{"taxonomy":"post_tag","embeddable":true,"href":"https:\/\/www.europesays.com\/fr\/wp-json\/wp\/v2\/tags?post=594272"}],"curies":[{"name":"wp","href":"https:\/\/api.w.org\/{rel}","templated":true}]}}